{"id":43446,"date":"2022-04-13T00:00:00","date_gmt":"2022-04-12T23:00:00","guid":{"rendered":"https:\/\/imagazine.it\/?p=43446"},"modified":"2022-04-13T00:00:00","modified_gmt":"2022-04-12T23:00:00","slug":"ginnastica-a-trieste-brilla-una-nuova-stella","status":"publish","type":"post","link":"https:\/\/imagazine.it\/home_desk\/ginnastica-a-trieste-brilla-una-nuova-stella\/","title":{"rendered":"Ginnastica, a Trieste brilla una nuova stella"},"content":{"rendered":"<p> \tPrima esperienza internazionale per la ginnasta <strong>Benedetta Gava<\/strong>, dell\u2019<strong>Artistica<\/strong> <strong>\u201981-Trieste<\/strong>, che nei giorni scorsi si \u00e8 classificata quarta al volteggio al Trofeo Citt\u00e0 di Jesolo, un evento che ha visto gareggiare ginnaste provenienti da Italia, Stati Uniti, Belgio, Canada, Francia, Romania e Germania.<\/p>\n<p> \tL\u2019atleta, allenata dai tecnici triestini <strong>Diego Pecar<\/strong> e <strong>Teresa Macr\u00ec<\/strong>, ha dimostrato grinta e grande concentrazione, nonostante l\u2019emozione di un debutto importante, il primo nella sua giovane carriera.<\/p>\n<p> \tBenedetta, che compir\u00e0 13 anni a maggio, fino allo scorso dicembre infatti rientrava nella categoria Allieve. Come Junior, nel primo anno, non pu\u00f2 ancora partecipare a Europei o Eyof, ma sta gi\u00e0 dimostrando grandi doti, qualit\u00e0 che ha sfoderato anche nell\u2019ultima gara di serie A1, affrontata con l\u2019Artistica \u201981, che l\u2019ha vista prima assoluta al volteggio.\u00a0<\/p>\n<p> \t\u00abPur gareggiando con il nome della societ\u00e0, di fatto a Jesolo \u00e8 stata la sua prima uscita come atleta in rappresentanza dell\u2019Italia, con un ottimo risultato &#8211; sottolinea Pecar &#8211; la sua bravura era gi\u00e0 stata notata dal tecnico della nazionale italiana Enrico Casella, che ha voluto coinvolgerla in questa competizione, un primo test internazionale dove ha confermato le sue capacit\u00e0 proprio al volteggio dove ha presentato un salto (Yurchenko con doppio avvitamento) di assoluto valore internazionale. Tra i prossimi obiettivi c\u2019\u00e8 la conclusione della serie A e poi il perfezionamento dell\u2019esercizio alle parallele, per completare la rosa di tutti gli attrezzi, dove gi\u00e0 gareggia a un livello molto buono. Conclusa la trasferta di Jesolo, Benedetta \u00e8 tornata in palestra con grande entusiasmo, e con con una maggiore consapevolezza delle sue possibilit\u00e0. Nelle gare \u00e8 stata sostenuta dal tifo delle sue compagne di squadra dell\u2019Artistica\u201981, da quelle della Ginnastica Moderna di Sacile da cui proviene e anche dalle compagne della nazionale dove \u00e8 stata accolta con considerazione, anche dalle Senior ormai affermate\u201d.<\/p>\n<p> \t\u00a0<\/p>\n","protected":false},"excerpt":{"rendered":"<p>Novit\u00e0 in casa Artistica &#8217;81<\/p>\n","protected":false},"author":28,"featured_media":43447,"comment_status":"closed","ping_status":"closed","sticky":false,"template":"","format":"standard","meta":{"dwc-title":[],"dwc-content":[],"footnotes":""},"categories":[38],"tags":[],"class_list":["post-43446","post","type-post","status-publish","format-standard","has-post-thumbnail","hentry","category-sport"],"rttpg_featured_image_url":{"full":["https:\/\/imagazine.it\/wp-content\/uploads\/2024\/01\/47124-1.webp",1000,722,false],"landscape":["https:\/\/imagazine.it\/wp-content\/uploads\/2024\/01\/47124-1.webp",1000,722,false],"portraits":["https:\/\/imagazine.it\/wp-content\/uploads\/2024\/01\/47124-1.webp",1000,722,false],"thumbnail":["https:\/\/imagazine.it\/wp-content\/uploads\/2024\/01\/47124-1-150x150.webp",150,150,true],"medium":["https:\/\/imagazine.it\/wp-content\/uploads\/2024\/01\/47124-1-300x217.webp",300,217,true],"large":["https:\/\/imagazine.it\/wp-content\/uploads\/2024\/01\/47124-1.webp",640,462,false],"thumblist":["https:\/\/imagazine.it\/wp-content\/uploads\/2024\/01\/47124-1.webp",300,217,false],"thumbrelated":["https:\/\/imagazine.it\/wp-content\/uploads\/2024\/01\/47124-1.webp",500,361,false],"meccarouselthumb":["https:\/\/imagazine.it\/wp-content\/uploads\/2024\/01\/47124-1.webp",449,324,false],"gridsquare":["https:\/\/imagazine.it\/wp-content\/uploads\/2024\/01\/47124-1.webp",360,260,false],"tileview":["https:\/\/imagazine.it\/wp-content\/uploads\/2024\/01\/47124-1.webp",300,217,false],"1536x1536":["https:\/\/imagazine.it\/wp-content\/uploads\/2024\/01\/47124-1.webp",1000,722,false],"2048x2048":["https:\/\/imagazine.it\/wp-content\/uploads\/2024\/01\/47124-1.webp",1000,722,false],"newsup-slider-full":["https:\/\/imagazine.it\/wp-content\/uploads\/2024\/01\/47124-1-1000x720.webp",1000,720,true],"newsup-featured":["https:\/\/imagazine.it\/wp-content\/uploads\/2024\/01\/47124-1.webp",1000,722,false],"newsup-medium":["https:\/\/imagazine.it\/wp-content\/uploads\/2024\/01\/47124-1-720x380.webp",720,380,true],"tptn_thumbnail":["https:\/\/imagazine.it\/wp-content\/uploads\/2024\/01\/47124-1.webp",250,181,false],"sow-carousel-default":["https:\/\/imagazine.it\/wp-content\/uploads\/2024\/01\/47124-1-272x182.webp",272,182,true]},"rttpg_author":{"display_name":"redazione","author_link":"https:\/\/imagazine.it\/home_desk\/author\/redazione\/"},"rttpg_comment":0,"rttpg_category":"<a href=\"https:\/\/imagazine.it\/home_desk\/category\/sport\/\" rel=\"category tag\">SPORT<\/a>","rttpg_excerpt":"Novit\u00e0 in casa Artistica '81","_links":{"self":[{"href":"https:\/\/imagazine.it\/home_desk\/wp-json\/wp\/v2\/posts\/43446","targetHints":{"allow":["GET"]}}],"collection":[{"href":"https:\/\/imagazine.it\/home_desk\/wp-json\/wp\/v2\/posts"}],"about":[{"href":"https:\/\/imagazine.it\/home_desk\/wp-json\/wp\/v2\/types\/post"}],"author":[{"embeddable":true,"href":"https:\/\/imagazine.it\/home_desk\/wp-json\/wp\/v2\/users\/28"}],"replies":[{"embeddable":true,"href":"https:\/\/imagazine.it\/home_desk\/wp-json\/wp\/v2\/comments?post=43446"}],"version-history":[{"count":0,"href":"https:\/\/imagazine.it\/home_desk\/wp-json\/wp\/v2\/posts\/43446\/revisions"}],"wp:featuredmedia":[{"embeddable":true,"href":"https:\/\/imagazine.it\/home_desk\/wp-json\/wp\/v2\/media\/43447"}],"wp:attachment":[{"href":"https:\/\/imagazine.it\/home_desk\/wp-json\/wp\/v2\/media?parent=43446"}],"wp:term":[{"taxonomy":"category","embeddable":true,"href":"https:\/\/imagazine.it\/home_desk\/wp-json\/wp\/v2\/categories?post=43446"},{"taxonomy":"post_tag","embeddable":true,"href":"https:\/\/imagazine.it\/home_desk\/wp-json\/wp\/v2\/tags?post=43446"}],"curies":[{"name":"wp","href":"https:\/\/api.w.org\/{rel}","templated":true}]}}