{"id":43444,"date":"2022-04-13T00:00:00","date_gmt":"2022-04-12T23:00:00","guid":{"rendered":"https:\/\/imagazine.it\/?p=43444"},"modified":"2022-04-13T00:00:00","modified_gmt":"2022-04-12T23:00:00","slug":"cervignano-lassociazione-micologica-rilancia-e-punta-sui-giovani","status":"publish","type":"post","link":"https:\/\/imagazine.it\/home_desk\/cervignano-lassociazione-micologica-rilancia-e-punta-sui-giovani\/","title":{"rendered":"Cervignano, l&#8217;Associazione Micologica rilancia e punta sui giovani"},"content":{"rendered":"<p> \tL&#39;<strong>Associazione Micologica Bassa Friulana<\/strong> ha tenuto l\u2019annuale assemblea per rendicontare il 2021 ma soprattutto per organizzare quest\u2019anno che dovrebbe essere quello della rinascita.<\/p>\n<p> \tLa prima decisione presa \u00e8 stata l\u2019ampliamento dell\u2019organo direttivo diretto da <strong>Giuliano Ferisin<\/strong>, con l\u2019ingresso di due nuovi e giovani componenti: <strong>Claudio Cometa<\/strong> e <strong>Michele D\u2019Agostinis<\/strong>.<\/p>\n<p> \t\u00c8 stato inoltre deciso che l\u2019associazione diventi una A.P.S. (associazione di promozione sociale), con conseguente cambiamento di statuto. Rester\u00e0 invece invariata la quota sociale di 10 euro a persona.<\/p>\n<p> \tPer il 2022 si continuer\u00e0 ogni luned\u00ec nella sede di via Zorutti 6 a <strong>Cervignano del Friuli <\/strong>con le riunioni settimanali, nelle quali si parler\u00e0 non solo di funghi ma anche di fiori e di erbe, per preparare al meglio gli iscritti consentendo loro di andare sui campi e negli argini dei fiumi con la consapevolezza di fare le cose giuste e sicure. Previste due uscite al mese fino a ottobre, in particolare nella zona collinare e in Carnia.<\/p>\n<p> \tTra settembre e novembre saranno organizzate mostre micologiche a Grado, a Terzo di Aquileia e Cervignano, nell\u2019ambito della Fiera di San Martino.<\/p>\n<p> \tAlla fine del periodo estivo inizier\u00e0 il corso propedeutico per conseguire il patentino regionale per la raccolta dei funghi che quest\u2019anno ha avuto notevole riscontro.<\/p>\n<p> \tA breve, infine, inizier\u00e0 un corso sulle erbe eduli spontanee e sar\u00e0 sancito il gemellaggio con il gruppo micologico di Corm\u00f2ns.<\/p>\n<p> \t\u00a0<\/p>\n","protected":false},"excerpt":{"rendered":"<p>Ampliato il direttivo<\/p>\n","protected":false},"author":22,"featured_media":43445,"comment_status":"closed","ping_status":"closed","sticky":false,"template":"","format":"standard","meta":{"dwc-title":[],"dwc-content":[],"footnotes":""},"categories":[5],"tags":[],"class_list":["post-43444","post","type-post","status-publish","format-standard","has-post-thumbnail","hentry","category-attualita"],"rttpg_featured_image_url":{"full":["https:\/\/imagazine.it\/wp-content\/uploads\/2024\/01\/47122-1.webp",950,581,false],"landscape":["https:\/\/imagazine.it\/wp-content\/uploads\/2024\/01\/47122-1.webp",950,581,false],"portraits":["https:\/\/imagazine.it\/wp-content\/uploads\/2024\/01\/47122-1.webp",950,581,false],"thumbnail":["https:\/\/imagazine.it\/wp-content\/uploads\/2024\/01\/47122-1-150x150.webp",150,150,true],"medium":["https:\/\/imagazine.it\/wp-content\/uploads\/2024\/01\/47122-1-300x183.webp",300,183,true],"large":["https:\/\/imagazine.it\/wp-content\/uploads\/2024\/01\/47122-1.webp",640,391,false],"thumblist":["https:\/\/imagazine.it\/wp-content\/uploads\/2024\/01\/47122-1.webp",300,183,false],"thumbrelated":["https:\/\/imagazine.it\/wp-content\/uploads\/2024\/01\/47122-1.webp",500,306,false],"meccarouselthumb":["https:\/\/imagazine.it\/wp-content\/uploads\/2024\/01\/47122-1.webp",474,290,false],"gridsquare":["https:\/\/imagazine.it\/wp-content\/uploads\/2024\/01\/47122-1.webp",391,239,false],"tileview":["https:\/\/imagazine.it\/wp-content\/uploads\/2024\/01\/47122-1.webp",300,183,false],"1536x1536":["https:\/\/imagazine.it\/wp-content\/uploads\/2024\/01\/47122-1.webp",950,581,false],"2048x2048":["https:\/\/imagazine.it\/wp-content\/uploads\/2024\/01\/47122-1.webp",950,581,false],"newsup-slider-full":["https:\/\/imagazine.it\/wp-content\/uploads\/2024\/01\/47122-1.webp",950,581,false],"newsup-featured":["https:\/\/imagazine.it\/wp-content\/uploads\/2024\/01\/47122-1.webp",950,581,false],"newsup-medium":["https:\/\/imagazine.it\/wp-content\/uploads\/2024\/01\/47122-1-720x380.webp",720,380,true],"tptn_thumbnail":["https:\/\/imagazine.it\/wp-content\/uploads\/2024\/01\/47122-1.webp",250,153,false],"sow-carousel-default":["https:\/\/imagazine.it\/wp-content\/uploads\/2024\/01\/47122-1-272x182.webp",272,182,true]},"rttpg_author":{"display_name":"Livio Nonis","author_link":"https:\/\/imagazine.it\/home_desk\/author\/nonis\/"},"rttpg_comment":0,"rttpg_category":"<a href=\"https:\/\/imagazine.it\/home_desk\/category\/attualita\/\" rel=\"category tag\">ATTUALIT\u00c0<\/a>","rttpg_excerpt":"Ampliato il direttivo","_links":{"self":[{"href":"https:\/\/imagazine.it\/home_desk\/wp-json\/wp\/v2\/posts\/43444","targetHints":{"allow":["GET"]}}],"collection":[{"href":"https:\/\/imagazine.it\/home_desk\/wp-json\/wp\/v2\/posts"}],"about":[{"href":"https:\/\/imagazine.it\/home_desk\/wp-json\/wp\/v2\/types\/post"}],"author":[{"embeddable":true,"href":"https:\/\/imagazine.it\/home_desk\/wp-json\/wp\/v2\/users\/22"}],"replies":[{"embeddable":true,"href":"https:\/\/imagazine.it\/home_desk\/wp-json\/wp\/v2\/comments?post=43444"}],"version-history":[{"count":0,"href":"https:\/\/imagazine.it\/home_desk\/wp-json\/wp\/v2\/posts\/43444\/revisions"}],"wp:featuredmedia":[{"embeddable":true,"href":"https:\/\/imagazine.it\/home_desk\/wp-json\/wp\/v2\/media\/43445"}],"wp:attachment":[{"href":"https:\/\/imagazine.it\/home_desk\/wp-json\/wp\/v2\/media?parent=43444"}],"wp:term":[{"taxonomy":"category","embeddable":true,"href":"https:\/\/imagazine.it\/home_desk\/wp-json\/wp\/v2\/categories?post=43444"},{"taxonomy":"post_tag","embeddable":true,"href":"https:\/\/imagazine.it\/home_desk\/wp-json\/wp\/v2\/tags?post=43444"}],"curies":[{"name":"wp","href":"https:\/\/api.w.org\/{rel}","templated":true}]}}