{"id":43436,"date":"2022-04-12T00:00:00","date_gmt":"2022-04-11T23:00:00","guid":{"rendered":"https:\/\/imagazine.it\/?p=43436"},"modified":"2022-04-12T00:00:00","modified_gmt":"2022-04-11T23:00:00","slug":"una-guida-per-scoprire-la-friulanita-del-veneto-orientale","status":"publish","type":"post","link":"https:\/\/imagazine.it\/home_desk\/una-guida-per-scoprire-la-friulanita-del-veneto-orientale\/","title":{"rendered":"Una guida per scoprire la friulanit\u00e0 del Veneto Orientale"},"content":{"rendered":"<p> \tUno strumento agile e immediato per andare alla scoperta della <strong>friulanit\u00e0<\/strong> nel <strong>Veneto Orientale<\/strong>, tra i <strong>fiumi Lemene e Tagliamento<\/strong>.<\/p>\n<p> \t\u00c8 la guida presentata <strong>oggi a Bibione<\/strong>, negli spazi della delegazione comunale. Una pubblicazione realizzata nell\u2019ambito del progetto di cooperazione transnazionale <strong>\u201cPrimis\u201d (Interreg Italia-Slovenia)<\/strong>.<\/p>\n<p> \tIl territorio preso in esame dalla guida ha profondi legami storici e culturali con il Friuli, risalenti all\u2019epoca romana, quando la citt\u00e0 di Iulia Concordia dipendeva giuridicamente ed economicamente da Aquileia.<\/p>\n<p> \tAlla presentazione sono intervenuti il sindaco di San Michele al Tagliamento <strong>Flavio Maurutto<\/strong>, il presidente VeGAL <strong>Giorgio Fregonese, <\/strong>l\u2019esperto di friulanit\u00e0 e co-autore dei contenuti della mini-guida <strong>Claudio Romanzin, <\/strong>la presidente del Consorzio di Promozione Turistica <span dir=\"RTL\">\u201c<\/span>Bibione Live\u201d <strong>Giuliana Basso. <\/strong>Presenti anche l\u2019assessore alla Cultura e alle Politiche comunitarie di San Michele al Tagliamento, <strong>Elena Zuppichin<\/strong>, e il presidente della Conferenza dei sindaci Veneto Orientale, <strong>Gianluca Falcomer.<\/strong><\/p>\n<p> \t\u00abFino al periodo napoleonico &#8211; ha spiegato Romanzin &#8211; quando il mandamento di Portogruaro venne aggregato a Venezia, questa parte del Veneto Orientale era giuridicamente e culturalmente <span dir=\"RTL\">\u201c<\/span>friulana\u201d. Alla luce della sua storia, quella dei friulani nel Veneto \u00e8 oggi una identit\u00e0 pi\u00f9 culturale che etnica. Con questo progetto &#8211; ha aggiunto &#8211; abbiamo individuato una serie di punti di interesse che potessero dare il senso della presenza e della continuit\u00e0 della presenza friulana in questo territorio\u00bb. Il percorso attraverso i luoghi storici della friulanit\u00e0 porta il visitatore alla scoperta del patrimonio diffuso nei territori di sette Comuni: San Michele al Tagliamento, Fossalta di Portogruaro, Teglio Veneto, Gruaro, Cinto Caomaggiore, Portogruaro e Concordia Sagittaria, zone maggiormente interessate dalla presenza della koin\u00e9 friulana.<\/p>\n<p> \tCome filo conduttore di questo percorso \u00e8 stata scelta l<span dir=\"RTL\">\u2019<\/span>acqua, elemento che connota l<span dir=\"RTL\">\u2019<\/span>intero territorio del Veneto Orientale, interessato da fiumi e bacini che da sempre hanno accompagnato lo sviluppo anche della civilt\u00e0 veneta. \u00abBuona parte dell\u2019idioma del nostro territorio \u00e8 legato al Friuli &#8211; ammette il sindaco Maurutto &#8211; e questo costituisce una ricchezza e una diversit\u00e0 da valorizzare e far conoscere, a livello locale ma anche internazionale, mettendo a disposizione dei nostri ospiti un percorso dedicato\u00bb.<\/p>\n<p> \tL<span dir=\"RTL\">\u2019<\/span>itinerario, suddiviso in 3 parti, contiene l<span dir=\"RTL\">\u2019<\/span>indicazione e la numerazione delle tappe principali, visibili anche attraverso la localizzazione tramite QR su Google Maps. Il primo tratto collega <strong>Bibione a Villanova della Cartera<\/strong>, il secondo da <strong>Villanova della Cartiera a Cinto Caomaggiore<\/strong>, il terzo tra <strong>Cinto Caomaggiore e Bibione.<\/strong> Per ogni percorso vengono riportate le curiosit\u00e0 legate ai personaggi, agli edifici storici, alle tradizioni e alle pietanze tipiche dei territori attraversati.<\/p>\n<p> \tIl ruolo di <strong>VeGal<\/strong> nell\u2019iniziativa \u00e8 stato quello di valorizzare il patrimonio linguistico, culturale e naturale della minoranza friulana nel territorio dei sette Comuni coinvolti nel progetto.<\/p>\n<p> \t\u00abGrazie ai fondi Interreg \u00e8 stato possibile costruire un patrimonio comune tra Regioni confinanti &#8211; ha dichiarato il presidente Fregonese -. L\u2019impegno economico di VeGal su questo progetto \u00e8 stato di circa 160 mila euro, e tra i motivi di maggior soddisfazione, ci sono i laboratori che hanno coinvolto gli studenti delle scuole superiori e che coinvolgeranno anche gli alunni delle scuole secondarie di primo grado. Rendere partecipi i giovani infatti, per riuscire a tramandare i valori legati a questo territorio \u00e8 fondamentale\u00bb.<\/p>\n<p> \tTra le attivit\u00e0 realizzate nel territorio del Veneto Orientale, nell\u2019ambito del progetto \u201cPrimis\u201d, si ricorda l\u2019<strong>allestimento multimediale realizzato nel Faro di Punta Tagliamento a Bibione. <\/strong>Si tratta di un attrattore turistico, nonch\u00e9 simbolo della localit\u00e0 balneare, che nell\u2019ultimo anno ha fatto registrare circa 127mila visite.\u00a0<\/p>\n<p> \t\u00abIl nostro territorio offre molte peculiarit\u00e0 e diversi valori aggiunti, sia sul fronte dei servizi sia su quelle delle attrazioni paesaggistiche &#8211; ha affermato Basso -. Tra i nostri punti di forza c\u2019\u00e8 il tema dell\u2019accessibilit\u00e0, visto che Bibione \u00e8 la <strong>prima localit\u00e0 di mare ad aver ricevuto la certificazione come destinazione \u201cfor all\u201d<\/strong>, quindi adatta a tutti\u00bb.<\/p>\n<p> \t\u00a0<\/p>\n","protected":false},"excerpt":{"rendered":"<p>Presentata a Bibione<\/p>\n","protected":false},"author":28,"featured_media":43437,"comment_status":"closed","ping_status":"closed","sticky":false,"template":"","format":"standard","meta":{"dwc-title":[],"dwc-content":[],"footnotes":""},"categories":[8],"tags":[],"class_list":["post-43436","post","type-post","status-publish","format-standard","has-post-thumbnail","hentry","category-turismo"],"rttpg_featured_image_url":{"full":["https:\/\/imagazine.it\/wp-content\/uploads\/2024\/01\/47112-1.webp",1000,675,false],"landscape":["https:\/\/imagazine.it\/wp-content\/uploads\/2024\/01\/47112-1.webp",1000,675,false],"portraits":["https:\/\/imagazine.it\/wp-content\/uploads\/2024\/01\/47112-1.webp",1000,675,false],"thumbnail":["https:\/\/imagazine.it\/wp-content\/uploads\/2024\/01\/47112-1-150x150.webp",150,150,true],"medium":["https:\/\/imagazine.it\/wp-content\/uploads\/2024\/01\/47112-1-300x203.webp",300,203,true],"large":["https:\/\/imagazine.it\/wp-content\/uploads\/2024\/01\/47112-1.webp",640,432,false],"thumblist":["https:\/\/imagazine.it\/wp-content\/uploads\/2024\/01\/47112-1.webp",300,203,false],"thumbrelated":["https:\/\/imagazine.it\/wp-content\/uploads\/2024\/01\/47112-1.webp",500,338,false],"meccarouselthumb":["https:\/\/imagazine.it\/wp-content\/uploads\/2024\/01\/47112-1.webp",474,320,false],"gridsquare":["https:\/\/imagazine.it\/wp-content\/uploads\/2024\/01\/47112-1.webp",385,260,false],"tileview":["https:\/\/imagazine.it\/wp-content\/uploads\/2024\/01\/47112-1.webp",300,203,false],"1536x1536":["https:\/\/imagazine.it\/wp-content\/uploads\/2024\/01\/47112-1.webp",1000,675,false],"2048x2048":["https:\/\/imagazine.it\/wp-content\/uploads\/2024\/01\/47112-1.webp",1000,675,false],"newsup-slider-full":["https:\/\/imagazine.it\/wp-content\/uploads\/2024\/01\/47112-1.webp",1000,675,false],"newsup-featured":["https:\/\/imagazine.it\/wp-content\/uploads\/2024\/01\/47112-1.webp",1000,675,false],"newsup-medium":["https:\/\/imagazine.it\/wp-content\/uploads\/2024\/01\/47112-1-720x380.webp",720,380,true],"tptn_thumbnail":["https:\/\/imagazine.it\/wp-content\/uploads\/2024\/01\/47112-1.webp",250,169,false],"sow-carousel-default":["https:\/\/imagazine.it\/wp-content\/uploads\/2024\/01\/47112-1-272x182.webp",272,182,true]},"rttpg_author":{"display_name":"redazione","author_link":"https:\/\/imagazine.it\/home_desk\/author\/redazione\/"},"rttpg_comment":0,"rttpg_category":"<a href=\"https:\/\/imagazine.it\/home_desk\/category\/turismo\/\" rel=\"category tag\">TURISMO<\/a>","rttpg_excerpt":"Presentata a Bibione","_links":{"self":[{"href":"https:\/\/imagazine.it\/home_desk\/wp-json\/wp\/v2\/posts\/43436","targetHints":{"allow":["GET"]}}],"collection":[{"href":"https:\/\/imagazine.it\/home_desk\/wp-json\/wp\/v2\/posts"}],"about":[{"href":"https:\/\/imagazine.it\/home_desk\/wp-json\/wp\/v2\/types\/post"}],"author":[{"embeddable":true,"href":"https:\/\/imagazine.it\/home_desk\/wp-json\/wp\/v2\/users\/28"}],"replies":[{"embeddable":true,"href":"https:\/\/imagazine.it\/home_desk\/wp-json\/wp\/v2\/comments?post=43436"}],"version-history":[{"count":0,"href":"https:\/\/imagazine.it\/home_desk\/wp-json\/wp\/v2\/posts\/43436\/revisions"}],"wp:featuredmedia":[{"embeddable":true,"href":"https:\/\/imagazine.it\/home_desk\/wp-json\/wp\/v2\/media\/43437"}],"wp:attachment":[{"href":"https:\/\/imagazine.it\/home_desk\/wp-json\/wp\/v2\/media?parent=43436"}],"wp:term":[{"taxonomy":"category","embeddable":true,"href":"https:\/\/imagazine.it\/home_desk\/wp-json\/wp\/v2\/categories?post=43436"},{"taxonomy":"post_tag","embeddable":true,"href":"https:\/\/imagazine.it\/home_desk\/wp-json\/wp\/v2\/tags?post=43436"}],"curies":[{"name":"wp","href":"https:\/\/api.w.org\/{rel}","templated":true}]}}