{"id":43434,"date":"2022-04-12T00:00:00","date_gmt":"2022-04-11T23:00:00","guid":{"rendered":"https:\/\/imagazine.it\/?p=43434"},"modified":"2022-04-12T00:00:00","modified_gmt":"2022-04-11T23:00:00","slug":"canottaggio-marvucic-doro-anche-in-croazia","status":"publish","type":"post","link":"https:\/\/imagazine.it\/home_desk\/canottaggio-marvucic-doro-anche-in-croazia\/","title":{"rendered":"Canottaggio, Marvucic d&#8217;oro anche in Croazia"},"content":{"rendered":"<p> \t<strong>Josef Marvucic<\/strong> vince l\u2019oro anche in Croazia.<\/p>\n<p> \tIl <strong>giovane canottiere sangiorgino<\/strong> gareggiando con i colori del Friuli Venezia Giulia si impone anche sul <strong>bacino Jarun di Zagabria<\/strong> contro equipaggi di Croazia, Slovenia e anche provenienti da Turchia ed Estonia nella categoria Junior B (nati nel 2006-2007).<\/p>\n<p> \tIl sabato Marvucic ha gareggiato nel doppio assieme al lignanese <strong>Lorenzo Cicuttin<\/strong> con cui forma un equipaggio che gi\u00e0 la settimana prima a Pieduiluco aveva dato prova di valore vincendo contro i migliori in Italia.<\/p>\n<p> \tA Zagabria dopo aver passato le batterie eliminatorie senza problemi, la coppia del FVG ha vinto agevolmente in 6\u201952\u201d60 lasciando al secondo posto l\u2019equipaggio croato distanziato di 13 secondi e al terzo posto l\u2019imbarcazione lettone. Il tempo fatto registrare da Marvucic e Cicuttin fa prospettare un promettente futuro per i giovani friulani.<\/p>\n<p> \tLa domenica le gare sono proseguite su imbarcazioni singole e di nuovo Marvucic e Cicuttin, gareggiando in due batterie diverse, sono giunti al primo posto guadagnandosi la finale dove i due si sono trovati uno contro l\u2019altro e anche in compagnia di equipaggi croati e sloveni.<\/p>\n<p> \tMarvucic, nella finale, ha di nuovo sfoderato una prestazione impressionante partendo in maniera decisa e poi controllando gli avversari per giungere al traguardo in prima posizione in 7\u201941\u201d57, con al secondo posto il croato <strong>Trbuhovic<\/strong> distanziato di sette secondi e al terzo posto Cicuttin a undici secondi, con un tempo che gli \u00e8 comunque valso il terzo gradino del podio dove Josef Marvucic \u00e8 salito sul gradino pi\u00f9 alto per prendersi la medaglia d\u2019oro.<\/p>\n<p> \t\u00a0<\/p>\n","protected":false},"excerpt":{"rendered":"<p>Sbaragliati avversari internazionali<\/p>\n","protected":false},"author":22,"featured_media":43435,"comment_status":"closed","ping_status":"closed","sticky":false,"template":"","format":"standard","meta":{"dwc-title":[],"dwc-content":[],"footnotes":""},"categories":[38],"tags":[],"class_list":["post-43434","post","type-post","status-publish","format-standard","has-post-thumbnail","hentry","category-sport"],"rttpg_featured_image_url":{"full":["https:\/\/imagazine.it\/wp-content\/uploads\/2024\/01\/47110-1.webp",1000,750,false],"landscape":["https:\/\/imagazine.it\/wp-content\/uploads\/2024\/01\/47110-1.webp",1000,750,false],"portraits":["https:\/\/imagazine.it\/wp-content\/uploads\/2024\/01\/47110-1.webp",1000,750,false],"thumbnail":["https:\/\/imagazine.it\/wp-content\/uploads\/2024\/01\/47110-1-150x150.webp",150,150,true],"medium":["https:\/\/imagazine.it\/wp-content\/uploads\/2024\/01\/47110-1-300x225.webp",300,225,true],"large":["https:\/\/imagazine.it\/wp-content\/uploads\/2024\/01\/47110-1.webp",640,480,false],"thumblist":["https:\/\/imagazine.it\/wp-content\/uploads\/2024\/01\/47110-1.webp",300,225,false],"thumbrelated":["https:\/\/imagazine.it\/wp-content\/uploads\/2024\/01\/47110-1.webp",500,375,false],"meccarouselthumb":["https:\/\/imagazine.it\/wp-content\/uploads\/2024\/01\/47110-1.webp",432,324,false],"gridsquare":["https:\/\/imagazine.it\/wp-content\/uploads\/2024\/01\/47110-1.webp",347,260,false],"tileview":["https:\/\/imagazine.it\/wp-content\/uploads\/2024\/01\/47110-1.webp",300,225,false],"1536x1536":["https:\/\/imagazine.it\/wp-content\/uploads\/2024\/01\/47110-1.webp",1000,750,false],"2048x2048":["https:\/\/imagazine.it\/wp-content\/uploads\/2024\/01\/47110-1.webp",1000,750,false],"newsup-slider-full":["https:\/\/imagazine.it\/wp-content\/uploads\/2024\/01\/47110-1-1000x720.webp",1000,720,true],"newsup-featured":["https:\/\/imagazine.it\/wp-content\/uploads\/2024\/01\/47110-1.webp",1000,750,false],"newsup-medium":["https:\/\/imagazine.it\/wp-content\/uploads\/2024\/01\/47110-1-720x380.webp",720,380,true],"tptn_thumbnail":["https:\/\/imagazine.it\/wp-content\/uploads\/2024\/01\/47110-1.webp",250,188,false],"sow-carousel-default":["https:\/\/imagazine.it\/wp-content\/uploads\/2024\/01\/47110-1-272x182.webp",272,182,true]},"rttpg_author":{"display_name":"Livio Nonis","author_link":"https:\/\/imagazine.it\/home_desk\/author\/nonis\/"},"rttpg_comment":0,"rttpg_category":"<a href=\"https:\/\/imagazine.it\/home_desk\/category\/sport\/\" rel=\"category tag\">SPORT<\/a>","rttpg_excerpt":"Sbaragliati avversari internazionali","_links":{"self":[{"href":"https:\/\/imagazine.it\/home_desk\/wp-json\/wp\/v2\/posts\/43434","targetHints":{"allow":["GET"]}}],"collection":[{"href":"https:\/\/imagazine.it\/home_desk\/wp-json\/wp\/v2\/posts"}],"about":[{"href":"https:\/\/imagazine.it\/home_desk\/wp-json\/wp\/v2\/types\/post"}],"author":[{"embeddable":true,"href":"https:\/\/imagazine.it\/home_desk\/wp-json\/wp\/v2\/users\/22"}],"replies":[{"embeddable":true,"href":"https:\/\/imagazine.it\/home_desk\/wp-json\/wp\/v2\/comments?post=43434"}],"version-history":[{"count":0,"href":"https:\/\/imagazine.it\/home_desk\/wp-json\/wp\/v2\/posts\/43434\/revisions"}],"wp:featuredmedia":[{"embeddable":true,"href":"https:\/\/imagazine.it\/home_desk\/wp-json\/wp\/v2\/media\/43435"}],"wp:attachment":[{"href":"https:\/\/imagazine.it\/home_desk\/wp-json\/wp\/v2\/media?parent=43434"}],"wp:term":[{"taxonomy":"category","embeddable":true,"href":"https:\/\/imagazine.it\/home_desk\/wp-json\/wp\/v2\/categories?post=43434"},{"taxonomy":"post_tag","embeddable":true,"href":"https:\/\/imagazine.it\/home_desk\/wp-json\/wp\/v2\/tags?post=43434"}],"curies":[{"name":"wp","href":"https:\/\/api.w.org\/{rel}","templated":true}]}}