{"id":43414,"date":"2022-04-04T00:00:00","date_gmt":"2022-04-03T23:00:00","guid":{"rendered":"https:\/\/imagazine.it\/?p=43414"},"modified":"2022-04-04T00:00:00","modified_gmt":"2022-04-03T23:00:00","slug":"il-canottaggio-friulano-brilla-a-piediluco","status":"publish","type":"post","link":"https:\/\/imagazine.it\/home_desk\/il-canottaggio-friulano-brilla-a-piediluco\/","title":{"rendered":"Il canottaggio friulano brilla a Piediluco"},"content":{"rendered":"<p> \tIl canottiere sangiorgino <strong>Josef Marvucic<\/strong> si impone negli Under 17 nel primo Meeting nazionale tenutosi sul <strong>lago di Piediluco<\/strong> il primo weekend d\u2019aprile.<\/p>\n<p> \tLe gare, cominciate il sabato con le batterie, a causa del maltempo pomeridiano hanno dovuto essere sospese rinviando le semifinali alla domenica mattina. Marvucic, che si \u00e8 presentato al Meeting in uno stato di forma smagliante, ha superato le fasi eliminatorie alle quali hanno partecipato 29 concorrenti ed \u00e8 approdato in finale dove ha vinto sui 2000 metri in 7\u201941\u201d20 staccando di quattro secondi il lignanese <strong>Lorenzo Cicuttin<\/strong> giunto secondo.<\/p>\n<p> \tSui due gradini pi\u00f9 alti del podio del singolo U17 sono dunque saliti due friulani che hanno cos\u00ec festeggiato il 3 aprile dedicato alla fondazione della Patria del Friuli. Marvucic e Cicuttin hanno poi gareggiato assieme ai veneti <strong>Cappelletto<\/strong> e <strong>Bassano<\/strong> vincendo l\u2019oro nella gara del 4 di coppia.<\/p>\n<p> \tSempre fra gli U17 con i colori del San Giorgio ha ottenuto il quarto posto nel 4 di coppia <strong>Giulia Dri<\/strong> che ha gareggiato in equipaggio misto con vogatrici dell\u2019Ausonia, Giudecca e Adria, mentre negli junior con i colori sangiorgini <strong>Marco Dri<\/strong>, fratello di Giulia, si \u00e8 fatto largo fra i 40 partecipanti riuscendo a entrare nella finale del singolo dove \u00e8 giunto ottavo.<\/p>\n<p> \tInfine la lignanese <strong>Alice Gnatta<\/strong> gareggiando nel singolo senior ha ottenuto il secondo posto nella finale B.<\/p>\n<p> \tSono risultati che mettono il canottaggio friulano in evidenza in campo nazionale dimostrando l\u2019ottimo lavoro che si sta facendo nelle due societ\u00e0 remiere della provincia di Udine e a conferma di ci\u00f2 Marvucic e Cicuttin il prossimo weekend faranno parte della rappresentativa regionale del FVG che parteciper\u00e0 al Croatia Open a Zagabria.<\/p>\n<p> \t\u00a0<\/p>\n","protected":false},"excerpt":{"rendered":"<p>Primo Meeting Nazionale<\/p>\n","protected":false},"author":22,"featured_media":43415,"comment_status":"closed","ping_status":"closed","sticky":false,"template":"","format":"standard","meta":{"dwc-title":[],"dwc-content":[],"footnotes":""},"categories":[38],"tags":[],"class_list":["post-43414","post","type-post","status-publish","format-standard","has-post-thumbnail","hentry","category-sport"],"rttpg_featured_image_url":{"full":["https:\/\/imagazine.it\/wp-content\/uploads\/2024\/01\/47071-1.webp",1200,646,false],"landscape":["https:\/\/imagazine.it\/wp-content\/uploads\/2024\/01\/47071-1.webp",1200,646,false],"portraits":["https:\/\/imagazine.it\/wp-content\/uploads\/2024\/01\/47071-1.webp",1200,646,false],"thumbnail":["https:\/\/imagazine.it\/wp-content\/uploads\/2024\/01\/47071-1-150x150.webp",150,150,true],"medium":["https:\/\/imagazine.it\/wp-content\/uploads\/2024\/01\/47071-1-300x162.webp",300,162,true],"large":["https:\/\/imagazine.it\/wp-content\/uploads\/2024\/01\/47071-1-1024x551.webp",640,344,true],"thumblist":["https:\/\/imagazine.it\/wp-content\/uploads\/2024\/01\/47071-1.webp",300,162,false],"thumbrelated":["https:\/\/imagazine.it\/wp-content\/uploads\/2024\/01\/47071-1.webp",500,269,false],"meccarouselthumb":["https:\/\/imagazine.it\/wp-content\/uploads\/2024\/01\/47071-1.webp",474,255,false],"gridsquare":["https:\/\/imagazine.it\/wp-content\/uploads\/2024\/01\/47071-1.webp",391,210,false],"tileview":["https:\/\/imagazine.it\/wp-content\/uploads\/2024\/01\/47071-1.webp",300,162,false],"1536x1536":["https:\/\/imagazine.it\/wp-content\/uploads\/2024\/01\/47071-1.webp",1200,646,false],"2048x2048":["https:\/\/imagazine.it\/wp-content\/uploads\/2024\/01\/47071-1.webp",1200,646,false],"newsup-slider-full":["https:\/\/imagazine.it\/wp-content\/uploads\/2024\/01\/47071-1.webp",1200,646,false],"newsup-featured":["https:\/\/imagazine.it\/wp-content\/uploads\/2024\/01\/47071-1-1024x551.webp",1024,551,true],"newsup-medium":["https:\/\/imagazine.it\/wp-content\/uploads\/2024\/01\/47071-1-720x380.webp",720,380,true],"tptn_thumbnail":["https:\/\/imagazine.it\/wp-content\/uploads\/2024\/01\/47071-1.webp",250,135,false],"sow-carousel-default":["https:\/\/imagazine.it\/wp-content\/uploads\/2024\/01\/47071-1-272x182.webp",272,182,true]},"rttpg_author":{"display_name":"Livio Nonis","author_link":"https:\/\/imagazine.it\/home_desk\/author\/nonis\/"},"rttpg_comment":0,"rttpg_category":"<a href=\"https:\/\/imagazine.it\/home_desk\/category\/sport\/\" rel=\"category tag\">SPORT<\/a>","rttpg_excerpt":"Primo Meeting Nazionale","_links":{"self":[{"href":"https:\/\/imagazine.it\/home_desk\/wp-json\/wp\/v2\/posts\/43414","targetHints":{"allow":["GET"]}}],"collection":[{"href":"https:\/\/imagazine.it\/home_desk\/wp-json\/wp\/v2\/posts"}],"about":[{"href":"https:\/\/imagazine.it\/home_desk\/wp-json\/wp\/v2\/types\/post"}],"author":[{"embeddable":true,"href":"https:\/\/imagazine.it\/home_desk\/wp-json\/wp\/v2\/users\/22"}],"replies":[{"embeddable":true,"href":"https:\/\/imagazine.it\/home_desk\/wp-json\/wp\/v2\/comments?post=43414"}],"version-history":[{"count":0,"href":"https:\/\/imagazine.it\/home_desk\/wp-json\/wp\/v2\/posts\/43414\/revisions"}],"wp:featuredmedia":[{"embeddable":true,"href":"https:\/\/imagazine.it\/home_desk\/wp-json\/wp\/v2\/media\/43415"}],"wp:attachment":[{"href":"https:\/\/imagazine.it\/home_desk\/wp-json\/wp\/v2\/media?parent=43414"}],"wp:term":[{"taxonomy":"category","embeddable":true,"href":"https:\/\/imagazine.it\/home_desk\/wp-json\/wp\/v2\/categories?post=43414"},{"taxonomy":"post_tag","embeddable":true,"href":"https:\/\/imagazine.it\/home_desk\/wp-json\/wp\/v2\/tags?post=43414"}],"curies":[{"name":"wp","href":"https:\/\/api.w.org\/{rel}","templated":true}]}}