{"id":43400,"date":"2022-04-08T00:00:00","date_gmt":"2022-04-07T23:00:00","guid":{"rendered":"https:\/\/imagazine.it\/?p=43400"},"modified":"2022-04-08T00:00:00","modified_gmt":"2022-04-07T23:00:00","slug":"cervignano-ivano-roppa-nuovo-presidente-del-cai","status":"publish","type":"post","link":"https:\/\/imagazine.it\/home_desk\/cervignano-ivano-roppa-nuovo-presidente-del-cai\/","title":{"rendered":"Cervignano, Ivano Roppa nuovo presidente del CAI"},"content":{"rendered":"<p> \t<strong>Ivano Roppa<\/strong>, 47enne cervignanese da 22 anni iscritto al CAI, \u00e8 il nuovo presidente della sezione del <strong>Club Alpino Italiano \u201cGiusto Gervasutti\u201d di Cervignano del Friuli<\/strong>. Subentra alla presidente uscente <strong>Flavia Valent<\/strong>.<\/p>\n<p> \tDopo le elezioni per rinnovare il Consiglio Direttivo tenutesi il 24 marzo scorso, sono state ufficialmente distribuite le cariche per il coordinamento del sodalizio.<\/p>\n<p> \tAd aiutarlo, nel ruolo di vicepresidente, sar\u00e0 <strong>Nevio Medeot<\/strong>; <strong>Thomas Zuliani<\/strong> ricoprir\u00e0 il ruolo di tesoriere, mentre <strong>Nicole Salvemini<\/strong> quello di segretaria. Completato il direttivo i consiglieri <strong>Andrea Gaspardis<\/strong>, <strong>Ivan Snidero<\/strong> e <strong>Anna Vecchi<\/strong>. Revisori dei conti sono invece <strong>Giorgio Bertoli<\/strong>, <strong>Sabrina Del Bianco<\/strong> e <strong>Alessandro Pettovello<\/strong>.<\/p>\n<p> \tDopo aver ricoperto la carica di vicepresidente per molti anni &#8211; spiega Roppa, cresciuto all&#39;interno della sezione partendo dall&#39;escursionismo per arrivare all&#39;alpinismo su roccia, neve e ghiaccio, fino all&#39;attivita in alta quota &#8211; ho trovato quest\u2019anno la giusta motivazione per candidarmi; motivazione che nasce dalla voglia di dare un contributo personale pi\u00f9 marcato per la crescita della sezione\u201d.<\/p>\n<p> \tUna realt\u00e0 che pu\u00f2 contare su oltre 400 soci iscritti.<\/p>\n<p> \t\u201cTra le cose che vorremmo concretizzare nei prossimi anni &#8211; anticipa il neo presidente &#8211; c\u2019\u00e8 il consolidamento dell\u2019attivit\u00e0 ordinaria, per creare pi\u00f9 omogeneit\u00e0 e collaborazione fra i gruppi sezionali esistenti; snellire la burocrazia che negli ultimi anni ha raggiunto livelli imbarazzanti su certi fronti e agevolare lo svolgimento dell\u2019attivit\u00e0 in genere; organizzare poi progetti a medio e lungo termine come eventi, costruzione di nuove strutture ed esperienze extraeuropee per creare nuovi stimoli per i soci\u201d.<\/p>\n<p> \tNella sua lettera di presentazione inviata ai soci, infine, Roppa ricorda le persone che lo hanno preceduto: \u201cSe riusciremo a consolidare e migliorare alcune cose o crearne di nuove, sar\u00e0 possibile solamente grazie al lavoro svolto da chi ha lavorato prima di noi; ringrazio dunque caldamente tutti coloro che si sono adoperati finora all\u2019interno della sezione e spero continuino a farlo. Personalmente cercher\u00f2 di svolgere questo compito con seriet\u00e0 e dedizione ma allo stesso tempo anche con la giusta \u201cleggerezza\u201d, quella leggerezza necessaria per divertirsi e godere della passione per la montagna in modo un po\u2019 spensierato e soprattutto avventuroso\u201d.<\/p>\n<p> \t\u00a0<\/p>\n","protected":false},"excerpt":{"rendered":"<p>Rinnovato il consiglio direttivo<\/p>\n","protected":false},"author":28,"featured_media":43401,"comment_status":"closed","ping_status":"closed","sticky":false,"template":"","format":"standard","meta":{"dwc-title":[],"dwc-content":[],"footnotes":""},"categories":[5],"tags":[],"class_list":["post-43400","post","type-post","status-publish","format-standard","has-post-thumbnail","hentry","category-attualita"],"rttpg_featured_image_url":{"full":["https:\/\/imagazine.it\/wp-content\/uploads\/2024\/01\/47058-1.webp",947,649,false],"landscape":["https:\/\/imagazine.it\/wp-content\/uploads\/2024\/01\/47058-1.webp",947,649,false],"portraits":["https:\/\/imagazine.it\/wp-content\/uploads\/2024\/01\/47058-1.webp",947,649,false],"thumbnail":["https:\/\/imagazine.it\/wp-content\/uploads\/2024\/01\/47058-1-150x150.webp",150,150,true],"medium":["https:\/\/imagazine.it\/wp-content\/uploads\/2024\/01\/47058-1-300x206.webp",300,206,true],"large":["https:\/\/imagazine.it\/wp-content\/uploads\/2024\/01\/47058-1.webp",640,439,false],"thumblist":["https:\/\/imagazine.it\/wp-content\/uploads\/2024\/01\/47058-1.webp",300,206,false],"thumbrelated":["https:\/\/imagazine.it\/wp-content\/uploads\/2024\/01\/47058-1.webp",500,343,false],"meccarouselthumb":["https:\/\/imagazine.it\/wp-content\/uploads\/2024\/01\/47058-1.webp",474,324,false],"gridsquare":["https:\/\/imagazine.it\/wp-content\/uploads\/2024\/01\/47058-1.webp",379,260,false],"tileview":["https:\/\/imagazine.it\/wp-content\/uploads\/2024\/01\/47058-1.webp",300,206,false],"1536x1536":["https:\/\/imagazine.it\/wp-content\/uploads\/2024\/01\/47058-1.webp",947,649,false],"2048x2048":["https:\/\/imagazine.it\/wp-content\/uploads\/2024\/01\/47058-1.webp",947,649,false],"newsup-slider-full":["https:\/\/imagazine.it\/wp-content\/uploads\/2024\/01\/47058-1.webp",947,649,false],"newsup-featured":["https:\/\/imagazine.it\/wp-content\/uploads\/2024\/01\/47058-1.webp",947,649,false],"newsup-medium":["https:\/\/imagazine.it\/wp-content\/uploads\/2024\/01\/47058-1-720x380.webp",720,380,true],"tptn_thumbnail":["https:\/\/imagazine.it\/wp-content\/uploads\/2024\/01\/47058-1.webp",250,171,false],"sow-carousel-default":["https:\/\/imagazine.it\/wp-content\/uploads\/2024\/01\/47058-1-272x182.webp",272,182,true]},"rttpg_author":{"display_name":"redazione","author_link":"https:\/\/imagazine.it\/home_desk\/author\/redazione\/"},"rttpg_comment":0,"rttpg_category":"<a href=\"https:\/\/imagazine.it\/home_desk\/category\/attualita\/\" rel=\"category tag\">ATTUALIT\u00c0<\/a>","rttpg_excerpt":"Rinnovato il consiglio direttivo","_links":{"self":[{"href":"https:\/\/imagazine.it\/home_desk\/wp-json\/wp\/v2\/posts\/43400","targetHints":{"allow":["GET"]}}],"collection":[{"href":"https:\/\/imagazine.it\/home_desk\/wp-json\/wp\/v2\/posts"}],"about":[{"href":"https:\/\/imagazine.it\/home_desk\/wp-json\/wp\/v2\/types\/post"}],"author":[{"embeddable":true,"href":"https:\/\/imagazine.it\/home_desk\/wp-json\/wp\/v2\/users\/28"}],"replies":[{"embeddable":true,"href":"https:\/\/imagazine.it\/home_desk\/wp-json\/wp\/v2\/comments?post=43400"}],"version-history":[{"count":0,"href":"https:\/\/imagazine.it\/home_desk\/wp-json\/wp\/v2\/posts\/43400\/revisions"}],"wp:featuredmedia":[{"embeddable":true,"href":"https:\/\/imagazine.it\/home_desk\/wp-json\/wp\/v2\/media\/43401"}],"wp:attachment":[{"href":"https:\/\/imagazine.it\/home_desk\/wp-json\/wp\/v2\/media?parent=43400"}],"wp:term":[{"taxonomy":"category","embeddable":true,"href":"https:\/\/imagazine.it\/home_desk\/wp-json\/wp\/v2\/categories?post=43400"},{"taxonomy":"post_tag","embeddable":true,"href":"https:\/\/imagazine.it\/home_desk\/wp-json\/wp\/v2\/tags?post=43400"}],"curies":[{"name":"wp","href":"https:\/\/api.w.org\/{rel}","templated":true}]}}