{"id":43392,"date":"2022-04-07T00:00:00","date_gmt":"2022-04-06T23:00:00","guid":{"rendered":"https:\/\/imagazine.it\/?p=43392"},"modified":"2022-04-07T00:00:00","modified_gmt":"2022-04-06T23:00:00","slug":"ruda-al-via-il-recupero-di-villa-antonini","status":"publish","type":"post","link":"https:\/\/imagazine.it\/home_desk\/ruda-al-via-il-recupero-di-villa-antonini\/","title":{"rendered":"Ruda, al via il recupero di Villa Antonini"},"content":{"rendered":"<p> \tSono iniziati i <strong>lavori di messa in sicurezza di Villa Antonini Belgrado a Saciletto<\/strong> di Ruda. \u201cLavori urgenti e estremamente necessari per salvare la struttura in forte degrado. Ora possiamo dire che <strong>la villa \u00e8 salva<\/strong>\u201d, commentano <strong>Simonetta Bonomi<\/strong>, soprintendente Archeologia, belle arti e paesaggio del Friuli Venezia Giulia, e <strong>Franco Lenarduzzi<\/strong>, sindaco di Ruda.<\/p>\n<p> \tLa Soprintendenza ABAP del FVG ha ricevuto in assegnazione <strong>3.135.000 euro dal Ministero della Cultura<\/strong>, da spendere in vari lotti <strong>entro il 2023<\/strong> per procedere con il restauro generale, ma gi\u00e0 ora ha attivato i primi interventi di salvataggio e messa in sicurezza al fine di <strong>evitare ulteriori crolli o danneggiamenti irreparabili alla struttura<\/strong>.<\/p>\n<p> \t\u00c8 stata gi\u00e0 installata la recinzione di cantiere per <strong>evitare che esterni possano accedere all\u2019area dell\u2019intervento<\/strong>, correndo gravi rischi per la propria incolumit\u00e0 e intralciando i lavori. Dal Comune fanno infatti sapere che in passato il taglio avventato della vegetazione infestante da parte di alcuni cittadini, entrati nel parco senza alcuna autorizzazione, <strong>ha causato seri danni ai cavi elettrici che riforniscono la zona<\/strong>, lasciando senza corrente diverse abitazioni, tra cui quella di una persona malata che necessita di supporto respiratorio. Da oggi, a nessuno, se non autorizzato, sar\u00e0 permesso accedere alla villa.<\/p>\n<p> \t\u201cSono quasi cinque anni &#8211; sottolinea il sindaco Lenarduzzi &#8211; che il Comune di Ruda si \u00e8 posto l\u2019obiettivo di salvare Villa Antonini Belgrado, percorso reso ancora pi\u00f9 complesso dalle note vicende riguardanti le frammentazioni della propriet\u00e0, sequestri e confische, aste giudiziarie annullate, pendenze giudiziarie e mancanza di risorse finanziarie. Ora si dispone di un finanziamento del Ministero della Cultura di circa 3 milioni di euro da spendere per il complessivo restauro della Villa\u201d.<\/p>\n<p> \tNella dimora di Villa Antonini hanno vissuto grandi artisti quali <strong>Rosetta Ossi Czinner e Federico Righi<\/strong>; vi era attiva una scuola di arte grafica internazionale. Inoltre Ruda \u00e8 riconosciuta come capitale del canto corale. Sindaco e Soprintendente stanno gi\u00e0 ragionando su un futuro utilizzo come sede di attivit\u00e0 artistiche e culturali di alto livello.<\/p>\n<p> \t\u201cSono molto soddisfatta di questa insperata <strong>possibilit\u00e0 di recuperare e di far tornare a nuova vita questo importante bene culturale<\/strong>. Pur con le nostre esigue forze, cercheremo di lavorare al meglio per restituire alla comunit\u00e0 di Saciletto la bellezza di villa Antonini Belgrado\u201d, conclude la soprintendente <strong>Bonomi<\/strong><\/p>\n<p> \t\u00a0<\/p>\n","protected":false},"excerpt":{"rendered":"<p>Finanziamento di 3.135.000 euro<\/p>\n","protected":false},"author":22,"featured_media":43393,"comment_status":"closed","ping_status":"closed","sticky":false,"template":"","format":"standard","meta":{"dwc-title":[],"dwc-content":[],"footnotes":""},"categories":[5],"tags":[],"class_list":["post-43392","post","type-post","status-publish","format-standard","has-post-thumbnail","hentry","category-attualita"],"rttpg_featured_image_url":{"full":["https:\/\/imagazine.it\/wp-content\/uploads\/2024\/01\/47047-1.webp",1600,1200,false],"landscape":["https:\/\/imagazine.it\/wp-content\/uploads\/2024\/01\/47047-1.webp",1600,1200,false],"portraits":["https:\/\/imagazine.it\/wp-content\/uploads\/2024\/01\/47047-1.webp",1600,1200,false],"thumbnail":["https:\/\/imagazine.it\/wp-content\/uploads\/2024\/01\/47047-1-150x150.webp",150,150,true],"medium":["https:\/\/imagazine.it\/wp-content\/uploads\/2024\/01\/47047-1-300x225.webp",300,225,true],"large":["https:\/\/imagazine.it\/wp-content\/uploads\/2024\/01\/47047-1-1024x768.webp",640,480,true],"thumblist":["https:\/\/imagazine.it\/wp-content\/uploads\/2024\/01\/47047-1.webp",300,225,false],"thumbrelated":["https:\/\/imagazine.it\/wp-content\/uploads\/2024\/01\/47047-1.webp",500,375,false],"meccarouselthumb":["https:\/\/imagazine.it\/wp-content\/uploads\/2024\/01\/47047-1.webp",432,324,false],"gridsquare":["https:\/\/imagazine.it\/wp-content\/uploads\/2024\/01\/47047-1.webp",347,260,false],"tileview":["https:\/\/imagazine.it\/wp-content\/uploads\/2024\/01\/47047-1.webp",300,225,false],"1536x1536":["https:\/\/imagazine.it\/wp-content\/uploads\/2024\/01\/47047-1-1536x1152.webp",1536,1152,true],"2048x2048":["https:\/\/imagazine.it\/wp-content\/uploads\/2024\/01\/47047-1.webp",1600,1200,false],"newsup-slider-full":["https:\/\/imagazine.it\/wp-content\/uploads\/2024\/01\/47047-1-1280x720.webp",1280,720,true],"newsup-featured":["https:\/\/imagazine.it\/wp-content\/uploads\/2024\/01\/47047-1-1024x768.webp",1024,768,true],"newsup-medium":["https:\/\/imagazine.it\/wp-content\/uploads\/2024\/01\/47047-1-720x380.webp",720,380,true],"tptn_thumbnail":["https:\/\/imagazine.it\/wp-content\/uploads\/2024\/01\/47047-1.webp",250,188,false],"sow-carousel-default":["https:\/\/imagazine.it\/wp-content\/uploads\/2024\/01\/47047-1-272x182.webp",272,182,true]},"rttpg_author":{"display_name":"Livio Nonis","author_link":"https:\/\/imagazine.it\/home_desk\/author\/nonis\/"},"rttpg_comment":0,"rttpg_category":"<a href=\"https:\/\/imagazine.it\/home_desk\/category\/attualita\/\" rel=\"category tag\">ATTUALIT\u00c0<\/a>","rttpg_excerpt":"Finanziamento di 3.135.000 euro","_links":{"self":[{"href":"https:\/\/imagazine.it\/home_desk\/wp-json\/wp\/v2\/posts\/43392","targetHints":{"allow":["GET"]}}],"collection":[{"href":"https:\/\/imagazine.it\/home_desk\/wp-json\/wp\/v2\/posts"}],"about":[{"href":"https:\/\/imagazine.it\/home_desk\/wp-json\/wp\/v2\/types\/post"}],"author":[{"embeddable":true,"href":"https:\/\/imagazine.it\/home_desk\/wp-json\/wp\/v2\/users\/22"}],"replies":[{"embeddable":true,"href":"https:\/\/imagazine.it\/home_desk\/wp-json\/wp\/v2\/comments?post=43392"}],"version-history":[{"count":0,"href":"https:\/\/imagazine.it\/home_desk\/wp-json\/wp\/v2\/posts\/43392\/revisions"}],"wp:featuredmedia":[{"embeddable":true,"href":"https:\/\/imagazine.it\/home_desk\/wp-json\/wp\/v2\/media\/43393"}],"wp:attachment":[{"href":"https:\/\/imagazine.it\/home_desk\/wp-json\/wp\/v2\/media?parent=43392"}],"wp:term":[{"taxonomy":"category","embeddable":true,"href":"https:\/\/imagazine.it\/home_desk\/wp-json\/wp\/v2\/categories?post=43392"},{"taxonomy":"post_tag","embeddable":true,"href":"https:\/\/imagazine.it\/home_desk\/wp-json\/wp\/v2\/tags?post=43392"}],"curies":[{"name":"wp","href":"https:\/\/api.w.org\/{rel}","templated":true}]}}