{"id":43332,"date":"2022-03-30T00:00:00","date_gmt":"2022-03-29T23:00:00","guid":{"rendered":"https:\/\/imagazine.it\/?p=43332"},"modified":"2022-03-30T00:00:00","modified_gmt":"2022-03-29T23:00:00","slug":"il-nuovo-tour-di-elisa-sbarca-a-palmanova","status":"publish","type":"post","link":"https:\/\/imagazine.it\/home_desk\/il-nuovo-tour-di-elisa-sbarca-a-palmanova\/","title":{"rendered":"Il nuovo tour di Elisa sbarca a Palmanova"},"content":{"rendered":"<p> \tUn messaggio per l&#39;ambiente, un viaggio in 20 regioni, 3 grandi appuntamenti all&#39;Arena di Verona, la collaborazione con <strong>UN SGD Action Campaign<\/strong>, una festa itinerante per la musica pensando al pianeta: <strong>Elisa <\/strong>torna sul palco con \u201c<strong>Back to the Future Live Tour<\/strong>\u201d, un mastodontico progetto live che la vedr\u00e0 esibirsi in tutta Italia, nessuna regione esclusa, a partire da fine maggio e che vedr\u00e0 un unico appuntamento in Friuli Venezia Giulia, <u><a href=\"http:\/\/www.imagazine.it\/eventi\/40134\" target=\"_blank\" rel=\"noopener\"><span style=\"color:#0000cd;\">il prossimo <strong>4 agosto<\/strong> (inizio ore 21.30)<\/span><\/a><\/u>, nello scenario della <strong>Piazza Grande<\/strong> di <strong>Palmanova<\/strong>.<\/p>\n<p> \tI <strong>biglietti <\/strong>per il concerto, organizzato da <strong>Zenit Srl<\/strong>, in collaborazione con <strong>Regione Friuli Venezia Giulia<\/strong>, <strong>Citt\u00e0 di Palmanova<\/strong> e <strong>PromoTurismoFVG<\/strong>, saranno in vendita in presale per il fan club dalle 16.00 di mercoled\u00ec 30 marzo e in vendita generale dalle <strong>17.00<\/strong> di <strong>gioved\u00ec 31 marzo<\/strong> sul circuito <strong>Ticketone<\/strong>. Info e punti vendita su <u><a href=\"http:\/\/www.azalea.it\" target=\"_blank\" rel=\"noopener\"><span style=\"color:#0000cd;\">www.azalea.it<\/span><\/a><\/u>.<\/p>\n<p> \tE proprio l\u2019interesse costante di <strong>Elisa<\/strong> per il Pianeta, ha portato l\u2019<strong>ONU<\/strong> a nominare l\u2019artista come primo Ally\u00a0 \u201cAlleato\u201d della Campagna <strong>SDG Action<\/strong> sugli Obiettivi di Sviluppo Sostenibile. Le ambizioni delle SDG sono quelle di capovolgere il copione gi\u00e0 scritto per ottenere un mondo pi\u00f9 giusto, pacifico, e green, e modellare una nuova realt\u00e0: una realt\u00e0 in cui la crisi climatica non porr\u00e0 fine all&#39;umanit\u00e0, perch\u00e9 l&#39;umanit\u00e0 porr\u00e0 fine alla crisi climatica. La campagna d&#39;azione SDG delle Nazioni Unite chiede alle persone di tutto il mondo di <strong>#FlipTheScript<\/strong>: trasformare l&#39;apatia in azione, la paura in speranza, la divisione nell&#39;unione. <strong>Elisa<\/strong> \u00e8 quindi la voce italiana che porter\u00e0, nel pubblico e nel suo privato, il messaggio di <strong>#FlipTheScript<\/strong>: l&#39;impossibile che diventa possibile se si agisce insieme, che significa riprendersi il Mondo perch\u00e9 appartiene a tutti, e non solo ad alcuni.<\/p>\n<p> \t\u201c<em>Una voce unica, un\u2019artista conosciuta in tutto il mondo, arriva in Piazza Grande per una serata <\/em>speciale \u2013 ha commentato <strong>Giuseppe Tellini<\/strong>, sindaco di Palmanova \u2013. <em>Siamo orgogliosi che Elisa abbia scelto la citt\u00e0 stellata per questo unico concerto del suo importante progetto, che conferma una volta di pi\u00f9 Palmanova patrimonio Unesco quale cornice ideale per la grande musica e i grandi spettacoli<\/em>\u201d.<\/p>\n<p> \t\u00a0<\/p>\n<p> \t\u00a0<\/p>\n","protected":false},"excerpt":{"rendered":"<p>Gioved\u00ec 4 agosto<\/p>\n","protected":false},"author":28,"featured_media":43333,"comment_status":"closed","ping_status":"closed","sticky":false,"template":"","format":"standard","meta":{"dwc-title":[],"dwc-content":[],"footnotes":""},"categories":[37],"tags":[],"class_list":["post-43332","post","type-post","status-publish","format-standard","has-post-thumbnail","hentry","category-cultura-e-spettacolo"],"rttpg_featured_image_url":{"full":["https:\/\/imagazine.it\/wp-content\/uploads\/2024\/01\/46879-1.webp",1000,563,false],"landscape":["https:\/\/imagazine.it\/wp-content\/uploads\/2024\/01\/46879-1.webp",1000,563,false],"portraits":["https:\/\/imagazine.it\/wp-content\/uploads\/2024\/01\/46879-1.webp",1000,563,false],"thumbnail":["https:\/\/imagazine.it\/wp-content\/uploads\/2024\/01\/46879-1-150x150.webp",150,150,true],"medium":["https:\/\/imagazine.it\/wp-content\/uploads\/2024\/01\/46879-1-300x169.webp",300,169,true],"large":["https:\/\/imagazine.it\/wp-content\/uploads\/2024\/01\/46879-1.webp",640,360,false],"thumblist":["https:\/\/imagazine.it\/wp-content\/uploads\/2024\/01\/46879-1.webp",300,169,false],"thumbrelated":["https:\/\/imagazine.it\/wp-content\/uploads\/2024\/01\/46879-1.webp",500,282,false],"meccarouselthumb":["https:\/\/imagazine.it\/wp-content\/uploads\/2024\/01\/46879-1.webp",474,267,false],"gridsquare":["https:\/\/imagazine.it\/wp-content\/uploads\/2024\/01\/46879-1.webp",391,220,false],"tileview":["https:\/\/imagazine.it\/wp-content\/uploads\/2024\/01\/46879-1.webp",300,169,false],"1536x1536":["https:\/\/imagazine.it\/wp-content\/uploads\/2024\/01\/46879-1.webp",1000,563,false],"2048x2048":["https:\/\/imagazine.it\/wp-content\/uploads\/2024\/01\/46879-1.webp",1000,563,false],"newsup-slider-full":["https:\/\/imagazine.it\/wp-content\/uploads\/2024\/01\/46879-1.webp",1000,563,false],"newsup-featured":["https:\/\/imagazine.it\/wp-content\/uploads\/2024\/01\/46879-1.webp",1000,563,false],"newsup-medium":["https:\/\/imagazine.it\/wp-content\/uploads\/2024\/01\/46879-1-720x380.webp",720,380,true],"tptn_thumbnail":["https:\/\/imagazine.it\/wp-content\/uploads\/2024\/01\/46879-1.webp",250,141,false],"sow-carousel-default":["https:\/\/imagazine.it\/wp-content\/uploads\/2024\/01\/46879-1-272x182.webp",272,182,true]},"rttpg_author":{"display_name":"redazione","author_link":"https:\/\/imagazine.it\/home_desk\/author\/redazione\/"},"rttpg_comment":0,"rttpg_category":"<a href=\"https:\/\/imagazine.it\/home_desk\/category\/cultura-e-spettacolo\/\" rel=\"category tag\">CULTURA&amp;SPETTACOLO<\/a>","rttpg_excerpt":"Gioved\u00ec 4 agosto","_links":{"self":[{"href":"https:\/\/imagazine.it\/home_desk\/wp-json\/wp\/v2\/posts\/43332","targetHints":{"allow":["GET"]}}],"collection":[{"href":"https:\/\/imagazine.it\/home_desk\/wp-json\/wp\/v2\/posts"}],"about":[{"href":"https:\/\/imagazine.it\/home_desk\/wp-json\/wp\/v2\/types\/post"}],"author":[{"embeddable":true,"href":"https:\/\/imagazine.it\/home_desk\/wp-json\/wp\/v2\/users\/28"}],"replies":[{"embeddable":true,"href":"https:\/\/imagazine.it\/home_desk\/wp-json\/wp\/v2\/comments?post=43332"}],"version-history":[{"count":0,"href":"https:\/\/imagazine.it\/home_desk\/wp-json\/wp\/v2\/posts\/43332\/revisions"}],"wp:featuredmedia":[{"embeddable":true,"href":"https:\/\/imagazine.it\/home_desk\/wp-json\/wp\/v2\/media\/43333"}],"wp:attachment":[{"href":"https:\/\/imagazine.it\/home_desk\/wp-json\/wp\/v2\/media?parent=43332"}],"wp:term":[{"taxonomy":"category","embeddable":true,"href":"https:\/\/imagazine.it\/home_desk\/wp-json\/wp\/v2\/categories?post=43332"},{"taxonomy":"post_tag","embeddable":true,"href":"https:\/\/imagazine.it\/home_desk\/wp-json\/wp\/v2\/tags?post=43332"}],"curies":[{"name":"wp","href":"https:\/\/api.w.org\/{rel}","templated":true}]}}