{"id":43322,"date":"2022-03-29T00:00:00","date_gmt":"2022-03-28T23:00:00","guid":{"rendered":"https:\/\/imagazine.it\/?p=43322"},"modified":"2022-03-29T00:00:00","modified_gmt":"2022-03-28T23:00:00","slug":"gorizia-sinergia-tra-comune-e-arciodiocesi-per-go2025","status":"publish","type":"post","link":"https:\/\/imagazine.it\/home_desk\/gorizia-sinergia-tra-comune-e-arciodiocesi-per-go2025\/","title":{"rendered":"Gorizia, sinergia tra Comune e Arciodiocesi per &#8220;Go!2025\u201d"},"content":{"rendered":"<p> \tLa storia religiosa del Goriziano avr\u00e0 un ruolo importante nel programma di iniziative per \u201cGo!2025\u201d.<\/p>\n<p> \tLo ha confermato il sindaco, <strong>Rodolfo Ziberna<\/strong>, all\u2019arcivescovo <strong>Carlo Roberto Maria Redaelli<\/strong>, durante l\u2019incontro avvenuto questa mattina, nella sede dell\u2019Arcidiocesi, presenti anche il direttore di Voce Isontina, <strong>Mauro Ungaro<\/strong>, l\u2019assessore alla cultura, <strong>Fabrizio Oreti<\/strong>, e la portavoce del sindaco <strong>Patrizia Artico<\/strong>.<\/p>\n<p> \tL\u2019arcivescovo ha ribadito l\u2019importanza che l\u2019elemento religioso non rimanga estraneo ai programmi e alle realizzazioni di \u201cGO!2025\u201d ribadendo, inoltre, che le due citt\u00e0 hanno l\u2019opportunit\u00e0 davvero unica di non essere considerate solo \u201cCapitali europee della cultura\u201d ma di proporsi come \u201cCapitali della cultura europea\u201d.<\/p>\n<p> \tUn capitolo particolare \u00e8 stato riservato alle iniziative di carattere religioso, anche in senso lato come la mostra sul tesoro dell\u2019Arcidiocesi.<\/p>\n<p> \tSi \u00e8 parlato di diversi percorsi turistici, fra cui quello che porta alla Castagnevizza\u00a0o dell\u2019auspicato \u201cItinerario degli Arcangeli\u201d in Slovenia ma anche di un \u201cPercorso della carit\u00e0\u201d transfrontaliero e di iniziative recuperate dalla storia come la Via Crucis sul colle del castello.<\/p>\n<p> \tL\u2019arcivescovo ha sottolineato come l\u2019ex seminario teologico andr\u00e0 sempre pi\u00f9 assumendo il ruolo di polo culturale per Gorizia ed il suo territorio non solo ospitando l\u2019archivio e la biblioteca diocesani, oltre al settimanale Voce Isontina e altri enti di studio e ricerca storici, auspicando per quest\u2019ultima la possibilit\u00e0 di una sempre maggiore collaborazione con analoghe istituzioni cittadine.<\/p>\n<p> \tFra le iniziative proposte dal vescovo che il sindaco e l\u2019assessore hanno accolto con entusiasmo la possibilit\u00e0 di realizzare, sul territorio, nel 2025, convegni di organismi della Chiesa italiana.<\/p>\n<p> \tAltro tema affrontato, quello della realizzazione &#8211; gi\u00e0 prospettata in passato &#8211; di parcheggi su terreni di propriet\u00e0 dell\u2019Arcidiocesi che potrebbero essere aperti alla citt\u00e0. Un progetto che sar\u00e0 discusso anche sotto l\u2019aspetto tecnico in un prossimo futuro.<\/p>\n<p> \tInfine il sindaco ha chiesto e ottenuto l\u2019appoggio dell\u2019arcivescovo alla lettera che i primi cittadini di Gorizia e Nova Gorica intendono inviare, nei prossimi giorni, agli ambasciatori di Russia e Ucraina per ospitare, in questo territorio, i negoziati di pace.<\/p>\n<p> \t\u201cSiamo in un luogo che, pi\u00f9 di 70 anni fa, a causa della guerra, \u00e8 stato al centro di grandi tragedie \u2013 ha ricordato Ziberna \u2013\u00a0con la nascita di un confine che tagli\u00f2 in due una citt\u00e0 e lasci\u00f2 sul campo sofferenze, rancori e odio. Sentimenti che, grazie al lavoro di entrambe le comunit\u00e0, hanno ceduto il posto, non senza lasciare cicatrici, al rispetto reciproco e alla consapevolezza di voler evitare alle future generazioni le atrocit\u00e0 della guerra e le sue conseguenze e insegnare loro un futuro migliore di pace e progresso. Per questo le citt\u00e0 sono diventate un simbolo in Europa e hanno vinto il titolo di Capitale della cultura. Se per noi \u00e8 stato possibile riuscire a compiere questo \u201cmiracolo\u201d, credo possa esserlo anche per chi oggi sta \u201cdialogando\u201d attraverso le armi. Noi, come Capitale europea della cultura 2025, mettiamo a disposizione la nostra storia, i nostri spazi, e tutto ci\u00f2 che pu\u00f2 essere utile perch\u00e9 in questo \u201cdialogo\u201d tornino protagoniste le parole e tacciano le armi\u201d.<\/p>\n<p> \t\u00a0<\/p>\n","protected":false},"excerpt":{"rendered":"<p>Confronto tra sindaco e arcivescovo<\/p>\n","protected":false},"author":28,"featured_media":43323,"comment_status":"closed","ping_status":"closed","sticky":false,"template":"","format":"standard","meta":{"dwc-title":[],"dwc-content":[],"footnotes":""},"categories":[5],"tags":[],"class_list":["post-43322","post","type-post","status-publish","format-standard","has-post-thumbnail","hentry","category-attualita"],"rttpg_featured_image_url":{"full":["https:\/\/imagazine.it\/wp-content\/uploads\/2024\/01\/46857-1.webp",900,507,false],"landscape":["https:\/\/imagazine.it\/wp-content\/uploads\/2024\/01\/46857-1.webp",900,507,false],"portraits":["https:\/\/imagazine.it\/wp-content\/uploads\/2024\/01\/46857-1.webp",900,507,false],"thumbnail":["https:\/\/imagazine.it\/wp-content\/uploads\/2024\/01\/46857-1-150x150.webp",150,150,true],"medium":["https:\/\/imagazine.it\/wp-content\/uploads\/2024\/01\/46857-1-300x169.webp",300,169,true],"large":["https:\/\/imagazine.it\/wp-content\/uploads\/2024\/01\/46857-1.webp",640,361,false],"thumblist":["https:\/\/imagazine.it\/wp-content\/uploads\/2024\/01\/46857-1.webp",300,169,false],"thumbrelated":["https:\/\/imagazine.it\/wp-content\/uploads\/2024\/01\/46857-1.webp",500,282,false],"meccarouselthumb":["https:\/\/imagazine.it\/wp-content\/uploads\/2024\/01\/46857-1.webp",474,267,false],"gridsquare":["https:\/\/imagazine.it\/wp-content\/uploads\/2024\/01\/46857-1.webp",391,220,false],"tileview":["https:\/\/imagazine.it\/wp-content\/uploads\/2024\/01\/46857-1.webp",300,169,false],"1536x1536":["https:\/\/imagazine.it\/wp-content\/uploads\/2024\/01\/46857-1.webp",900,507,false],"2048x2048":["https:\/\/imagazine.it\/wp-content\/uploads\/2024\/01\/46857-1.webp",900,507,false],"newsup-slider-full":["https:\/\/imagazine.it\/wp-content\/uploads\/2024\/01\/46857-1.webp",900,507,false],"newsup-featured":["https:\/\/imagazine.it\/wp-content\/uploads\/2024\/01\/46857-1.webp",900,507,false],"newsup-medium":["https:\/\/imagazine.it\/wp-content\/uploads\/2024\/01\/46857-1-720x380.webp",720,380,true],"tptn_thumbnail":["https:\/\/imagazine.it\/wp-content\/uploads\/2024\/01\/46857-1.webp",250,141,false],"sow-carousel-default":["https:\/\/imagazine.it\/wp-content\/uploads\/2024\/01\/46857-1-272x182.webp",272,182,true]},"rttpg_author":{"display_name":"redazione","author_link":"https:\/\/imagazine.it\/home_desk\/author\/redazione\/"},"rttpg_comment":0,"rttpg_category":"<a href=\"https:\/\/imagazine.it\/home_desk\/category\/attualita\/\" rel=\"category tag\">ATTUALIT\u00c0<\/a>","rttpg_excerpt":"Confronto tra sindaco e arcivescovo","_links":{"self":[{"href":"https:\/\/imagazine.it\/home_desk\/wp-json\/wp\/v2\/posts\/43322","targetHints":{"allow":["GET"]}}],"collection":[{"href":"https:\/\/imagazine.it\/home_desk\/wp-json\/wp\/v2\/posts"}],"about":[{"href":"https:\/\/imagazine.it\/home_desk\/wp-json\/wp\/v2\/types\/post"}],"author":[{"embeddable":true,"href":"https:\/\/imagazine.it\/home_desk\/wp-json\/wp\/v2\/users\/28"}],"replies":[{"embeddable":true,"href":"https:\/\/imagazine.it\/home_desk\/wp-json\/wp\/v2\/comments?post=43322"}],"version-history":[{"count":0,"href":"https:\/\/imagazine.it\/home_desk\/wp-json\/wp\/v2\/posts\/43322\/revisions"}],"wp:featuredmedia":[{"embeddable":true,"href":"https:\/\/imagazine.it\/home_desk\/wp-json\/wp\/v2\/media\/43323"}],"wp:attachment":[{"href":"https:\/\/imagazine.it\/home_desk\/wp-json\/wp\/v2\/media?parent=43322"}],"wp:term":[{"taxonomy":"category","embeddable":true,"href":"https:\/\/imagazine.it\/home_desk\/wp-json\/wp\/v2\/categories?post=43322"},{"taxonomy":"post_tag","embeddable":true,"href":"https:\/\/imagazine.it\/home_desk\/wp-json\/wp\/v2\/tags?post=43322"}],"curies":[{"name":"wp","href":"https:\/\/api.w.org\/{rel}","templated":true}]}}