{"id":43318,"date":"2022-03-29T00:00:00","date_gmt":"2022-03-28T23:00:00","guid":{"rendered":"https:\/\/imagazine.it\/?p=43318"},"modified":"2022-03-29T00:00:00","modified_gmt":"2022-03-28T23:00:00","slug":"torna-a-cervignano-la-spesa-solidale","status":"publish","type":"post","link":"https:\/\/imagazine.it\/home_desk\/torna-a-cervignano-la-spesa-solidale\/","title":{"rendered":"Torna a Cervignano la spesa solidale"},"content":{"rendered":"<p> \tTutto pronto per la <strong>terza edizione di \u201cDiamoci una mano\u201d<\/strong>, iniziativa di solidariet\u00e0 organizzata dall\u2019<strong>associazione<\/strong> <strong>Progetto Futuro<\/strong>, che coinvolge <strong>cinque supermercati situati nel comune di Cervignano<\/strong>.<\/p>\n<p> \tL\u2019idea \u00e8 nata due anni fa per venire incontro alle difficolt\u00e0 sostenute da molti cittadini nel periodo del primo lockdown. Per tutto il mese di aprile sar\u00e0 possibile recarsi nei cinque punti vendita che hanno aderito all\u2019iniziativa; Max\u00ec in via Gramsci, Dpi\u00f9 via Venezia, IlD\u00ec via Aquileia, Met\u00e0 Piazza indipendenza ed Alimentari di Michela e Giacomo a Strassoldo in via Julia Augusta, dove verranno messi a disposizione dei carrelli per depositare generi di prima necessit\u00e0.<\/p>\n<p> \tNella raccolta rientrano le categorie alimentari non deperibili e a lunga conservazione, ma anche detersivi e prodotti per l\u2019igiene personale.<\/p>\n<p> \tI <strong>beni cos\u00ec raccolti <\/strong>verranno poi consegnati alla <strong>Caritas cervignanese<\/strong> che provveder\u00e0 successivamente alla distribuzione.<\/p>\n<p> \t\u201cL\u2019idea \u2013 spiega <strong>Sarina Castrovinci<\/strong>, componente del direttivo dell\u2019associazione Progetto Futuro \u2013 \u00e8 nata in un periodo in cui sentivamo molto forte la preoccupazione per le persone in difficolt\u00e0 durante l\u2019emergenza coronavirus. La grande partecipazione dei cittadini \u00e8 stata il motore che \u00e8 servito a darci spinta per decidere di rendere questa raccolta un appuntamento fisso della nostra associazione, che si svolger\u00e0 ogni anno in primavera\u201d.<\/p>\n<p> \t\u201cNon dobbiamo mai stancarci di fare del bene \u2013 aggiunge il presidente del sodalizio, <strong>Luca Furios<\/strong> \u2013 e siamo sicuri che la solidariet\u00e0 sia la strada giusta da percorrere, soprattutto in questo periodo in cui la comunit\u00e0, gi\u00e0 provata dalle difficolt\u00e0 per una pandemia non ancora conclusa, prova nel cuore il peso e le preoccupazioni dei \u201cventi di guerra\u201d che soffiano non molto lontani dall\u2019Italia. Quest\u2019anno il nostro contributo sar\u00e0 ancora pi\u00f9 importante per la Caritas perch\u00e9, oltre alle persone a cui gi\u00e0 presta assistenza, si aggiungono alcune famiglie di profughi provenienti dall\u2019Ucraina. Siamo convinti che l\u2019iniziativa, patrocinata dal Comune di Cervignano, riscontrer\u00e0 lo stesso affetto e partecipazione della precedente edizione\u201d.<\/p>\n","protected":false},"excerpt":{"rendered":"<p>Iniziativa &#8220;Diamoci una mano&#8221; di Progetto Futuro<\/p>\n","protected":false},"author":22,"featured_media":43319,"comment_status":"closed","ping_status":"closed","sticky":false,"template":"","format":"standard","meta":{"dwc-title":[],"dwc-content":[],"footnotes":""},"categories":[5],"tags":[],"class_list":["post-43318","post","type-post","status-publish","format-standard","has-post-thumbnail","hentry","category-attualita"],"rttpg_featured_image_url":{"full":["https:\/\/imagazine.it\/wp-content\/uploads\/2024\/01\/46851-1.webp",1280,736,false],"landscape":["https:\/\/imagazine.it\/wp-content\/uploads\/2024\/01\/46851-1.webp",1280,736,false],"portraits":["https:\/\/imagazine.it\/wp-content\/uploads\/2024\/01\/46851-1.webp",1280,736,false],"thumbnail":["https:\/\/imagazine.it\/wp-content\/uploads\/2024\/01\/46851-1-150x150.webp",150,150,true],"medium":["https:\/\/imagazine.it\/wp-content\/uploads\/2024\/01\/46851-1-300x173.webp",300,173,true],"large":["https:\/\/imagazine.it\/wp-content\/uploads\/2024\/01\/46851-1-1024x589.webp",640,368,true],"thumblist":["https:\/\/imagazine.it\/wp-content\/uploads\/2024\/01\/46851-1.webp",300,173,false],"thumbrelated":["https:\/\/imagazine.it\/wp-content\/uploads\/2024\/01\/46851-1.webp",500,288,false],"meccarouselthumb":["https:\/\/imagazine.it\/wp-content\/uploads\/2024\/01\/46851-1.webp",474,273,false],"gridsquare":["https:\/\/imagazine.it\/wp-content\/uploads\/2024\/01\/46851-1.webp",391,225,false],"tileview":["https:\/\/imagazine.it\/wp-content\/uploads\/2024\/01\/46851-1.webp",300,173,false],"1536x1536":["https:\/\/imagazine.it\/wp-content\/uploads\/2024\/01\/46851-1.webp",1280,736,false],"2048x2048":["https:\/\/imagazine.it\/wp-content\/uploads\/2024\/01\/46851-1.webp",1280,736,false],"newsup-slider-full":["https:\/\/imagazine.it\/wp-content\/uploads\/2024\/01\/46851-1-1280x720.webp",1280,720,true],"newsup-featured":["https:\/\/imagazine.it\/wp-content\/uploads\/2024\/01\/46851-1-1024x589.webp",1024,589,true],"newsup-medium":["https:\/\/imagazine.it\/wp-content\/uploads\/2024\/01\/46851-1-720x380.webp",720,380,true],"tptn_thumbnail":["https:\/\/imagazine.it\/wp-content\/uploads\/2024\/01\/46851-1.webp",250,144,false],"sow-carousel-default":["https:\/\/imagazine.it\/wp-content\/uploads\/2024\/01\/46851-1-272x182.webp",272,182,true]},"rttpg_author":{"display_name":"Livio Nonis","author_link":"https:\/\/imagazine.it\/home_desk\/author\/nonis\/"},"rttpg_comment":0,"rttpg_category":"<a href=\"https:\/\/imagazine.it\/home_desk\/category\/attualita\/\" rel=\"category tag\">ATTUALIT\u00c0<\/a>","rttpg_excerpt":"Iniziativa \"Diamoci una mano\" di Progetto Futuro","_links":{"self":[{"href":"https:\/\/imagazine.it\/home_desk\/wp-json\/wp\/v2\/posts\/43318","targetHints":{"allow":["GET"]}}],"collection":[{"href":"https:\/\/imagazine.it\/home_desk\/wp-json\/wp\/v2\/posts"}],"about":[{"href":"https:\/\/imagazine.it\/home_desk\/wp-json\/wp\/v2\/types\/post"}],"author":[{"embeddable":true,"href":"https:\/\/imagazine.it\/home_desk\/wp-json\/wp\/v2\/users\/22"}],"replies":[{"embeddable":true,"href":"https:\/\/imagazine.it\/home_desk\/wp-json\/wp\/v2\/comments?post=43318"}],"version-history":[{"count":0,"href":"https:\/\/imagazine.it\/home_desk\/wp-json\/wp\/v2\/posts\/43318\/revisions"}],"wp:featuredmedia":[{"embeddable":true,"href":"https:\/\/imagazine.it\/home_desk\/wp-json\/wp\/v2\/media\/43319"}],"wp:attachment":[{"href":"https:\/\/imagazine.it\/home_desk\/wp-json\/wp\/v2\/media?parent=43318"}],"wp:term":[{"taxonomy":"category","embeddable":true,"href":"https:\/\/imagazine.it\/home_desk\/wp-json\/wp\/v2\/categories?post=43318"},{"taxonomy":"post_tag","embeddable":true,"href":"https:\/\/imagazine.it\/home_desk\/wp-json\/wp\/v2\/tags?post=43318"}],"curies":[{"name":"wp","href":"https:\/\/api.w.org\/{rel}","templated":true}]}}