{"id":43310,"date":"2022-03-28T00:00:00","date_gmt":"2022-03-27T23:00:00","guid":{"rendered":"https:\/\/imagazine.it\/?p=43310"},"modified":"2022-03-28T00:00:00","modified_gmt":"2022-03-27T23:00:00","slug":"cividale-mittelfest-svela-la-nuova-immagine","status":"publish","type":"post","link":"https:\/\/imagazine.it\/home_desk\/cividale-mittelfest-svela-la-nuova-immagine\/","title":{"rendered":"Cividale, Mittelfest svela la nuova immagine"},"content":{"rendered":"<p> \t<em>Imprevisti<\/em> \u00e8 il tema dell\u2019edizione 2022 di <strong>Mittelfest<\/strong> in programma a <strong>Cividale del Friuli<\/strong> dal 22-31 luglio.<\/p>\n<p> \tOggi il direttore artistico del festival, <strong>Giacomo Pedini<\/strong>, ha svelato l\u2019immagine ufficiale dell\u2019evento.<\/p>\n<p> \t\u201c<em>L\u2019immagine, o meglio il collage di disegni, nasce da ci\u00f2 che <\/em><em>Mittelfest racconta in questa edizione, ovvero il rapporto con l\u2019ignoto e con tutto ci\u00f2 che ci sorprende, ci entusiasma, ci spaventa, ci lascia spiazzati o impietriti <\/em>\u2013 spiega <strong>Pedini<\/strong> \u2013 <em>Imprevisti \u00e8 <\/em><em>un tema che tocca anche le incertezze di questi anni, prima la pandemia e ora, tragicamente, la guerra in Ucraina. Eppure, \u00e8 anche un invito a essere felicemente umili, a darsi la possibilit\u00e0 di farsi stupire dal mondo, a non pensare che sia tutto scontato e gi\u00e0 scritto: ci\u00f2 che accade intorno a noi e che non possiamo n\u00e9 conoscere n\u00e9 controllare, non per forza viene per nuocere, pu\u00f2 essere un\u2019occasione per migliorare. Qui sta il valore di ognuno di noi, nel sapere reagire e dare agli imprevisti la forma migliore, per s\u00e9 e per gli altri. Queste possibilit\u00e0 inattese sono raccontate dalle tante storie, bizzarre e spiazzanti, che abbiamo racchiuso nell\u2019immagine Mittelfest 2022 e che saranno dentro agli spettacoli del festival e di Mittelyoung\u201d.<\/em><\/p>\n<p> \tCome l\u2019iconografia scelta per <em>Eredi<\/em>, anche quella di <em>Imprevisti<\/em> nasce da una costruzione materica e manuale attraverso l\u2019utilizzo dei colori del logo Mittelfest. La realizzazione, a cura dello <strong>studio Quadrato<\/strong> di Udine, ha sfruttato l\u2019imprevisto anche come metodo creativo: diverse figure e sagome ritagliate nella carta hanno composto in maniera inaspettata e quasi casuale dei puzzle fatti di colore, ombre e sovrapposizioni.<\/p>\n<p> \tNe \u00e8 nata un\u2019immagine che racchiude molteplici racconti dell\u2019imprevisto, una sorta di<strong> moderna <em>graphic novel<\/em><\/strong><em>,<\/em> un movimento di scene che richiamano situazioni positive e negative, piccoli frammenti di storie dal mondo naturale e animale, dall\u2019arte, dal mito e dalla vita quotidiana.<\/p>\n<p> \t<em>\u201cMittelfest vuole radicarsi come motore culturale per la Regione, per l\u2019Italia e la Mitteleuropa<\/em> \u2013 commenta il presidente <strong>Roberto Corciulo<\/strong> \u2013 <em>un impegno che riafferma con ancora pi\u00f9 forza in questo tragico momento storico in cui la cultura, in tutte le sue forme, pu\u00f2 trasformarsi in un potente messaggio di pace e di dialogo tra popoli e paesi\u201d.\u00a0 <\/em><\/p>\n<p> \tIl sito <u><a href=\"http:\/\/mittelfest.org\" target=\"_blank\" rel=\"noopener\"><span style=\"color:#0000cd;\"><strong>mittelfest.org<\/strong><\/span><\/a><\/u>, realizzato in cinque lingue (italiano, inglese, tedesco, sloveno e friulano) \u00e8 aggiornato con il manifesto ufficiale di Mittelfest 2022.<\/p>\n<p> \tIl programma di <em>Mittelyoung<\/em> (12-15 maggio) e di <em>Imprevisti<\/em> (22-31 luglio) saranno svelati durante la presentazione ufficiale che si svolger\u00e0 il prossimo 28 aprile.<\/p>\n<p> \t\u00a0<\/p>\n","protected":false},"excerpt":{"rendered":"<p>&#8220;Imprevisti&#8221; dal 22 al 31 luglio<\/p>\n","protected":false},"author":28,"featured_media":43311,"comment_status":"closed","ping_status":"closed","sticky":false,"template":"","format":"standard","meta":{"dwc-title":[],"dwc-content":[],"footnotes":""},"categories":[37],"tags":[],"class_list":["post-43310","post","type-post","status-publish","format-standard","has-post-thumbnail","hentry","category-cultura-e-spettacolo"],"rttpg_featured_image_url":{"full":["https:\/\/imagazine.it\/wp-content\/uploads\/2024\/01\/46834-1.webp",1000,531,false],"landscape":["https:\/\/imagazine.it\/wp-content\/uploads\/2024\/01\/46834-1.webp",1000,531,false],"portraits":["https:\/\/imagazine.it\/wp-content\/uploads\/2024\/01\/46834-1.webp",1000,531,false],"thumbnail":["https:\/\/imagazine.it\/wp-content\/uploads\/2024\/01\/46834-1-150x150.webp",150,150,true],"medium":["https:\/\/imagazine.it\/wp-content\/uploads\/2024\/01\/46834-1-300x159.webp",300,159,true],"large":["https:\/\/imagazine.it\/wp-content\/uploads\/2024\/01\/46834-1.webp",640,340,false],"thumblist":["https:\/\/imagazine.it\/wp-content\/uploads\/2024\/01\/46834-1.webp",300,159,false],"thumbrelated":["https:\/\/imagazine.it\/wp-content\/uploads\/2024\/01\/46834-1.webp",500,266,false],"meccarouselthumb":["https:\/\/imagazine.it\/wp-content\/uploads\/2024\/01\/46834-1.webp",474,252,false],"gridsquare":["https:\/\/imagazine.it\/wp-content\/uploads\/2024\/01\/46834-1.webp",391,208,false],"tileview":["https:\/\/imagazine.it\/wp-content\/uploads\/2024\/01\/46834-1.webp",300,159,false],"1536x1536":["https:\/\/imagazine.it\/wp-content\/uploads\/2024\/01\/46834-1.webp",1000,531,false],"2048x2048":["https:\/\/imagazine.it\/wp-content\/uploads\/2024\/01\/46834-1.webp",1000,531,false],"newsup-slider-full":["https:\/\/imagazine.it\/wp-content\/uploads\/2024\/01\/46834-1.webp",1000,531,false],"newsup-featured":["https:\/\/imagazine.it\/wp-content\/uploads\/2024\/01\/46834-1.webp",1000,531,false],"newsup-medium":["https:\/\/imagazine.it\/wp-content\/uploads\/2024\/01\/46834-1-720x380.webp",720,380,true],"tptn_thumbnail":["https:\/\/imagazine.it\/wp-content\/uploads\/2024\/01\/46834-1.webp",250,133,false],"sow-carousel-default":["https:\/\/imagazine.it\/wp-content\/uploads\/2024\/01\/46834-1-272x182.webp",272,182,true]},"rttpg_author":{"display_name":"redazione","author_link":"https:\/\/imagazine.it\/home_desk\/author\/redazione\/"},"rttpg_comment":0,"rttpg_category":"<a href=\"https:\/\/imagazine.it\/home_desk\/category\/cultura-e-spettacolo\/\" rel=\"category tag\">CULTURA&amp;SPETTACOLO<\/a>","rttpg_excerpt":"\"Imprevisti\" dal 22 al 31 luglio","_links":{"self":[{"href":"https:\/\/imagazine.it\/home_desk\/wp-json\/wp\/v2\/posts\/43310","targetHints":{"allow":["GET"]}}],"collection":[{"href":"https:\/\/imagazine.it\/home_desk\/wp-json\/wp\/v2\/posts"}],"about":[{"href":"https:\/\/imagazine.it\/home_desk\/wp-json\/wp\/v2\/types\/post"}],"author":[{"embeddable":true,"href":"https:\/\/imagazine.it\/home_desk\/wp-json\/wp\/v2\/users\/28"}],"replies":[{"embeddable":true,"href":"https:\/\/imagazine.it\/home_desk\/wp-json\/wp\/v2\/comments?post=43310"}],"version-history":[{"count":0,"href":"https:\/\/imagazine.it\/home_desk\/wp-json\/wp\/v2\/posts\/43310\/revisions"}],"wp:featuredmedia":[{"embeddable":true,"href":"https:\/\/imagazine.it\/home_desk\/wp-json\/wp\/v2\/media\/43311"}],"wp:attachment":[{"href":"https:\/\/imagazine.it\/home_desk\/wp-json\/wp\/v2\/media?parent=43310"}],"wp:term":[{"taxonomy":"category","embeddable":true,"href":"https:\/\/imagazine.it\/home_desk\/wp-json\/wp\/v2\/categories?post=43310"},{"taxonomy":"post_tag","embeddable":true,"href":"https:\/\/imagazine.it\/home_desk\/wp-json\/wp\/v2\/tags?post=43310"}],"curies":[{"name":"wp","href":"https:\/\/api.w.org\/{rel}","templated":true}]}}