{"id":43286,"date":"2022-03-24T00:00:00","date_gmt":"2022-03-23T23:00:00","guid":{"rendered":"https:\/\/imagazine.it\/?p=43286"},"modified":"2022-03-24T00:00:00","modified_gmt":"2022-03-23T23:00:00","slug":"aquileia-presentata-la-nuova-variante-viaria","status":"publish","type":"post","link":"https:\/\/imagazine.it\/home_desk\/aquileia-presentata-la-nuova-variante-viaria\/","title":{"rendered":"Aquileia, presentata la nuova variante viaria"},"content":{"rendered":"<p> \tVisita dell\u2019assessore regionale alle Infrastrutture, <strong>Graziano Pizzimenti<\/strong>, ad Aquileia dove in municipio ha incontrato il sindaco <strong>Emanuele Zorino<\/strong> per la presentazione della variante viaria studiata dalla Regione, tramite Fvg Strade, per togliere il traffico dal centro e dalle aree archeologiche.<\/p>\n<p> \t&#8220;Con questa operazione \u2013 ha dichiarato Pizzimenti \u2013 la strada, ex provinciale, oggi regionale, diventer\u00e0 di unica competenza del Comune, che potr\u00e0 disporne come meglio crede, tramite ordinanze, per la promozione e insieme la tutela delle vestigia dell&#39;antica citt\u00e0 romana. Oggi raggiungiamo un punto fermo importantissimo con chi governa il Comune e poi, appoggiandoci a questa prima &#8220;parte&#8221; della variante, andremo a confrontarci coi Municipi limitrofi per vedere se ci sono soluzioni ulteriori condivise con il territorio&#8221;.<\/p>\n<p> \tIl tracciato bypassa il centro e prevede una viabilit\u00e0 diversa per la sola Aquileia, di oltre 4 chilometri.<\/p>\n<p> \tParte dalla zona artigianale della citt\u00e0 per estendersi lungo via Bosco Moleco e insistere poi su via Pietro Blaserna; quindi l&#39;arrivo all&#39;incrocio dove sorge l&#39;essiccatoio Bozzoli per poi collegarsi alla ex strada provinciale 8, oggi strada regionale 8 fuori dall&#39;abitato di Aquileia.<\/p>\n<p> \tPer quanto attiene ai tempi, si prevede un avvio delle pratiche di esproprio tra fine 2022 e inizio 2023.<\/p>\n<p> \tI finanziamenti, globali, per la variante (complessiva) ammontano a 28 milioni di euro.<\/p>\n<p> \t\u201cGrazie alla nuova viabilit\u00e0 \u2013 hanno sostenuto le autorit\u00e0 presenti \u2013 via Giulia Augusta riacquister\u00e0 una dimensione urbana, mettendo in sicurezza pure le zone urbanizzate di via Beligna, oggi sottoposte alla pressione e alla velocit\u00e0 del traffico veicolare. L&#39;intervento andr\u00e0 anche a risolvere l&#39;annoso problema di accessibilit\u00e0 alla zona artigianale che, cos\u00ec, potr\u00e0 finalmente essere valorizzata. L&#39;opera non \u00e8 solo una &#8220;strada&#8221; ma diventa un &#8220;dispositivo&#8221; che attiva nuove possibilit\u00e0 per tutto il territorio\u201d.<\/p>\n<p> \t\u201cLa cosiddetta &#8220;tangenziale est&#8221; \u2013 ha dichiarato Zorino \u2013 potr\u00e0 diventare realt\u00e0, col miglioramento della qualit\u00e0 della vita della comunit\u00e0, la salvaguardia del patrimonio Unesco e la possibilit\u00e0 di ripensare radicalmente il funzionamento dell&#39;attuale assetto urbano. Nel contempo si prefigura la possibilit\u00e0 di intervenire sull&#39;esistente, prediligendo una mobilit\u00e0 lenta e una nuova fruizione degli spazi aperti, oggi pi\u00f9 che mai importanti per preservare anche la sicurezza sanitaria dei cittadini\u201d.<\/p>\n<p> \t\u00a0<\/p>\n","protected":false},"excerpt":{"rendered":"<p>Incontro ufficiale con la Regione<\/p>\n","protected":false},"author":28,"featured_media":43287,"comment_status":"closed","ping_status":"closed","sticky":false,"template":"","format":"standard","meta":{"dwc-title":[],"dwc-content":[],"footnotes":""},"categories":[5],"tags":[],"class_list":["post-43286","post","type-post","status-publish","format-standard","has-post-thumbnail","hentry","category-attualita"],"rttpg_featured_image_url":{"full":["https:\/\/imagazine.it\/wp-content\/uploads\/2024\/01\/46783-1.webp",1000,669,false],"landscape":["https:\/\/imagazine.it\/wp-content\/uploads\/2024\/01\/46783-1.webp",1000,669,false],"portraits":["https:\/\/imagazine.it\/wp-content\/uploads\/2024\/01\/46783-1.webp",1000,669,false],"thumbnail":["https:\/\/imagazine.it\/wp-content\/uploads\/2024\/01\/46783-1-150x150.webp",150,150,true],"medium":["https:\/\/imagazine.it\/wp-content\/uploads\/2024\/01\/46783-1-300x201.webp",300,201,true],"large":["https:\/\/imagazine.it\/wp-content\/uploads\/2024\/01\/46783-1.webp",640,428,false],"thumblist":["https:\/\/imagazine.it\/wp-content\/uploads\/2024\/01\/46783-1.webp",300,201,false],"thumbrelated":["https:\/\/imagazine.it\/wp-content\/uploads\/2024\/01\/46783-1.webp",500,335,false],"meccarouselthumb":["https:\/\/imagazine.it\/wp-content\/uploads\/2024\/01\/46783-1.webp",474,317,false],"gridsquare":["https:\/\/imagazine.it\/wp-content\/uploads\/2024\/01\/46783-1.webp",389,260,false],"tileview":["https:\/\/imagazine.it\/wp-content\/uploads\/2024\/01\/46783-1.webp",300,201,false],"1536x1536":["https:\/\/imagazine.it\/wp-content\/uploads\/2024\/01\/46783-1.webp",1000,669,false],"2048x2048":["https:\/\/imagazine.it\/wp-content\/uploads\/2024\/01\/46783-1.webp",1000,669,false],"newsup-slider-full":["https:\/\/imagazine.it\/wp-content\/uploads\/2024\/01\/46783-1.webp",1000,669,false],"newsup-featured":["https:\/\/imagazine.it\/wp-content\/uploads\/2024\/01\/46783-1.webp",1000,669,false],"newsup-medium":["https:\/\/imagazine.it\/wp-content\/uploads\/2024\/01\/46783-1-720x380.webp",720,380,true],"tptn_thumbnail":["https:\/\/imagazine.it\/wp-content\/uploads\/2024\/01\/46783-1.webp",250,167,false],"sow-carousel-default":["https:\/\/imagazine.it\/wp-content\/uploads\/2024\/01\/46783-1-272x182.webp",272,182,true]},"rttpg_author":{"display_name":"redazione","author_link":"https:\/\/imagazine.it\/home_desk\/author\/redazione\/"},"rttpg_comment":0,"rttpg_category":"<a href=\"https:\/\/imagazine.it\/home_desk\/category\/attualita\/\" rel=\"category tag\">ATTUALIT\u00c0<\/a>","rttpg_excerpt":"Incontro ufficiale con la Regione","_links":{"self":[{"href":"https:\/\/imagazine.it\/home_desk\/wp-json\/wp\/v2\/posts\/43286","targetHints":{"allow":["GET"]}}],"collection":[{"href":"https:\/\/imagazine.it\/home_desk\/wp-json\/wp\/v2\/posts"}],"about":[{"href":"https:\/\/imagazine.it\/home_desk\/wp-json\/wp\/v2\/types\/post"}],"author":[{"embeddable":true,"href":"https:\/\/imagazine.it\/home_desk\/wp-json\/wp\/v2\/users\/28"}],"replies":[{"embeddable":true,"href":"https:\/\/imagazine.it\/home_desk\/wp-json\/wp\/v2\/comments?post=43286"}],"version-history":[{"count":0,"href":"https:\/\/imagazine.it\/home_desk\/wp-json\/wp\/v2\/posts\/43286\/revisions"}],"wp:featuredmedia":[{"embeddable":true,"href":"https:\/\/imagazine.it\/home_desk\/wp-json\/wp\/v2\/media\/43287"}],"wp:attachment":[{"href":"https:\/\/imagazine.it\/home_desk\/wp-json\/wp\/v2\/media?parent=43286"}],"wp:term":[{"taxonomy":"category","embeddable":true,"href":"https:\/\/imagazine.it\/home_desk\/wp-json\/wp\/v2\/categories?post=43286"},{"taxonomy":"post_tag","embeddable":true,"href":"https:\/\/imagazine.it\/home_desk\/wp-json\/wp\/v2\/tags?post=43286"}],"curies":[{"name":"wp","href":"https:\/\/api.w.org\/{rel}","templated":true}]}}