{"id":43282,"date":"2022-03-24T00:00:00","date_gmt":"2022-03-23T23:00:00","guid":{"rendered":"https:\/\/imagazine.it\/?p=43282"},"modified":"2022-03-24T00:00:00","modified_gmt":"2022-03-23T23:00:00","slug":"terzo-di-aquileia-prosegue-la-ristrutturazione-del-polo-scolastico","status":"publish","type":"post","link":"https:\/\/imagazine.it\/home_desk\/terzo-di-aquileia-prosegue-la-ristrutturazione-del-polo-scolastico\/","title":{"rendered":"Terzo di Aquileia, prosegue la ristrutturazione del polo scolastico"},"content":{"rendered":"<p> \tSopralluogo dell&#39;assessore regionale alle Infrastrutture, <strong>Graziano Pizzimenti<\/strong>, al polo scolastico di <strong>Terzo di Aquileia<\/strong>, dove questa mattina ha incontrato il sindaco <strong>Giosualdo Quaini<\/strong>, gli insegnati e gli allievi durante le lezioni che si svolgono nei moduli prefabbricati allestiti nel plesso educativo di infanzia, primaria di primo grado e palestra, tutti in fase di ammodernamento.<\/p>\n<p> \t&#8220;I nuovi 30 moduli che il Comune di <strong>Terzo di Aquileia<\/strong> ha acquistato grazie a un finanziamento di 300 mila euro erogato della Regione sono funzionali, accoglienti e agevoli e consentono ai giovani allievi che frequentano il polo scolastico del paese di continuare il percorso formativo senza alcuna interruzione durante i lavori di ristrutturazione dell&#39;intero plesso in fase di esecuzione&#8221;, ha sottolineato Pizzimenti.<\/p>\n<p> \t&#8220;Una volta ultimati i lavori di restyling \u2013 ha aggiunto l\u2019assessore \u2013 i moduli potranno essere riutilizzati per altre esigenze: se il Comune di Terzo lo riterr\u00e0 opportuno, potranno infatti anche essere concessi in uso ad altre municipalit\u00e0 che ne avessero necessit\u00e0 temporanea. \u00a0Nei moduli sono state allestite alcune aule per sei classi delle primarie di primo grado, frequentate da 120 allievi. Ho potuto accertarmi delle condizioni di confort anche direttamente dai ragazzi, durante le lezioni: sono contenti e possono apprendere in luoghi che sentono sicuri&#8221;.<\/p>\n<p> \tL&#39;assessore regionale, assieme al sindaco, ha incontrato e dato il benvenuto anche a una studentessa ucraina che, in fuga dalla guerra, da poco si \u00e8 inserita del plesso di Terzo di Aquileia.<\/p>\n<p> \tIl polo educativo ospita complessivamente 160 allievi tra scuola dell&#39;infanzia ed elementare, compresi quelli provenienti anche dal comune di Cervignano del Friuli.<\/p>\n<p> \tNell&#39;area \u00e8 presente anche una palestra costruita alla fine degli anni &#39;60. Distribuito su un unico piano, il complesso di edifici \u00e8 oggetto di un&#39;opera di adeguamento antisismico grazie a un <strong>finanziamento di 3 milioni<\/strong> di euro stanziato dal Ministero dell&#39;Istruzione.<\/p>\n<p> \t\u00a0<\/p>\n","protected":false},"excerpt":{"rendered":"<p>Visita dell&#8217;assessore regionale Pizzimenti<\/p>\n","protected":false},"author":28,"featured_media":43283,"comment_status":"closed","ping_status":"closed","sticky":false,"template":"","format":"standard","meta":{"dwc-title":[],"dwc-content":[],"footnotes":""},"categories":[5],"tags":[],"class_list":["post-43282","post","type-post","status-publish","format-standard","has-post-thumbnail","hentry","category-attualita"],"rttpg_featured_image_url":{"full":["https:\/\/imagazine.it\/wp-content\/uploads\/2024\/01\/46780-1.webp",1000,667,false],"landscape":["https:\/\/imagazine.it\/wp-content\/uploads\/2024\/01\/46780-1.webp",1000,667,false],"portraits":["https:\/\/imagazine.it\/wp-content\/uploads\/2024\/01\/46780-1.webp",1000,667,false],"thumbnail":["https:\/\/imagazine.it\/wp-content\/uploads\/2024\/01\/46780-1-150x150.webp",150,150,true],"medium":["https:\/\/imagazine.it\/wp-content\/uploads\/2024\/01\/46780-1-300x200.webp",300,200,true],"large":["https:\/\/imagazine.it\/wp-content\/uploads\/2024\/01\/46780-1.webp",640,427,false],"thumblist":["https:\/\/imagazine.it\/wp-content\/uploads\/2024\/01\/46780-1.webp",300,200,false],"thumbrelated":["https:\/\/imagazine.it\/wp-content\/uploads\/2024\/01\/46780-1.webp",500,334,false],"meccarouselthumb":["https:\/\/imagazine.it\/wp-content\/uploads\/2024\/01\/46780-1.webp",474,316,false],"gridsquare":["https:\/\/imagazine.it\/wp-content\/uploads\/2024\/01\/46780-1.webp",391,260,false],"tileview":["https:\/\/imagazine.it\/wp-content\/uploads\/2024\/01\/46780-1.webp",300,200,false],"1536x1536":["https:\/\/imagazine.it\/wp-content\/uploads\/2024\/01\/46780-1.webp",1000,667,false],"2048x2048":["https:\/\/imagazine.it\/wp-content\/uploads\/2024\/01\/46780-1.webp",1000,667,false],"newsup-slider-full":["https:\/\/imagazine.it\/wp-content\/uploads\/2024\/01\/46780-1.webp",1000,667,false],"newsup-featured":["https:\/\/imagazine.it\/wp-content\/uploads\/2024\/01\/46780-1.webp",1000,667,false],"newsup-medium":["https:\/\/imagazine.it\/wp-content\/uploads\/2024\/01\/46780-1-720x380.webp",720,380,true],"tptn_thumbnail":["https:\/\/imagazine.it\/wp-content\/uploads\/2024\/01\/46780-1.webp",250,167,false],"sow-carousel-default":["https:\/\/imagazine.it\/wp-content\/uploads\/2024\/01\/46780-1-272x182.webp",272,182,true]},"rttpg_author":{"display_name":"redazione","author_link":"https:\/\/imagazine.it\/home_desk\/author\/redazione\/"},"rttpg_comment":0,"rttpg_category":"<a href=\"https:\/\/imagazine.it\/home_desk\/category\/attualita\/\" rel=\"category tag\">ATTUALIT\u00c0<\/a>","rttpg_excerpt":"Visita dell'assessore regionale Pizzimenti","_links":{"self":[{"href":"https:\/\/imagazine.it\/home_desk\/wp-json\/wp\/v2\/posts\/43282","targetHints":{"allow":["GET"]}}],"collection":[{"href":"https:\/\/imagazine.it\/home_desk\/wp-json\/wp\/v2\/posts"}],"about":[{"href":"https:\/\/imagazine.it\/home_desk\/wp-json\/wp\/v2\/types\/post"}],"author":[{"embeddable":true,"href":"https:\/\/imagazine.it\/home_desk\/wp-json\/wp\/v2\/users\/28"}],"replies":[{"embeddable":true,"href":"https:\/\/imagazine.it\/home_desk\/wp-json\/wp\/v2\/comments?post=43282"}],"version-history":[{"count":0,"href":"https:\/\/imagazine.it\/home_desk\/wp-json\/wp\/v2\/posts\/43282\/revisions"}],"wp:featuredmedia":[{"embeddable":true,"href":"https:\/\/imagazine.it\/home_desk\/wp-json\/wp\/v2\/media\/43283"}],"wp:attachment":[{"href":"https:\/\/imagazine.it\/home_desk\/wp-json\/wp\/v2\/media?parent=43282"}],"wp:term":[{"taxonomy":"category","embeddable":true,"href":"https:\/\/imagazine.it\/home_desk\/wp-json\/wp\/v2\/categories?post=43282"},{"taxonomy":"post_tag","embeddable":true,"href":"https:\/\/imagazine.it\/home_desk\/wp-json\/wp\/v2\/tags?post=43282"}],"curies":[{"name":"wp","href":"https:\/\/api.w.org\/{rel}","templated":true}]}}