{"id":43274,"date":"2022-03-24T00:00:00","date_gmt":"2022-03-23T23:00:00","guid":{"rendered":"https:\/\/imagazine.it\/?p=43274"},"modified":"2022-03-24T00:00:00","modified_gmt":"2022-03-23T23:00:00","slug":"baseball-laccademia-del-fvg-diventa-punto-fermo","status":"publish","type":"post","link":"https:\/\/imagazine.it\/home_desk\/baseball-laccademia-del-fvg-diventa-punto-fermo\/","title":{"rendered":"Baseball, l&#8217;Accademia del FVG diventa punto fermo"},"content":{"rendered":"<p> \tCon le due amichevoli di <strong>Cervignano del Friuli<\/strong> e <strong>San Lorenzo Isontino<\/strong> si \u00e8 concluso l\u2019<u><a href=\"http:\/\/www.imagazine.it\/notizie-trieste-gorizia-udine-friuli\/10817\" target=\"_blank\" rel=\"noopener\"><span style=\"color:#0000cd;\">anno formativo della <strong>Accademia Baseball FVG<\/strong><\/span><\/a><\/u>.<\/p>\n<p> \t\u00c8 stato un inverno ricco di spunti che ha permesso agli atleti di crescere sia fisicamente che mentalmente, ma non solo. Anche lo staff ha potuto studiare, imparare e migliorare le proprie conoscenze, che verranno utilizzate per progettare le attivit\u00e0 del prossimo anno.<\/p>\n<p> \t\u201cCome primo passo \u2013 afferma <strong>Daniele Santolupo<\/strong>, responsabile tecnico della Accademia \u2013 il responso pu\u00f2 essere solamente che positivo. Consapevoli che avremmo operato in un contesto innovativo e nuovo a livello regionale, i risultati avuti dalla crescita dei ragazzi e dalla loro dedizione, confermano la bont\u00e0 e professionalit\u00e0 che ha contraddistinto l&#39;operato dello Staff tecnico e dirigenziale. I ragazzi selezionati per questo primo corso di Accademia hanno mostrato fin dai provini qualit\u00e0 e capacit\u00e0: al termine dei 4 mesi di lavoro, si \u00e8 notata una crescita media del gruppo, verso l&#39;alto, in termini di costanza, attitudine, atteggiamento, consapevolezza e sacrificio, che sta a significare che anche a livello individuale si sono verificati dei grandi margini di miglioramento\u201d.<\/p>\n<p> \tSantolupo ha poi voluto parlare dell&#39;area atletica e fisica, che ha coperto met\u00e0 delle sessioni di allenamento previste: \u201cLo scopo era far emergere la singola crescita fisica necessaria poi per il consolidamento del fondamentale tecnico. I test fisici svolti nell&#39;ultima sessione di allenamento confermano la scelta e l&#39;orientamento del lavoro pensato e programmato, che non vuole fermarsi solamente a questa annata, ma che dia a ciascun accademista una base su cui rinforzare e sviluppare nei prossimi anni di programmazione\u201d.<\/p>\n<p> \t\u201cSono stati 6 mesi complicati \u2013 aggiunge il pitching coach <strong>Rolando Cretis<\/strong> \u2013 grazie soprattutto alle problematiche legate alla pandemia, ma ho visto ampi miglioramenti nella maggior parte dei lanciatori. Prestazioni e velocit\u00e0 sono migliorate in quasi tutti gli atleti, acquisendo e memorizzando per bene i concetti di meccanica di lancio trasmessi\u201d.<\/p>\n<p> \t\u201cIn tema \u201cbatteria di lancio\u201d \u2013 sottolinea il catcher coordinator <strong>Mario Da Re<\/strong> \u2013 ho voluto suddividere il programma di lavoro in varie fasi. La prima ha riguardato l\u2019acquisizione di solide fondamenta atletiche con l\u2019obiettivo di migliorare mobilit\u00e0, posizione a casa base e la ricezione. Successivamente, attraverso gli esercizi propedeutici al tiro, ci siamo concentrati sull\u2019influenza che ha l\u2019energia espressa dagli arti inferiori e dai fianchi sull\u2019azione di tiro e particolarmente sull\u2019allineamento casa-seconda base. Infine, nelle fasi successive sono stati affrontati e sviluppati altri aspetti specifici del ruolo. \u00c8 stata un\u2019esperienza alquanto soddisfacente merito anche dei ragazzi che ringrazio per aver dimostrato tanta voglia di imparare il Mestiere del Catcher\u201d.<\/p>\n<p> \t\u201cHo voluto concentrare il mio lavoro \u2013 spiega il batting coach <strong>Paolo Da Re<\/strong> \u2013 sugli aspetti fondamentali della battuta, quali il lavoro sull\u2019equilibrio dinamico nello swing e l\u2019acquisizione del concetto di connessione tra la parte bassa e la parte alta del corpo\u201d.<\/p>\n<p> \t\u201cPer quanto riguarda il mio reparto \u2013 conclude il coordinatore difensivo <strong>Alberto Furlani<\/strong> \u2013 devo dire che i ragazzi sono migliorati molto sia sul piano atletico che su quello<br \/> \tfisico, dimostrando una grandissima attitudine all\u2019apprendimento e al sacrificio\u201d.<\/p>\n<p> \tFurlani sposta poi l\u2019attenzione verso la parte mentale: \u201cCi tengo a sottolineare che i ragazzi si sono formati anche caratterialmente, risultando molto pi\u00f9 maturi da come si erano presentati all\u2019inizio di questo anno accademico\u201d.<\/p>\n<p> \t\u00a0<\/p>\n","protected":false},"excerpt":{"rendered":"<p>Concluso l&#8217;anno formativo<\/p>\n","protected":false},"author":28,"featured_media":43275,"comment_status":"closed","ping_status":"closed","sticky":false,"template":"","format":"standard","meta":{"dwc-title":[],"dwc-content":[],"footnotes":""},"categories":[38],"tags":[],"class_list":["post-43274","post","type-post","status-publish","format-standard","has-post-thumbnail","hentry","category-sport"],"rttpg_featured_image_url":{"full":["https:\/\/imagazine.it\/wp-content\/uploads\/2024\/01\/46757-1.webp",1000,664,false],"landscape":["https:\/\/imagazine.it\/wp-content\/uploads\/2024\/01\/46757-1.webp",1000,664,false],"portraits":["https:\/\/imagazine.it\/wp-content\/uploads\/2024\/01\/46757-1.webp",1000,664,false],"thumbnail":["https:\/\/imagazine.it\/wp-content\/uploads\/2024\/01\/46757-1-150x150.webp",150,150,true],"medium":["https:\/\/imagazine.it\/wp-content\/uploads\/2024\/01\/46757-1-300x199.webp",300,199,true],"large":["https:\/\/imagazine.it\/wp-content\/uploads\/2024\/01\/46757-1.webp",640,425,false],"thumblist":["https:\/\/imagazine.it\/wp-content\/uploads\/2024\/01\/46757-1.webp",300,199,false],"thumbrelated":["https:\/\/imagazine.it\/wp-content\/uploads\/2024\/01\/46757-1.webp",500,332,false],"meccarouselthumb":["https:\/\/imagazine.it\/wp-content\/uploads\/2024\/01\/46757-1.webp",474,315,false],"gridsquare":["https:\/\/imagazine.it\/wp-content\/uploads\/2024\/01\/46757-1.webp",391,260,false],"tileview":["https:\/\/imagazine.it\/wp-content\/uploads\/2024\/01\/46757-1.webp",300,199,false],"1536x1536":["https:\/\/imagazine.it\/wp-content\/uploads\/2024\/01\/46757-1.webp",1000,664,false],"2048x2048":["https:\/\/imagazine.it\/wp-content\/uploads\/2024\/01\/46757-1.webp",1000,664,false],"newsup-slider-full":["https:\/\/imagazine.it\/wp-content\/uploads\/2024\/01\/46757-1.webp",1000,664,false],"newsup-featured":["https:\/\/imagazine.it\/wp-content\/uploads\/2024\/01\/46757-1.webp",1000,664,false],"newsup-medium":["https:\/\/imagazine.it\/wp-content\/uploads\/2024\/01\/46757-1-720x380.webp",720,380,true],"tptn_thumbnail":["https:\/\/imagazine.it\/wp-content\/uploads\/2024\/01\/46757-1.webp",250,166,false],"sow-carousel-default":["https:\/\/imagazine.it\/wp-content\/uploads\/2024\/01\/46757-1-272x182.webp",272,182,true]},"rttpg_author":{"display_name":"redazione","author_link":"https:\/\/imagazine.it\/home_desk\/author\/redazione\/"},"rttpg_comment":0,"rttpg_category":"<a href=\"https:\/\/imagazine.it\/home_desk\/category\/sport\/\" rel=\"category tag\">SPORT<\/a>","rttpg_excerpt":"Concluso l'anno formativo","_links":{"self":[{"href":"https:\/\/imagazine.it\/home_desk\/wp-json\/wp\/v2\/posts\/43274","targetHints":{"allow":["GET"]}}],"collection":[{"href":"https:\/\/imagazine.it\/home_desk\/wp-json\/wp\/v2\/posts"}],"about":[{"href":"https:\/\/imagazine.it\/home_desk\/wp-json\/wp\/v2\/types\/post"}],"author":[{"embeddable":true,"href":"https:\/\/imagazine.it\/home_desk\/wp-json\/wp\/v2\/users\/28"}],"replies":[{"embeddable":true,"href":"https:\/\/imagazine.it\/home_desk\/wp-json\/wp\/v2\/comments?post=43274"}],"version-history":[{"count":0,"href":"https:\/\/imagazine.it\/home_desk\/wp-json\/wp\/v2\/posts\/43274\/revisions"}],"wp:featuredmedia":[{"embeddable":true,"href":"https:\/\/imagazine.it\/home_desk\/wp-json\/wp\/v2\/media\/43275"}],"wp:attachment":[{"href":"https:\/\/imagazine.it\/home_desk\/wp-json\/wp\/v2\/media?parent=43274"}],"wp:term":[{"taxonomy":"category","embeddable":true,"href":"https:\/\/imagazine.it\/home_desk\/wp-json\/wp\/v2\/categories?post=43274"},{"taxonomy":"post_tag","embeddable":true,"href":"https:\/\/imagazine.it\/home_desk\/wp-json\/wp\/v2\/tags?post=43274"}],"curies":[{"name":"wp","href":"https:\/\/api.w.org\/{rel}","templated":true}]}}