{"id":43256,"date":"2022-03-23T00:00:00","date_gmt":"2022-03-22T23:00:00","guid":{"rendered":"https:\/\/imagazine.it\/?p=43256"},"modified":"2022-03-23T00:00:00","modified_gmt":"2022-03-22T23:00:00","slug":"lallocco-degli-urali-torna-a-volare-sui-cieli-del-fvg","status":"publish","type":"post","link":"https:\/\/imagazine.it\/home_desk\/lallocco-degli-urali-torna-a-volare-sui-cieli-del-fvg\/","title":{"rendered":"L&#8217;allocco degli Urali torna a volare sui cieli del FVG"},"content":{"rendered":"<p> \tL\u2019<strong>Universit\u00e0<\/strong> <strong>di Udine<\/strong> ha curato e rilasciato in natura, nella <strong>Riserva naturale regionale del Lago di Cornino<\/strong>, un raro esemplare di <strong>allocco degli Urali<\/strong> (<em>Strix uralensis<\/em>), che era stato investito da un automezzo lo scorso febbraio nel comune di Tarcento.<\/p>\n<p> \tSi tratta di un esemplare femmina di un anno di et\u00e0 che, prima di essere rilasciato, \u00e8 stato inanellato da <strong>Luigi Taiariol<\/strong>, ornitologo autorizzato dall\u2019Istituto Superiore per la Protezione e la Ricerca Ambientale con un dispositivo totalmente sicuro per l\u2019animale, che permetter\u00e0 di stabilire la dispersione del rapace notturno in Friuli Venezia Giulia e nei vicini Veneto e Slovenia.<\/p>\n<p> \tL\u2019allocco dopo l\u2019incidente \u00e8 stato trasportato al Centro di ricerca e coordinamento per il Recupero della fauna selvatica all\u2019interno dell\u2019Azienda agraria Antonio Servadei di Pagnacco del dipartimento di Scienze agroalimentari, ambientali e animali dell\u2019ateneo friulano, grazie all\u2019attivit\u00e0 di coordinamento svolta dalla Direzione centrale risorse agroalimentari, forestali e ittiche.<\/p>\n<p> \t\u201cAbbiamo visitato e sottoposto ad accurati accertamenti l\u2019animale che si presentava sofferente e iporeattivo per escludere fratture o altre lesioni traumatiche gravi &#8211; spiega <strong>Stefano Pesaro<\/strong>, veterinario dell\u2019Universit\u00e0 -. Nel periodo di degenza nella struttura universitaria il rapace ha recuperato le sue condizioni e, dopo una settimana e accurati accertamenti negli appositi tunnel di volo da 30 metri utilizzati per rafforzare la muscolatura degli animali in degenza, \u00e8 stato pronto per essere rimesso in natura. Lo abbiamo cos\u00ec liberato nella Riserva del lago di Cornino, dove questa specie \u00e8 gi\u00e0 presente\u201d.<\/p>\n<p> \tL\u2019allocco degli Urali, dopo il gufo reale, \u00e8 il secondo rapace notturno per dimensioni corporee presente in Italia. \u00c8 presente in maniera stabile soltanto nell\u2019area alpina e prealpina del Friuli Venezia Giulia con una decina di aree di nidificazione monitorate ogni anno dagli esperti.<\/p>\n<p> \tIn base delle osservazioni da parte di <strong>Fulvio Genero<\/strong>, studioso di questa specie e direttore scientifico della Riserva del Lago di Cornino, con cui l\u2019ateneo friulano collabora, l\u2019allocco degli Urali \u00e8 molto aumentata lo scorso anno a causa dell\u2019esplosione dei micromammiferi presenti nella \u201cpasciona\u201d del faggio, di cui gli allocchi si nutrono.<\/p>\n<p> \t\u201cL\u2019abbondanza di queste prede \u2013 spiega Genero \u2013 ha favorito la presenza di nidiate, esponendo anche i giovani individui, pi\u00f9 \u201cinesperti\u201d, a incidenti come investimenti stradali e impatti con vetrate\u201d. Secondo il monitoraggio della fauna in difficolt\u00e0 da parte del dipartimento di Scienze agroalimentari ambientali e animali dell\u2019ateneo e della Regione dallo scorso ottobre a oggi sono stati rinvenuti sul territorio regionale sei individui, di cui due in difficolt\u00e0, mentre altri quattro sono deceduti.<\/p>\n<p> \t\u201cGrazie alla collaborazione con l\u2019ateneo di Udine \u2013 conclude <strong>Luca Sicuro<\/strong>, presidente della Cooperativa Pavees, impegnata nella riserva del Cornino \u2013 la nostra realt\u00e0 pu\u00f2 partecipare a progetti importanti che danno risalto e permettono alla riserva di partecipare all\u2019attivit\u00e0 di ricerca\u201d.<\/p>\n<p> \t\u00a0<\/p>\n","protected":false},"excerpt":{"rendered":"<p>Recuperato e liberato nella Riserva del Lago di Cornino<\/p>\n","protected":false},"author":28,"featured_media":43257,"comment_status":"closed","ping_status":"closed","sticky":false,"template":"","format":"standard","meta":{"dwc-title":[],"dwc-content":[],"footnotes":""},"categories":[5],"tags":[],"class_list":["post-43256","post","type-post","status-publish","format-standard","has-post-thumbnail","hentry","category-attualita"],"rttpg_featured_image_url":{"full":["https:\/\/imagazine.it\/wp-content\/uploads\/2024\/01\/46728-1.webp",1000,853,false],"landscape":["https:\/\/imagazine.it\/wp-content\/uploads\/2024\/01\/46728-1.webp",1000,853,false],"portraits":["https:\/\/imagazine.it\/wp-content\/uploads\/2024\/01\/46728-1.webp",1000,853,false],"thumbnail":["https:\/\/imagazine.it\/wp-content\/uploads\/2024\/01\/46728-1-150x150.webp",150,150,true],"medium":["https:\/\/imagazine.it\/wp-content\/uploads\/2024\/01\/46728-1-300x256.webp",300,256,true],"large":["https:\/\/imagazine.it\/wp-content\/uploads\/2024\/01\/46728-1.webp",640,546,false],"thumblist":["https:\/\/imagazine.it\/wp-content\/uploads\/2024\/01\/46728-1.webp",300,256,false],"thumbrelated":["https:\/\/imagazine.it\/wp-content\/uploads\/2024\/01\/46728-1.webp",500,427,false],"meccarouselthumb":["https:\/\/imagazine.it\/wp-content\/uploads\/2024\/01\/46728-1.webp",380,324,false],"gridsquare":["https:\/\/imagazine.it\/wp-content\/uploads\/2024\/01\/46728-1.webp",305,260,false],"tileview":["https:\/\/imagazine.it\/wp-content\/uploads\/2024\/01\/46728-1.webp",300,256,false],"1536x1536":["https:\/\/imagazine.it\/wp-content\/uploads\/2024\/01\/46728-1.webp",1000,853,false],"2048x2048":["https:\/\/imagazine.it\/wp-content\/uploads\/2024\/01\/46728-1.webp",1000,853,false],"newsup-slider-full":["https:\/\/imagazine.it\/wp-content\/uploads\/2024\/01\/46728-1-1000x720.webp",1000,720,true],"newsup-featured":["https:\/\/imagazine.it\/wp-content\/uploads\/2024\/01\/46728-1.webp",1000,853,false],"newsup-medium":["https:\/\/imagazine.it\/wp-content\/uploads\/2024\/01\/46728-1-720x380.webp",720,380,true],"tptn_thumbnail":["https:\/\/imagazine.it\/wp-content\/uploads\/2024\/01\/46728-1.webp",246,210,false],"sow-carousel-default":["https:\/\/imagazine.it\/wp-content\/uploads\/2024\/01\/46728-1-272x182.webp",272,182,true]},"rttpg_author":{"display_name":"redazione","author_link":"https:\/\/imagazine.it\/home_desk\/author\/redazione\/"},"rttpg_comment":0,"rttpg_category":"<a href=\"https:\/\/imagazine.it\/home_desk\/category\/attualita\/\" rel=\"category tag\">ATTUALIT\u00c0<\/a>","rttpg_excerpt":"Recuperato e liberato nella Riserva del Lago di Cornino","_links":{"self":[{"href":"https:\/\/imagazine.it\/home_desk\/wp-json\/wp\/v2\/posts\/43256","targetHints":{"allow":["GET"]}}],"collection":[{"href":"https:\/\/imagazine.it\/home_desk\/wp-json\/wp\/v2\/posts"}],"about":[{"href":"https:\/\/imagazine.it\/home_desk\/wp-json\/wp\/v2\/types\/post"}],"author":[{"embeddable":true,"href":"https:\/\/imagazine.it\/home_desk\/wp-json\/wp\/v2\/users\/28"}],"replies":[{"embeddable":true,"href":"https:\/\/imagazine.it\/home_desk\/wp-json\/wp\/v2\/comments?post=43256"}],"version-history":[{"count":0,"href":"https:\/\/imagazine.it\/home_desk\/wp-json\/wp\/v2\/posts\/43256\/revisions"}],"wp:featuredmedia":[{"embeddable":true,"href":"https:\/\/imagazine.it\/home_desk\/wp-json\/wp\/v2\/media\/43257"}],"wp:attachment":[{"href":"https:\/\/imagazine.it\/home_desk\/wp-json\/wp\/v2\/media?parent=43256"}],"wp:term":[{"taxonomy":"category","embeddable":true,"href":"https:\/\/imagazine.it\/home_desk\/wp-json\/wp\/v2\/categories?post=43256"},{"taxonomy":"post_tag","embeddable":true,"href":"https:\/\/imagazine.it\/home_desk\/wp-json\/wp\/v2\/tags?post=43256"}],"curies":[{"name":"wp","href":"https:\/\/api.w.org\/{rel}","templated":true}]}}