{"id":43236,"date":"2022-03-18T00:00:00","date_gmt":"2022-03-17T23:00:00","guid":{"rendered":"https:\/\/imagazine.it\/?p=43236"},"modified":"2022-03-18T00:00:00","modified_gmt":"2022-03-17T23:00:00","slug":"la-vita-di-petrolini-ipnotizza-grado","status":"publish","type":"post","link":"https:\/\/imagazine.it\/home_desk\/la-vita-di-petrolini-ipnotizza-grado\/","title":{"rendered":"La vita di Petrolini ipnotizza Grado"},"content":{"rendered":"<p> \tNon solo uno spettacolo divertentemente e intelligente, ma una lezione chiara a garbata della storia della comicit\u00e0 italiana.<\/p>\n<p> \t<strong>Dario Ballantini<\/strong>, attore trasformista, imitatore e cantante a <strong>Grado<\/strong>, nell\u2019ambito della rassegna promossa dall\u2019ERT \u2013 Ente Regionale Teatrale del FVG \u2013, non solo ha ridato vita ai personaggi pi\u00f9 famosi creati da Ettore Petrolini (Roma 1884-1936), padre della comicit\u00e0 italiana. Lo ha anche raccontato nella storia umana, straordinaria e geniale, di sofferenza, di complessit\u00e0 contraddittoria, sempre ironica e dissacrante verso tutto e tutti, anche se stesso.<\/p>\n<p> \tDario Ballantini, figlio di un attore fallito e nipote di uno zio tenore a cui era mancata l\u2019occasione, \u00e8 attore colto e raffinato, lui stesso complesso, uomo di teatro e pittore; due linguaggi strettamente connessi, complementari.<\/p>\n<p> \tIn scena, non solo ha vestito i panni dei personaggi petroliniani: Gigi Bullo, Salamini, la Sonnambula, Amleto, Nerone, Fortunello e Gastone. Ne ha spiegato anche l\u2019anima.<\/p>\n<p> \tDi Petrolini ha ripercorso la spinta a calcare le scene, la genialit\u00e0, chi era, da dove veniva, come si era rapportato con il potere e il fascismo in che cosa \u00e8 stato unico, maestro dei grandi del teatro italiano da Gigi Proietti a Nino Manfredi e Vittorio Gasmann.<\/p>\n<p> \tPetrolini ha inventato gli slogan, i tormentoni, la comicit\u00e0 assurda, i dialoghi surreali. Un essere tante maschere che interpretano la realt\u00e0 in modo sottile, chirurgico, ma senza piet\u00e0, divertendo. Per non parlare poi dell\u2019attualit\u00e0 dei suoi personaggi.<\/p>\n<p> \tIl livornese Dario Ballantini, arrivato dopo una lunga gavetta al successo, \u00e8 noto al grande pubblico per le imitazioni dello stilista, ma\u00eetre d\u2019<em>\u00e9l\u00e8gance <\/em>Valentino e del giornalista Bruno Vespa in \u201c<em>Striscia la Notizia<\/em>\u201d.<\/p>\n<p> \tMa \u00e8 riduttivo associarlo e apprezzarlo solo sul piccolo schermo. Ballantini \u00e8 un valente attore di teatro, elegante e signorile, versatile e profondo nel dare vita a personaggi, capace di tenere il pubblico e la scena senza forzature, anche nel delicato momento di cambio \u201cpanni\u201d.<\/p>\n<p> \tTutto si volge davanti alla platea, il buio e le note come immateriale sipario. Sul palco un piccolo \u201ccamerino\u201d dove avviene la mutazione. \u201cQuesto apparato scenico fu costruito 30 anni fa da mio padre, quando misi in scena per la prima volta questo spettacolo\u201d, ha confessato al pubblico. Un modo per ricordare il padre con il quale il legame era riservato ma saldo.<\/p>\n<p> \tSul palco l\u2019ottimo maestro <strong>Marcello Fiorini<\/strong>, che ha eseguito alla fisarmonica il commento musicale, curando anche gli arrangiamenti dei brani.<\/p>\n<p> \tEntusiasta il pubblico che non ha lesinato applausi e tanti \u201cBravo\u201d.<\/p>\n<p> \t\u00a0<\/p>\n","protected":false},"excerpt":{"rendered":"<p>Applausi all&#8217;Auditorium Marin<\/p>\n","protected":false},"author":23,"featured_media":43237,"comment_status":"closed","ping_status":"closed","sticky":false,"template":"","format":"standard","meta":{"dwc-title":[],"dwc-content":[],"footnotes":""},"categories":[37],"tags":[],"class_list":["post-43236","post","type-post","status-publish","format-standard","has-post-thumbnail","hentry","category-cultura-e-spettacolo"],"rttpg_featured_image_url":{"full":["https:\/\/imagazine.it\/wp-content\/uploads\/2024\/01\/46696-1.webp",1800,1200,false],"landscape":["https:\/\/imagazine.it\/wp-content\/uploads\/2024\/01\/46696-1.webp",1800,1200,false],"portraits":["https:\/\/imagazine.it\/wp-content\/uploads\/2024\/01\/46696-1.webp",1800,1200,false],"thumbnail":["https:\/\/imagazine.it\/wp-content\/uploads\/2024\/01\/46696-1-150x150.webp",150,150,true],"medium":["https:\/\/imagazine.it\/wp-content\/uploads\/2024\/01\/46696-1-300x200.webp",300,200,true],"large":["https:\/\/imagazine.it\/wp-content\/uploads\/2024\/01\/46696-1-1024x683.webp",640,427,true],"thumblist":["https:\/\/imagazine.it\/wp-content\/uploads\/2024\/01\/46696-1.webp",300,200,false],"thumbrelated":["https:\/\/imagazine.it\/wp-content\/uploads\/2024\/01\/46696-1.webp",500,333,false],"meccarouselthumb":["https:\/\/imagazine.it\/wp-content\/uploads\/2024\/01\/46696-1.webp",474,316,false],"gridsquare":["https:\/\/imagazine.it\/wp-content\/uploads\/2024\/01\/46696-1.webp",391,260,false],"tileview":["https:\/\/imagazine.it\/wp-content\/uploads\/2024\/01\/46696-1.webp",300,200,false],"1536x1536":["https:\/\/imagazine.it\/wp-content\/uploads\/2024\/01\/46696-1-1536x1024.webp",1536,1024,true],"2048x2048":["https:\/\/imagazine.it\/wp-content\/uploads\/2024\/01\/46696-1.webp",1800,1200,false],"newsup-slider-full":["https:\/\/imagazine.it\/wp-content\/uploads\/2024\/01\/46696-1-1280x720.webp",1280,720,true],"newsup-featured":["https:\/\/imagazine.it\/wp-content\/uploads\/2024\/01\/46696-1-1024x683.webp",1024,683,true],"newsup-medium":["https:\/\/imagazine.it\/wp-content\/uploads\/2024\/01\/46696-1-720x380.webp",720,380,true],"tptn_thumbnail":["https:\/\/imagazine.it\/wp-content\/uploads\/2024\/01\/46696-1.webp",250,167,false],"sow-carousel-default":["https:\/\/imagazine.it\/wp-content\/uploads\/2024\/01\/46696-1-272x182.webp",272,182,true]},"rttpg_author":{"display_name":"Margherita Reguitti","author_link":"https:\/\/imagazine.it\/home_desk\/author\/reguitti\/"},"rttpg_comment":0,"rttpg_category":"<a href=\"https:\/\/imagazine.it\/home_desk\/category\/cultura-e-spettacolo\/\" rel=\"category tag\">CULTURA&amp;SPETTACOLO<\/a>","rttpg_excerpt":"Applausi all'Auditorium Marin","_links":{"self":[{"href":"https:\/\/imagazine.it\/home_desk\/wp-json\/wp\/v2\/posts\/43236","targetHints":{"allow":["GET"]}}],"collection":[{"href":"https:\/\/imagazine.it\/home_desk\/wp-json\/wp\/v2\/posts"}],"about":[{"href":"https:\/\/imagazine.it\/home_desk\/wp-json\/wp\/v2\/types\/post"}],"author":[{"embeddable":true,"href":"https:\/\/imagazine.it\/home_desk\/wp-json\/wp\/v2\/users\/23"}],"replies":[{"embeddable":true,"href":"https:\/\/imagazine.it\/home_desk\/wp-json\/wp\/v2\/comments?post=43236"}],"version-history":[{"count":0,"href":"https:\/\/imagazine.it\/home_desk\/wp-json\/wp\/v2\/posts\/43236\/revisions"}],"wp:featuredmedia":[{"embeddable":true,"href":"https:\/\/imagazine.it\/home_desk\/wp-json\/wp\/v2\/media\/43237"}],"wp:attachment":[{"href":"https:\/\/imagazine.it\/home_desk\/wp-json\/wp\/v2\/media?parent=43236"}],"wp:term":[{"taxonomy":"category","embeddable":true,"href":"https:\/\/imagazine.it\/home_desk\/wp-json\/wp\/v2\/categories?post=43236"},{"taxonomy":"post_tag","embeddable":true,"href":"https:\/\/imagazine.it\/home_desk\/wp-json\/wp\/v2\/tags?post=43236"}],"curies":[{"name":"wp","href":"https:\/\/api.w.org\/{rel}","templated":true}]}}