{"id":43230,"date":"2022-03-21T00:00:00","date_gmt":"2022-03-20T23:00:00","guid":{"rendered":"https:\/\/imagazine.it\/?p=43230"},"modified":"2022-03-21T00:00:00","modified_gmt":"2022-03-20T23:00:00","slug":"cervignano-celebra-cinquantanni-di-baseball","status":"publish","type":"post","link":"https:\/\/imagazine.it\/home_desk\/cervignano-celebra-cinquantanni-di-baseball\/","title":{"rendered":"Cervignano celebra cinquant&#8217;anni di baseball"},"content":{"rendered":"<p> \t<strong>Domenica 27 marzo<\/strong> alle ore 10.30 al <strong>Teatro Pasolini di Cervignano del Friuli<\/strong> la locale societ\u00e0 di baseball, il <strong>Cervignano Baseball Asd Tigers<\/strong>, festegger\u00e0 i 50 anni dalla fondazione della originaria societ\u00e0 di baseball, sorta nel 1972 con il nome <strong>Baseball Club Ricreatorio San Michele<\/strong>.<\/p>\n<p> \tPer un trentennio l\u2019associazione ha quindi avuto lo storico nome di <strong>Panthers Baseball Softball Club<\/strong>, declinando anche al femminile quella disciplina sportiva che aveva incontrato l\u2019apprezzamento di decine di ragazze cervignanesi cimentatesi nel softball.<\/p>\n<p> \tI <strong>Tigers<\/strong> sono oggi gli eredi di quel piccolo gruppo di appassionati che hanno dato il via allo sport del baseball cervignanese, nell\u2019ambito del Ricreatorio San Michele, e che tappa dopo tappa hanno consolidato lo sport del \u201cbatti e corri\u201d nel centro della bassa friulana, ottenendo nel corso degli anni le promozioni nei vari campionati: dalla serie D di partenza per arrivare in C1, poi in B e ora, da 2 anni, nel massimo campionato italiano di Serie A.<\/p>\n<p> \t\u201cPunto di forza della nostra realt\u00e0 sportiva \u2013 afferma il presidente dei Tigers, <strong>Tito Ricciarelli<\/strong> \u2013 \u00e8 il settore giovanile che, dai piccolissimi del Minibaseball\/Minisoftball proseguendo con le formazioni Under 12 baseball e Under 13 softball per arrivare alle squadre Under 15, \u00e8 al centro dell\u2019attenzione dei dirigenti, sensibili nel migliorare la partecipazione all\u2019attivit\u00e0 sportiva delle giovani generazioni di cervignanesi e non solo, in quanto l\u2019offerta di attivit\u00e0 sportiva va a incontrare il favore anche di molti ragazzi e ragazze dei paesi vicini, con l\u2019ampia azione divulgativa promossa nelle scuole di Aquileia, Fiumicello Villa Vicentina, Terzo d\u2019Aquileia, Aiello e Ruda\u201d.<\/p>\n<p> \tAttivit\u00e0 non solo prettamente sportive, come il Campo Scuola Montano, o i vari tornei disputati sul rinnovato impianto di piazzale Lanceri d\u2019Aosta, ma iniziative anche legate al tessuto sociale di Cervignano come i centri estivi sui campi di baseball\/softball, la Fiera di San Martino, la pista di pattinaggio durante il periodo natalizio, a conferma di un\u2019azione ad ampio raggio rivolta ai pi\u00f9 giovani e anche agli adulti, come la costituzione della squadra amatoriale.<\/p>\n<p> \tCiliegina sulla torta di tanta attivit\u00e0 \u00e8 stata la conquista del titolo di <strong>Campioni d\u2019Italia Under 12<\/strong> lo scorso ottobre a Modena, al termine di un lungo quanto entusiasmante campionato.<\/p>\n<p> \t\u201cPer festeggiare i cinquanta anni di attivit\u00e0 \u2013 spiega <strong>Lucio Tomasin<\/strong>, componente del direttivo dei Tigers \u2013 ho ricostruito e raccontato la storia delle varie squadre che hanno operato nel mondo del baseball cervignanese in un libro che ha come unica pretesa quella di fermare il ricordo di tanta attivit\u00e0 e lavoro svolti nel corso di questo lungo arco di tempo, che \u00e8 proprio una vita. Ne \u00e8 risultato un tomo ricco di notizie e di fotografie, oltre alle mie aspettative: non credevo ci fossero tanti ricordi da fissare, non solo delle fredde serie di risultati e classifiche, ma anche e soprattutto azioni, lavori, commenti e persone che si sono avvicendate nelle diverse vesti di atleti, tecnici, dirigenti, collaboratori o semplicemente come amici\u201d.<\/p>\n<p> \tIl libro sar\u00e0 presentato proprio in occasione della cerimonia di festeggiamenti in programma il 27 marzo al Pasolini.<\/p>\n<p> \t\u00a0<\/p>\n","protected":false},"excerpt":{"rendered":"<p>Domenica 27 marzo<\/p>\n","protected":false},"author":28,"featured_media":43231,"comment_status":"closed","ping_status":"closed","sticky":false,"template":"","format":"standard","meta":{"dwc-title":[],"dwc-content":[],"footnotes":""},"categories":[38],"tags":[],"class_list":["post-43230","post","type-post","status-publish","format-standard","has-post-thumbnail","hentry","category-sport"],"rttpg_featured_image_url":{"full":["https:\/\/imagazine.it\/wp-content\/uploads\/2024\/01\/46688-1.webp",1460,734,false],"landscape":["https:\/\/imagazine.it\/wp-content\/uploads\/2024\/01\/46688-1.webp",1460,734,false],"portraits":["https:\/\/imagazine.it\/wp-content\/uploads\/2024\/01\/46688-1.webp",1460,734,false],"thumbnail":["https:\/\/imagazine.it\/wp-content\/uploads\/2024\/01\/46688-1-150x150.webp",150,150,true],"medium":["https:\/\/imagazine.it\/wp-content\/uploads\/2024\/01\/46688-1-300x151.webp",300,151,true],"large":["https:\/\/imagazine.it\/wp-content\/uploads\/2024\/01\/46688-1-1024x515.webp",640,322,true],"thumblist":["https:\/\/imagazine.it\/wp-content\/uploads\/2024\/01\/46688-1.webp",300,151,false],"thumbrelated":["https:\/\/imagazine.it\/wp-content\/uploads\/2024\/01\/46688-1.webp",500,251,false],"meccarouselthumb":["https:\/\/imagazine.it\/wp-content\/uploads\/2024\/01\/46688-1.webp",474,238,false],"gridsquare":["https:\/\/imagazine.it\/wp-content\/uploads\/2024\/01\/46688-1.webp",391,197,false],"tileview":["https:\/\/imagazine.it\/wp-content\/uploads\/2024\/01\/46688-1.webp",300,151,false],"1536x1536":["https:\/\/imagazine.it\/wp-content\/uploads\/2024\/01\/46688-1.webp",1460,734,false],"2048x2048":["https:\/\/imagazine.it\/wp-content\/uploads\/2024\/01\/46688-1.webp",1460,734,false],"newsup-slider-full":["https:\/\/imagazine.it\/wp-content\/uploads\/2024\/01\/46688-1-1280x720.webp",1280,720,true],"newsup-featured":["https:\/\/imagazine.it\/wp-content\/uploads\/2024\/01\/46688-1-1024x515.webp",1024,515,true],"newsup-medium":["https:\/\/imagazine.it\/wp-content\/uploads\/2024\/01\/46688-1-720x380.webp",720,380,true],"tptn_thumbnail":["https:\/\/imagazine.it\/wp-content\/uploads\/2024\/01\/46688-1.webp",250,126,false],"sow-carousel-default":["https:\/\/imagazine.it\/wp-content\/uploads\/2024\/01\/46688-1-272x182.webp",272,182,true]},"rttpg_author":{"display_name":"redazione","author_link":"https:\/\/imagazine.it\/home_desk\/author\/redazione\/"},"rttpg_comment":0,"rttpg_category":"<a href=\"https:\/\/imagazine.it\/home_desk\/category\/sport\/\" rel=\"category tag\">SPORT<\/a>","rttpg_excerpt":"Domenica 27 marzo","_links":{"self":[{"href":"https:\/\/imagazine.it\/home_desk\/wp-json\/wp\/v2\/posts\/43230","targetHints":{"allow":["GET"]}}],"collection":[{"href":"https:\/\/imagazine.it\/home_desk\/wp-json\/wp\/v2\/posts"}],"about":[{"href":"https:\/\/imagazine.it\/home_desk\/wp-json\/wp\/v2\/types\/post"}],"author":[{"embeddable":true,"href":"https:\/\/imagazine.it\/home_desk\/wp-json\/wp\/v2\/users\/28"}],"replies":[{"embeddable":true,"href":"https:\/\/imagazine.it\/home_desk\/wp-json\/wp\/v2\/comments?post=43230"}],"version-history":[{"count":0,"href":"https:\/\/imagazine.it\/home_desk\/wp-json\/wp\/v2\/posts\/43230\/revisions"}],"wp:featuredmedia":[{"embeddable":true,"href":"https:\/\/imagazine.it\/home_desk\/wp-json\/wp\/v2\/media\/43231"}],"wp:attachment":[{"href":"https:\/\/imagazine.it\/home_desk\/wp-json\/wp\/v2\/media?parent=43230"}],"wp:term":[{"taxonomy":"category","embeddable":true,"href":"https:\/\/imagazine.it\/home_desk\/wp-json\/wp\/v2\/categories?post=43230"},{"taxonomy":"post_tag","embeddable":true,"href":"https:\/\/imagazine.it\/home_desk\/wp-json\/wp\/v2\/tags?post=43230"}],"curies":[{"name":"wp","href":"https:\/\/api.w.org\/{rel}","templated":true}]}}