{"id":43222,"date":"2022-03-18T00:00:00","date_gmt":"2022-03-17T23:00:00","guid":{"rendered":"https:\/\/imagazine.it\/?p=43222"},"modified":"2022-03-18T00:00:00","modified_gmt":"2022-03-17T23:00:00","slug":"karate-nuove-medaglie-per-i-campioncini-di-strassoldo","status":"publish","type":"post","link":"https:\/\/imagazine.it\/home_desk\/karate-nuove-medaglie-per-i-campioncini-di-strassoldo\/","title":{"rendered":"Karate, nuove medaglie per i campioncini di Strassoldo"},"content":{"rendered":"<p> \tGli atleti dell\u2019<strong>Asd<\/strong> <strong>Karate Strassoldo<\/strong> guidati da <strong>Michael Zamaro<\/strong>, sono ritornati sul tatami per la prima gara dell\u2019anno targata FIJLKAM.<\/p>\n<p> \tLo hanno fatto in grande stile e nel segno di una nuova luce. Proprio quella luce che filtrando dalle altre vetrate del <strong>palazzetto di Pravisdomini<\/strong>, che domenica 13 marzo ha ospitato il Gran Premio Giovanissimi Fijlkam, ha letteralmente illuminato il nuovo anno sportivo e infuso fiducia e speranza ai protagonisti.<\/p>\n<p> \tUn successo sotto ogni punto di vista. In primis, numerico e tecnico, ma anche organizzativo. Se tutto \u00e8 filato liscio, \u00e8 perch\u00e9 l\u2019organizzazione \u00e8 stata impeccabile. Attuando tutti i protocolli del caso, \u00e8 stato consentito a ogni atleta e a ogni tecnico accompagnatore di vivere una giornata di sport in totale sicurezza.<\/p>\n<p> \tLa gara, che ha accolto pi\u00f9 di 150 atleti provenienti dai sodalizi sportivi friulani e del vicino veneto, prevedeva una divisione dei partecipanti nelle varie categorie samurai, fanciulli e ragazzi, mettendosi alla prova in una serie di percorsi e di gare ludico-motorie orientate a mettere in risalto le capacit\u00e0 fisiche e coordinative, tra slalom, capovolte, balzi, andature e salti.<\/p>\n<p> \tTra le prove, tutte propedeutiche alla pratica sportiva, rientravano la prova del\u00a0<em>kata<\/em>\u00a0(forme) e la prova simulatoria del <em>kumite <\/em>(combattimento) volto ad evidenziare le abilit\u00e0 tecniche di calci e pugni.<\/p>\n<p> \tCon i suoi <strong>22 allievi<\/strong> in gara, l\u2019Asd Karate Strassoldo attiva nella sede omonima e a Bicinicco, \u00e8 <strong>salita sul podio 44 volte<\/strong>, conquistando <strong>21 ori, 9 argenti e 14 bronzi<\/strong>. Tra questi, sono emersi in particolare\u00a0i gemelli <strong>Pietro e Bruno Vecchiet<\/strong>, classe 2016, nel loro debutto hanno conquistato 4 podi nelle diverse specialit\u00e0.<\/p>\n<p> \t\u201cOgni allievo &#8211; spiega Zamaro &#8211; con le sue performance ha evidenziato la voglia di recuperare terreno, il tempo perduto, di mettersi nuovamente in gioco lasciandosi alle spalle il periodo pi\u00f9 buio. Questa prima gara del 2022, ha rappresentato per i nostri karateka l\u2019occasione per dare testimonianza delle loro abilit\u00e0 e delle loro emozioni, frutto di lunghi mesi di dedizione e impegno. Una giornata di sano sport, sana competizione e di una normalit\u00e0 quasi del tutto ritrovata\u201d.<\/p>\n<p> \t\u00a0<\/p>\n","protected":false},"excerpt":{"rendered":"<p>Gran Premio Giovanissimi Fijlkam<\/p>\n","protected":false},"author":28,"featured_media":43223,"comment_status":"closed","ping_status":"closed","sticky":false,"template":"","format":"standard","meta":{"dwc-title":[],"dwc-content":[],"footnotes":""},"categories":[38],"tags":[],"class_list":["post-43222","post","type-post","status-publish","format-standard","has-post-thumbnail","hentry","category-sport"],"rttpg_featured_image_url":{"full":["https:\/\/imagazine.it\/wp-content\/uploads\/2024\/01\/46652-1.webp",1187,828,false],"landscape":["https:\/\/imagazine.it\/wp-content\/uploads\/2024\/01\/46652-1.webp",1187,828,false],"portraits":["https:\/\/imagazine.it\/wp-content\/uploads\/2024\/01\/46652-1.webp",1187,828,false],"thumbnail":["https:\/\/imagazine.it\/wp-content\/uploads\/2024\/01\/46652-1-150x150.webp",150,150,true],"medium":["https:\/\/imagazine.it\/wp-content\/uploads\/2024\/01\/46652-1-300x209.webp",300,209,true],"large":["https:\/\/imagazine.it\/wp-content\/uploads\/2024\/01\/46652-1-1024x714.webp",640,446,true],"thumblist":["https:\/\/imagazine.it\/wp-content\/uploads\/2024\/01\/46652-1.webp",300,209,false],"thumbrelated":["https:\/\/imagazine.it\/wp-content\/uploads\/2024\/01\/46652-1.webp",500,349,false],"meccarouselthumb":["https:\/\/imagazine.it\/wp-content\/uploads\/2024\/01\/46652-1.webp",464,324,false],"gridsquare":["https:\/\/imagazine.it\/wp-content\/uploads\/2024\/01\/46652-1.webp",373,260,false],"tileview":["https:\/\/imagazine.it\/wp-content\/uploads\/2024\/01\/46652-1.webp",300,209,false],"1536x1536":["https:\/\/imagazine.it\/wp-content\/uploads\/2024\/01\/46652-1.webp",1187,828,false],"2048x2048":["https:\/\/imagazine.it\/wp-content\/uploads\/2024\/01\/46652-1.webp",1187,828,false],"newsup-slider-full":["https:\/\/imagazine.it\/wp-content\/uploads\/2024\/01\/46652-1-1187x720.webp",1187,720,true],"newsup-featured":["https:\/\/imagazine.it\/wp-content\/uploads\/2024\/01\/46652-1-1024x714.webp",1024,714,true],"newsup-medium":["https:\/\/imagazine.it\/wp-content\/uploads\/2024\/01\/46652-1-720x380.webp",720,380,true],"tptn_thumbnail":["https:\/\/imagazine.it\/wp-content\/uploads\/2024\/01\/46652-1.webp",250,174,false],"sow-carousel-default":["https:\/\/imagazine.it\/wp-content\/uploads\/2024\/01\/46652-1-272x182.webp",272,182,true]},"rttpg_author":{"display_name":"redazione","author_link":"https:\/\/imagazine.it\/home_desk\/author\/redazione\/"},"rttpg_comment":0,"rttpg_category":"<a href=\"https:\/\/imagazine.it\/home_desk\/category\/sport\/\" rel=\"category tag\">SPORT<\/a>","rttpg_excerpt":"Gran Premio Giovanissimi Fijlkam","_links":{"self":[{"href":"https:\/\/imagazine.it\/home_desk\/wp-json\/wp\/v2\/posts\/43222","targetHints":{"allow":["GET"]}}],"collection":[{"href":"https:\/\/imagazine.it\/home_desk\/wp-json\/wp\/v2\/posts"}],"about":[{"href":"https:\/\/imagazine.it\/home_desk\/wp-json\/wp\/v2\/types\/post"}],"author":[{"embeddable":true,"href":"https:\/\/imagazine.it\/home_desk\/wp-json\/wp\/v2\/users\/28"}],"replies":[{"embeddable":true,"href":"https:\/\/imagazine.it\/home_desk\/wp-json\/wp\/v2\/comments?post=43222"}],"version-history":[{"count":0,"href":"https:\/\/imagazine.it\/home_desk\/wp-json\/wp\/v2\/posts\/43222\/revisions"}],"wp:featuredmedia":[{"embeddable":true,"href":"https:\/\/imagazine.it\/home_desk\/wp-json\/wp\/v2\/media\/43223"}],"wp:attachment":[{"href":"https:\/\/imagazine.it\/home_desk\/wp-json\/wp\/v2\/media?parent=43222"}],"wp:term":[{"taxonomy":"category","embeddable":true,"href":"https:\/\/imagazine.it\/home_desk\/wp-json\/wp\/v2\/categories?post=43222"},{"taxonomy":"post_tag","embeddable":true,"href":"https:\/\/imagazine.it\/home_desk\/wp-json\/wp\/v2\/tags?post=43222"}],"curies":[{"name":"wp","href":"https:\/\/api.w.org\/{rel}","templated":true}]}}