{"id":43216,"date":"2022-03-18T00:00:00","date_gmt":"2022-03-17T23:00:00","guid":{"rendered":"https:\/\/imagazine.it\/?p=43216"},"modified":"2022-03-18T00:00:00","modified_gmt":"2022-03-17T23:00:00","slug":"scuola-il-fvg-ufficializza-il-calendario-delle-lezioni","status":"publish","type":"post","link":"https:\/\/imagazine.it\/home_desk\/scuola-il-fvg-ufficializza-il-calendario-delle-lezioni\/","title":{"rendered":"Scuola, il FVG ufficializza il calendario delle lezioni"},"content":{"rendered":"<p> \tSu proposta dell&#39;assessore all&#39;Istruzione, <strong>Alessia Rosolen<\/strong>, \u00e8 stato approvato oggi dalla Giunta del Friuli Venezia Giulia il <strong>calendario scolastico regionale 2022\/2023<\/strong>.<\/p>\n<p> \tRelativamente alle <strong>scuole dell&#39;infanzia<\/strong>, statali e paritarie l&#39;inizio delle lezioni viene fissato per <strong>luned\u00ec 12 settembre 2022<\/strong>, con <strong>termine venerd\u00ec 30 giugno 2023<\/strong>. Il totale delle giornate dedicate alla didattica ammonta quindi a 223, al quale andr\u00e0 sottratta la festivit\u00e0 del santo patrono nel caso in cui coincida con un giorno di lezione.<\/p>\n<p> \tPer quel che riguarda le <strong>scuole primarie<\/strong>, le <strong>scuole secondarie di primo grado<\/strong> e le <strong>scuole secondarie di secondo grado<\/strong>, statali e paritarie, le lezioni avranno inizio <strong>luned\u00ec 12 settembre 2022<\/strong> e <strong>termineranno sabato 10 giugno 2023<\/strong>, per un totale, tenuto conto dei giorni di festivit\u00e0 nazionale e di sospensione regionale delle lezioni, di 206 giorni utili per lo svolgimento delle lezioni, ai quali andr\u00e0 sottratta la festa del santo patrono qualora ricorrente in un giorno di lezione.<\/p>\n<p> \tLe sospensioni regionali delle lezioni e delle attivit\u00e0 didattiche sono stabilite nei seguenti periodi: da luned\u00ec 31 ottobre a marted\u00ec 1\u00b0 novembre 2022 compresi (festivit\u00e0 tutti i Santi); da sabato 24 dicembre 2022 a sabato 7 gennaio 2023 compresi (vacanze natalizie); da luned\u00ec 20 febbraio a mercoled\u00ec 22 febbraio 2023 compresi (carnevale e mercoled\u00ec delle Ceneri); da gioved\u00ec 6 aprile a marted\u00ec 11 aprile 2023 compresi (vacanze pasquali); da luned\u00ec 24 aprile a marted\u00ec 25 aprile 2023 compresi (ponte Festa della Liberazione).<\/p>\n<p> \tLe altre giornate in cui \u00e8 stabilita la sospensione delle lezioni sono: l&#39;8 dicembre (Festa dell&#39;Immacolata concezione); il 1\u00b0 maggio (Festa del lavoro); 2 giugno (Festa nazionale della Repubblica).<\/p>\n<p> \tNella delibera, infine, viene fatta riserva di assumere con eventuali successivi atti &#8220;ogni ulteriore determinazione in ordine all&#39;aggiornamento del calendario scolastico regionale in considerazione di eventuali interventi normativi nazionali connessi alla gestione dell&#39;emergenza epidemiologica&#8221;.<\/p>\n","protected":false},"excerpt":{"rendered":"<p>Per l&#8217;anno scolastico 2022\/23<\/p>\n","protected":false},"author":28,"featured_media":43217,"comment_status":"closed","ping_status":"closed","sticky":false,"template":"","format":"standard","meta":{"dwc-title":[],"dwc-content":[],"footnotes":""},"categories":[5],"tags":[],"class_list":["post-43216","post","type-post","status-publish","format-standard","has-post-thumbnail","hentry","category-attualita"],"rttpg_featured_image_url":{"full":["https:\/\/imagazine.it\/wp-content\/uploads\/2024\/01\/46643-1.webp",1000,706,false],"landscape":["https:\/\/imagazine.it\/wp-content\/uploads\/2024\/01\/46643-1.webp",1000,706,false],"portraits":["https:\/\/imagazine.it\/wp-content\/uploads\/2024\/01\/46643-1.webp",1000,706,false],"thumbnail":["https:\/\/imagazine.it\/wp-content\/uploads\/2024\/01\/46643-1-150x150.webp",150,150,true],"medium":["https:\/\/imagazine.it\/wp-content\/uploads\/2024\/01\/46643-1-300x212.webp",300,212,true],"large":["https:\/\/imagazine.it\/wp-content\/uploads\/2024\/01\/46643-1.webp",640,452,false],"thumblist":["https:\/\/imagazine.it\/wp-content\/uploads\/2024\/01\/46643-1.webp",300,212,false],"thumbrelated":["https:\/\/imagazine.it\/wp-content\/uploads\/2024\/01\/46643-1.webp",500,353,false],"meccarouselthumb":["https:\/\/imagazine.it\/wp-content\/uploads\/2024\/01\/46643-1.webp",459,324,false],"gridsquare":["https:\/\/imagazine.it\/wp-content\/uploads\/2024\/01\/46643-1.webp",368,260,false],"tileview":["https:\/\/imagazine.it\/wp-content\/uploads\/2024\/01\/46643-1.webp",300,212,false],"1536x1536":["https:\/\/imagazine.it\/wp-content\/uploads\/2024\/01\/46643-1.webp",1000,706,false],"2048x2048":["https:\/\/imagazine.it\/wp-content\/uploads\/2024\/01\/46643-1.webp",1000,706,false],"newsup-slider-full":["https:\/\/imagazine.it\/wp-content\/uploads\/2024\/01\/46643-1.webp",1000,706,false],"newsup-featured":["https:\/\/imagazine.it\/wp-content\/uploads\/2024\/01\/46643-1.webp",1000,706,false],"newsup-medium":["https:\/\/imagazine.it\/wp-content\/uploads\/2024\/01\/46643-1-720x380.webp",720,380,true],"tptn_thumbnail":["https:\/\/imagazine.it\/wp-content\/uploads\/2024\/01\/46643-1.webp",250,177,false],"sow-carousel-default":["https:\/\/imagazine.it\/wp-content\/uploads\/2024\/01\/46643-1-272x182.webp",272,182,true]},"rttpg_author":{"display_name":"redazione","author_link":"https:\/\/imagazine.it\/home_desk\/author\/redazione\/"},"rttpg_comment":0,"rttpg_category":"<a href=\"https:\/\/imagazine.it\/home_desk\/category\/attualita\/\" rel=\"category tag\">ATTUALIT\u00c0<\/a>","rttpg_excerpt":"Per l'anno scolastico 2022\/23","_links":{"self":[{"href":"https:\/\/imagazine.it\/home_desk\/wp-json\/wp\/v2\/posts\/43216","targetHints":{"allow":["GET"]}}],"collection":[{"href":"https:\/\/imagazine.it\/home_desk\/wp-json\/wp\/v2\/posts"}],"about":[{"href":"https:\/\/imagazine.it\/home_desk\/wp-json\/wp\/v2\/types\/post"}],"author":[{"embeddable":true,"href":"https:\/\/imagazine.it\/home_desk\/wp-json\/wp\/v2\/users\/28"}],"replies":[{"embeddable":true,"href":"https:\/\/imagazine.it\/home_desk\/wp-json\/wp\/v2\/comments?post=43216"}],"version-history":[{"count":0,"href":"https:\/\/imagazine.it\/home_desk\/wp-json\/wp\/v2\/posts\/43216\/revisions"}],"wp:featuredmedia":[{"embeddable":true,"href":"https:\/\/imagazine.it\/home_desk\/wp-json\/wp\/v2\/media\/43217"}],"wp:attachment":[{"href":"https:\/\/imagazine.it\/home_desk\/wp-json\/wp\/v2\/media?parent=43216"}],"wp:term":[{"taxonomy":"category","embeddable":true,"href":"https:\/\/imagazine.it\/home_desk\/wp-json\/wp\/v2\/categories?post=43216"},{"taxonomy":"post_tag","embeddable":true,"href":"https:\/\/imagazine.it\/home_desk\/wp-json\/wp\/v2\/tags?post=43216"}],"curies":[{"name":"wp","href":"https:\/\/api.w.org\/{rel}","templated":true}]}}