{"id":43212,"date":"2022-03-18T00:00:00","date_gmt":"2022-03-17T23:00:00","guid":{"rendered":"https:\/\/imagazine.it\/?p=43212"},"modified":"2022-03-18T00:00:00","modified_gmt":"2022-03-17T23:00:00","slug":"inaugurato-a-palmanova-il-villaggio-per-crescere","status":"publish","type":"post","link":"https:\/\/imagazine.it\/home_desk\/inaugurato-a-palmanova-il-villaggio-per-crescere\/","title":{"rendered":"Inaugurato a Palmanova il \u201cVillaggio per crescere\u201d"},"content":{"rendered":"<p> \tInaugurato a <strong>Palmanova<\/strong> il <strong>Villaggio per Crescere <\/strong>che accoglie i bambini e le bambine da 0 a 6 anni e le loro famiglie.<\/p>\n<p> \tSi tratta Palmanova nei locali di via Mocenigo 9, che sar\u00e0 operativo nelle seguenti giornate: <strong>marted\u00ec e mercoled\u00ec dalle 9.30 alle 11.30, gioved\u00ec dalle 16.30 alle 18.30<\/strong>. \u00a0<\/p>\n<p> \t\u00abIl nostro sforzo \u2014 spiega il sindaco di Palmanova, <strong>Giuseppe Tellini<\/strong> \u2014 \u00e8 quello di mettere alla pari, dal punto di vista educativo, tutti i cittadini. Fornire alle mamme e ai pap\u00e0 i mezzi per crescere il proprio bambino in un ambiente protetto, stimolante e accompagnati da validi educatori. Per un bambino, crescere in un villaggio vuol dire apprendere in un contesto sociale, dare spazio alla propria creativit\u00e0 e fare stimolanti amicizie che lo accompagneranno nello sviluppo psicofisico. Diventa anche un ottimo supporto per i genitori nel complesso compito di educare i propri figli. Spero che il progetto abbia il successo che merita.\u00bb<\/p>\n<p> \t\u00abQuesto progetto \u2014 sottolinea <strong>Giorgio Tamburlini<\/strong>, presidente del Centro per la Salute del Bambino, l&#39;associazione che promuove il progetto a livello nazionale \u2014 ha alcune caratteristiche innovative: ci rivolgiamo a bambini e genitori assieme e ci rivolgiamo a quelle famiglie che per vari motivi non hanno ancora accesso ai nidi e ai servizi educativi per l&#39;infanzia e tuttavia hanno assoluto bisogno di poter fare esperienza di tutto quello che si pu\u00f2 fare coi bambini sin dalla nascita, come leggere un libro assieme, giocare con poco, sentire delle musiche, piantare un fiore in giardino, senza dimenticare il valore \u2014 rafforzato dalla pandemia \u2014 per i genitori di trovarsi, scambiare idee, fare amicizia. Ci sar\u00e0 anche una valutazione fatta da un organismo prestigioso internazionale sull&#39;impatto che questo progetto avr\u00e0 sul territorio, cos\u00ec da dimostrare se si tratta di un approccio utile ed efficace. Uno dei meriti che abbiamo gi\u00e0 sperimentato \u00e8 quello di fare rete, obiettivo fondamentale perch\u00e9 il bambino non si divide in pezzi ed \u00e8 importantissimo che i settori educativo sociale e sanitario si parlino\u00bb.<\/p>\n<p> \tIl Villaggio di Palmanova servir\u00e0 l&#39;Ambito Agro Aquileiese, come dimostrato dalla presenza all\u2019inaugurazione del vicesindaco di Cervignano, <strong>Marina Buda Dancevich<\/strong>: \u00ab\u00c8 un&#39;occasione di speranza e di ripartenza di cui abbiamo tutti bisogno\u00bb.<\/p>\n<p> \tLa coordinatrice del Villaggio di Palmanova, <strong>Alessandra Gismano<\/strong>, ha comunicato che sono gi\u00e0 arrivate le prime iscrizioni e che c&#39;\u00e8 molta attesa nel territorio nei confronti di questa nuova proposta: illustrando alcune delle attivit\u00e0 che verranno realizzate ed evidenziando l&#39;attenzione all&#39;aspetto della sostenibilit\u00e0.\u00a0<\/p>\n<p> \tIl progetto nazionale, che in Friuli Venezia Giulia \u00e8 gi\u00e0 attivo a Trieste, \u00e8 proposto e coordinato dal Centro per la Salute del Bambino e co-finanziato dall\u2019Impresa Sociale Con i Bambini e dalla Fondazione Generali Italia \u2013 The Human Safety Net (THSN) Ora di Futuro.<\/p>\n<p> \t\u00a0<\/p>\n","protected":false},"excerpt":{"rendered":"<p>Nei locali di via Mocenigo<\/p>\n","protected":false},"author":28,"featured_media":43213,"comment_status":"closed","ping_status":"closed","sticky":false,"template":"","format":"standard","meta":{"dwc-title":[],"dwc-content":[],"footnotes":""},"categories":[5],"tags":[],"class_list":["post-43212","post","type-post","status-publish","format-standard","has-post-thumbnail","hentry","category-attualita"],"rttpg_featured_image_url":{"full":["https:\/\/imagazine.it\/wp-content\/uploads\/2024\/01\/46641-1.webp",1600,1200,false],"landscape":["https:\/\/imagazine.it\/wp-content\/uploads\/2024\/01\/46641-1.webp",1600,1200,false],"portraits":["https:\/\/imagazine.it\/wp-content\/uploads\/2024\/01\/46641-1.webp",1600,1200,false],"thumbnail":["https:\/\/imagazine.it\/wp-content\/uploads\/2024\/01\/46641-1-150x150.webp",150,150,true],"medium":["https:\/\/imagazine.it\/wp-content\/uploads\/2024\/01\/46641-1-300x225.webp",300,225,true],"large":["https:\/\/imagazine.it\/wp-content\/uploads\/2024\/01\/46641-1-1024x768.webp",640,480,true],"thumblist":["https:\/\/imagazine.it\/wp-content\/uploads\/2024\/01\/46641-1.webp",300,225,false],"thumbrelated":["https:\/\/imagazine.it\/wp-content\/uploads\/2024\/01\/46641-1.webp",500,375,false],"meccarouselthumb":["https:\/\/imagazine.it\/wp-content\/uploads\/2024\/01\/46641-1.webp",432,324,false],"gridsquare":["https:\/\/imagazine.it\/wp-content\/uploads\/2024\/01\/46641-1.webp",347,260,false],"tileview":["https:\/\/imagazine.it\/wp-content\/uploads\/2024\/01\/46641-1.webp",300,225,false],"1536x1536":["https:\/\/imagazine.it\/wp-content\/uploads\/2024\/01\/46641-1-1536x1152.webp",1536,1152,true],"2048x2048":["https:\/\/imagazine.it\/wp-content\/uploads\/2024\/01\/46641-1.webp",1600,1200,false],"newsup-slider-full":["https:\/\/imagazine.it\/wp-content\/uploads\/2024\/01\/46641-1-1280x720.webp",1280,720,true],"newsup-featured":["https:\/\/imagazine.it\/wp-content\/uploads\/2024\/01\/46641-1-1024x768.webp",1024,768,true],"newsup-medium":["https:\/\/imagazine.it\/wp-content\/uploads\/2024\/01\/46641-1-720x380.webp",720,380,true],"tptn_thumbnail":["https:\/\/imagazine.it\/wp-content\/uploads\/2024\/01\/46641-1.webp",250,188,false],"sow-carousel-default":["https:\/\/imagazine.it\/wp-content\/uploads\/2024\/01\/46641-1-272x182.webp",272,182,true]},"rttpg_author":{"display_name":"redazione","author_link":"https:\/\/imagazine.it\/home_desk\/author\/redazione\/"},"rttpg_comment":0,"rttpg_category":"<a href=\"https:\/\/imagazine.it\/home_desk\/category\/attualita\/\" rel=\"category tag\">ATTUALIT\u00c0<\/a>","rttpg_excerpt":"Nei locali di via Mocenigo","_links":{"self":[{"href":"https:\/\/imagazine.it\/home_desk\/wp-json\/wp\/v2\/posts\/43212","targetHints":{"allow":["GET"]}}],"collection":[{"href":"https:\/\/imagazine.it\/home_desk\/wp-json\/wp\/v2\/posts"}],"about":[{"href":"https:\/\/imagazine.it\/home_desk\/wp-json\/wp\/v2\/types\/post"}],"author":[{"embeddable":true,"href":"https:\/\/imagazine.it\/home_desk\/wp-json\/wp\/v2\/users\/28"}],"replies":[{"embeddable":true,"href":"https:\/\/imagazine.it\/home_desk\/wp-json\/wp\/v2\/comments?post=43212"}],"version-history":[{"count":0,"href":"https:\/\/imagazine.it\/home_desk\/wp-json\/wp\/v2\/posts\/43212\/revisions"}],"wp:featuredmedia":[{"embeddable":true,"href":"https:\/\/imagazine.it\/home_desk\/wp-json\/wp\/v2\/media\/43213"}],"wp:attachment":[{"href":"https:\/\/imagazine.it\/home_desk\/wp-json\/wp\/v2\/media?parent=43212"}],"wp:term":[{"taxonomy":"category","embeddable":true,"href":"https:\/\/imagazine.it\/home_desk\/wp-json\/wp\/v2\/categories?post=43212"},{"taxonomy":"post_tag","embeddable":true,"href":"https:\/\/imagazine.it\/home_desk\/wp-json\/wp\/v2\/tags?post=43212"}],"curies":[{"name":"wp","href":"https:\/\/api.w.org\/{rel}","templated":true}]}}