{"id":43194,"date":"2022-03-16T00:00:00","date_gmt":"2022-03-15T23:00:00","guid":{"rendered":"https:\/\/imagazine.it\/?p=43194"},"modified":"2022-03-16T00:00:00","modified_gmt":"2022-03-15T23:00:00","slug":"chiusura-anticipata-per-la-stagione-invernale-del-fvg","status":"publish","type":"post","link":"https:\/\/imagazine.it\/home_desk\/chiusura-anticipata-per-la-stagione-invernale-del-fvg\/","title":{"rendered":"Chiusura anticipata per la stagione invernale del FVG"},"content":{"rendered":"<p> \tIl Friuli Venezia Giulia ha deciso di <strong>chiudere la stagione invernale con una settimana d\u2019anticipo rispetto al programma<\/strong> e alle date previste per domenica 3 aprile e per il 25 aprile a Sella Nevea.<\/p>\n<p> \tIl nuovo calendario prevede che i poli di <strong>Forni di Sopra-Sauris<\/strong> e <strong>Sappada<\/strong> terminino le attivit\u00e0 il 27 marzo, mentre nelle altre stazioni sciistiche (<strong>Tarvisio, Zoncolan, Piancavallo<\/strong>) dal 28 marzo al 3 aprile il numero di impianti aperti sar\u00e0 ridotto e le piste a disposizione degli appassionati potrebbero subire comunque delle chiusure gi\u00e0 dalla prossima settimana, qualora le condizioni non siano pi\u00f9 ottimali.<\/p>\n<p> \tA rimanere in attivit\u00e0, dal 28 marzo al 3 aprile saranno dunque <strong>Tarvisio<\/strong>, con la telecabina Lussari e la seggiovia Nuova Tarvisio, <strong>Zoncolan, <\/strong>con Funifor Ravascletto e la seggiovia Valvan (lato Ravascletto chiusa la pista di rientro, lato Sutrio aperte 1, 2, 4) e <strong>Piancavallo<\/strong>, in cui saranno a disposizione degli sciatori le seggiovie Casere e Busa Grande.<\/p>\n<p> \tIl polo di <strong>Sella Nevea<\/strong> terr\u00e0 aperto sino a luned\u00ec 18 aprile incluso, a Pasquetta, ma dal 28 marzo rimarranno aperti solo la telecabina e Funifor.<\/p>\n<p> \tLa decisione di anticipare la chiusura della stagione invernale di una settimana \u00e8 stata quella di dare <strong>un segnale di ottimizzazione delle risorse<\/strong>, sia sul fronte delle materie prime (energia elettrica e carburante), sia sul lato del personale. Gi\u00e0 da questa settimana si sono verificate le prime limitazioni a Sappada, con gli impianti di Sappada 2000 che hanno chiuso in anticipo e il parco giochi Nevelandia accessibile solo nei weekend del 19 e 20 marzo, 26 e 27 marzo e 2 e 3 aprile, compatibilmente con le condizioni niveo-meteorologiche.<\/p>\n<p> \tRimane comunque valida fino a fine stagione la <strong>promozione sui giornalieri<\/strong> che consente di sciare a prezzo ridotto i marted\u00ec e mercoled\u00ec (con uno sconto del 30% acquistando il giornaliero online, e del 20 per cento direttamente alle casse dei poli) e <strong>continuano a rimanere obbligatori il green pass rafforzato e<\/strong> <strong>l\u2019utilizzo di<\/strong> <strong>mascherina Ffp2<\/strong> su quelli \u201cchiusi\u201d (telecabine, funivie, seggiovie a cupola abbassata, tappeti coperti) e mascherina, anche chirurgica, su tutti quelli aperti.<\/p>\n<p> \tPer rimanere sempre aggiornati sulle aperture dei comprensori \u00e8 possibile accedere alla sezione Infoneve, <u><a href=\"https:\/\/www.turismofvg.it\/montagna\/infoneve\" target=\"_blank\" rel=\"noopener\"><span style=\"color:#0000cd;\">www.turismofvg.it\/montagna\/infoneve<\/span><\/a><\/u>.<\/p>\n<p> \t\u00a0<\/p>\n","protected":false},"excerpt":{"rendered":"<p>Per ottimizzare costi e personale<\/p>\n","protected":false},"author":28,"featured_media":43195,"comment_status":"closed","ping_status":"closed","sticky":false,"template":"","format":"standard","meta":{"dwc-title":[],"dwc-content":[],"footnotes":""},"categories":[8],"tags":[],"class_list":["post-43194","post","type-post","status-publish","format-standard","has-post-thumbnail","hentry","category-turismo"],"rttpg_featured_image_url":{"full":["https:\/\/imagazine.it\/wp-content\/uploads\/2024\/01\/46594-1.webp",750,507,false],"landscape":["https:\/\/imagazine.it\/wp-content\/uploads\/2024\/01\/46594-1.webp",750,507,false],"portraits":["https:\/\/imagazine.it\/wp-content\/uploads\/2024\/01\/46594-1.webp",750,507,false],"thumbnail":["https:\/\/imagazine.it\/wp-content\/uploads\/2024\/01\/46594-1-150x150.webp",150,150,true],"medium":["https:\/\/imagazine.it\/wp-content\/uploads\/2024\/01\/46594-1-300x203.webp",300,203,true],"large":["https:\/\/imagazine.it\/wp-content\/uploads\/2024\/01\/46594-1.webp",640,433,false],"thumblist":["https:\/\/imagazine.it\/wp-content\/uploads\/2024\/01\/46594-1.webp",300,203,false],"thumbrelated":["https:\/\/imagazine.it\/wp-content\/uploads\/2024\/01\/46594-1.webp",500,338,false],"meccarouselthumb":["https:\/\/imagazine.it\/wp-content\/uploads\/2024\/01\/46594-1.webp",474,320,false],"gridsquare":["https:\/\/imagazine.it\/wp-content\/uploads\/2024\/01\/46594-1.webp",385,260,false],"tileview":["https:\/\/imagazine.it\/wp-content\/uploads\/2024\/01\/46594-1.webp",300,203,false],"1536x1536":["https:\/\/imagazine.it\/wp-content\/uploads\/2024\/01\/46594-1.webp",750,507,false],"2048x2048":["https:\/\/imagazine.it\/wp-content\/uploads\/2024\/01\/46594-1.webp",750,507,false],"newsup-slider-full":["https:\/\/imagazine.it\/wp-content\/uploads\/2024\/01\/46594-1.webp",750,507,false],"newsup-featured":["https:\/\/imagazine.it\/wp-content\/uploads\/2024\/01\/46594-1.webp",750,507,false],"newsup-medium":["https:\/\/imagazine.it\/wp-content\/uploads\/2024\/01\/46594-1-720x380.webp",720,380,true],"tptn_thumbnail":["https:\/\/imagazine.it\/wp-content\/uploads\/2024\/01\/46594-1.webp",250,169,false],"sow-carousel-default":["https:\/\/imagazine.it\/wp-content\/uploads\/2024\/01\/46594-1-272x182.webp",272,182,true]},"rttpg_author":{"display_name":"redazione","author_link":"https:\/\/imagazine.it\/home_desk\/author\/redazione\/"},"rttpg_comment":0,"rttpg_category":"<a href=\"https:\/\/imagazine.it\/home_desk\/category\/turismo\/\" rel=\"category tag\">TURISMO<\/a>","rttpg_excerpt":"Per ottimizzare costi e personale","_links":{"self":[{"href":"https:\/\/imagazine.it\/home_desk\/wp-json\/wp\/v2\/posts\/43194","targetHints":{"allow":["GET"]}}],"collection":[{"href":"https:\/\/imagazine.it\/home_desk\/wp-json\/wp\/v2\/posts"}],"about":[{"href":"https:\/\/imagazine.it\/home_desk\/wp-json\/wp\/v2\/types\/post"}],"author":[{"embeddable":true,"href":"https:\/\/imagazine.it\/home_desk\/wp-json\/wp\/v2\/users\/28"}],"replies":[{"embeddable":true,"href":"https:\/\/imagazine.it\/home_desk\/wp-json\/wp\/v2\/comments?post=43194"}],"version-history":[{"count":0,"href":"https:\/\/imagazine.it\/home_desk\/wp-json\/wp\/v2\/posts\/43194\/revisions"}],"wp:featuredmedia":[{"embeddable":true,"href":"https:\/\/imagazine.it\/home_desk\/wp-json\/wp\/v2\/media\/43195"}],"wp:attachment":[{"href":"https:\/\/imagazine.it\/home_desk\/wp-json\/wp\/v2\/media?parent=43194"}],"wp:term":[{"taxonomy":"category","embeddable":true,"href":"https:\/\/imagazine.it\/home_desk\/wp-json\/wp\/v2\/categories?post=43194"},{"taxonomy":"post_tag","embeddable":true,"href":"https:\/\/imagazine.it\/home_desk\/wp-json\/wp\/v2\/tags?post=43194"}],"curies":[{"name":"wp","href":"https:\/\/api.w.org\/{rel}","templated":true}]}}