{"id":43188,"date":"2022-03-15T00:00:00","date_gmt":"2022-03-14T23:00:00","guid":{"rendered":"https:\/\/imagazine.it\/?p=43188"},"modified":"2022-03-15T00:00:00","modified_gmt":"2022-03-14T23:00:00","slug":"brilla-lacqua-di-trieste-nuoto","status":"publish","type":"post","link":"https:\/\/imagazine.it\/home_desk\/brilla-lacqua-di-trieste-nuoto\/","title":{"rendered":"Brilla l&#8217;acqua di Trieste Nuoto"},"content":{"rendered":"<p> \tLo scorso weekend si sono svolte le \u201cFinali Regionali di Categoria di nuoto in vasca corta\u201d presso la <strong>piscina Bianchi a Trieste<\/strong>, ultimo appuntamento utile per gli atleti delle categorie Ragazzi, Junior, Cadetti e Senior per qualificarsi ai Criteria Nazionali Giovanili in programma a Riccione dal 25 al 30 marzo 2022.<\/p>\n<p> \tUna due giorni che ha visto gareggiare 47 atleti della <strong>Trieste Nuoto<\/strong> in gare individuali (21 femmine e 26 maschi), per un totale di 136 gare e 16 staffette.<\/p>\n<p> \tLe prime finali regionali di Trieste Nuoto hanno dimostrato il potenziale del progetto nato nel 2021 dall\u2019unione delle forze di Tergeste Nuoto Altura e Unione Sportiva Triestina Nuoto, che vede gli atleti al centro di ogni decisione e conseguente scelta.<\/p>\n<p> \tI numeri parlano da soli: un medagliere finale da 83 medaglie (30 d\u2019oro, 26 d\u2019argento e 27 di bronzo).<\/p>\n<p> \tUno dei risultati di squadra pi\u00f9 importanti \u00e8 che tutte le squadre della Trieste Nuoto che hanno partecipato alle sedici staffette in programma sono salite sul podio.<\/p>\n<p> \tSono gi\u00e0 10 gli atleti qualificati di diritto alla manifestazione nazionale del prossimo 25-30 marzo in programma a Riccione, nell\u2019attesa che il numero cresca dopo la chiusura delle graduatorie nazionali di ammissione ai prossimi Criteria Nazionali Giovanili e i conseguenti ripescaggi. Va sottolineato che 5 dei 10 atleti qualificati appartengono alla categoria Ragazzi (la pi\u00f9 giovani).\u00a0<\/p>\n<p> \tIl protagonista dei Campionati \u00e8 stato sicuramente <strong>Simone Ferrandino<\/strong>, talentuoso classe 2006, che con 7 titoli regionali su 7 gare svolte tra gare individuali e di staffetta, si conferma essere l\u2019atleta di punta non solo della Trieste Nuoto ma anche di tutto il movimento natatorio regionale.<\/p>\n<p> \tLa donna dei Campionati \u00e8 invece <strong>Martina Babic<\/strong>, classe 2004, che con 4 ori e 3 argenti si conferma essere la ragazza pi\u00f9 vincente. Punta di orgoglio e speranza per il futuro sono i risultati delle tre staffette maschili della Categoria Ragazzi (classe 2006-2007-2008) che fanno bottino pieno con 3 titoli regionali sulle tre staffette ottenendo inoltre delle prestazioni cronometriche di valore nazionale.\u00a0<\/p>\n<p> \t\u201cNon sono mancate le difficolt\u00e0 \u2013 dichiara il direttore tecnico <strong>Matteo Bianchi<\/strong> \u2013 dopo due anni di gare a regime ridotto, con possibilit\u00e0 veramente scarse di competere causa la pandemia, un campionato che ha in programma sia le gare individuali e quelle di staffette ha messo in difficolt\u00e0 gli atleti che non sono pi\u00f9 abituati a scendere in acqua numerose volte in due giorni. Siamo per\u00f2 molto fiduciosi perch\u00e9 stiamo tornando alla normalit\u00e0. Dopo due anni da incubo questi risultati sono il miglior premio per tutte le ragazze e i ragazzi e soprattutto appagano per i sacrifici fatti dalle societ\u00e0 sportive per resistere alla crisi\u201d.<\/p>\n<p> \t\u201c<em>Sono molto soddisfatto \u2013 <\/em>ha affermato il presidente del Comitato Regionale FVG della FIN,<strong> Sergio Pasquali<\/strong><em> \u2013 del weekend di gare, abbiamo registrato un\u2019affluenza notevole di partecipanti a tutte le gare della fase invernale di questa stagione sportiva. La manifestazione si \u00e8 svolta senza intoppi grazie a tutti gli atleti della regione che hanno dimostrato, ancora una volta, grande responsabilit\u00e0 rispettando le regole di sicurezza imposte dalle linee guida della FIN. I risultati iniziano a farsi vedere nonostante il movimento natatorio regionale non abbia ancora ripreso al 100% soprattutto a causa della bassa affluenza agli impianti natatori. Mi rallegra vedere che il movimento triestino, grazie alla nuova realt\u00e0 Trieste Nuoto, stia riprendendo forma e consistenza e che si incominci a vedere il potenziale sportivo (prima societ\u00e0 nel medagliere regionale). Ringrazio tutti i collaboratori delle squadre e tutti gli addetti ai lavori per la buona riuscita di questa manifestazione e soprattutto per aver rispettato e fatto rispettare le regole di sicurezza imposte dalle linee guida della Federazione. Concluderemo la parte invernale regionale della stagione con le Finali Regionali Esordienti A ed Esordienti B in programma il 2 aprile a San Vito e il 3 e 4 aprile a Trieste<\/em>\u201d.<\/p>\n<p> \t\u00a0<\/p>\n<p> \t<strong>I risultati del fine settimana<\/strong><\/p>\n<p> \t<strong>TRIESTE NUOTO (83 medaglie)<\/strong><\/p>\n<p> \t<u>Categoria Ragazzi<\/u><\/p>\n<ul>\n<li> \t\tMarsi Ilaria\n<ul>\n<li> \t\t\t\tSeconda 800 stile libero<\/li>\n<li> \t\t\t\tTerza 200 stile libero<\/li>\n<li> \t\t\t\tTerza 400 stile libero<\/li>\n<\/ul>\n<\/li>\n<li> \t\tRossi Beatrice<\/li>\n<li> \t\tSeconda 200 farfalla<\/li>\n<li> \t\tTerza 100 farfalla<\/li>\n<li> \t\tTerza 200 farfalla<\/li>\n<li> \t\tVesnaver Carla<\/li>\n<li> \t\tTerza Staffetta 4&#215;100 femminile stile libero<\/li>\n<li> \t\tTerza Staffetta 4&#215;200 femminile stile libero<\/li>\n<li> \t\tPrimo 100 stile libero<\/li>\n<li> \t\tPrimo 100 farfalla<\/li>\n<li> \t\tPrimo 200 farfalla<\/li>\n<li> \t\t\u00a0<\/li>\n<li> \t\tPrimo 1500 stile libero<\/li>\n<li> \t\tSecondo 400 stile libero<\/li>\n<li> \t\tPrimo 100 dorso<\/li>\n<li> \t\tPrimo 200 dorso<\/li>\n<li> \t\t100 rana<\/li>\n<li> \t\t200 rana<\/li>\n<li> \t\t200 misti<\/li>\n<li> \t\t400 misti<\/li>\n<li> \t\tSecondo 100 rana<\/li>\n<li> \t\tSecondo 200 rana<\/li>\n<li> \t\tSecondo 200 misti<\/li>\n<li> \t\tSecondo 400 misti<\/li>\n<li> \t\tTerzo 200 stile libero<\/li>\n<li> \t\tTerza Staffetta 4&#215;100 femminile misti\u00a0<\/li>\n<li> \t\tScamperle Francesco<\/li>\n<li> \t\tLabinaz Alessandro<\/li>\n<li> \t\tSuerzi Gianluca<\/li>\n<li> \t\tFerrandino Simone<\/li>\n<li> \t\tZoccolan Alessandro<\/li>\n<li> \t\tAgosti Matteo\u00a0<\/li>\n<li> \t\tPrimi Staffetta 4&#215;100 maschile stile libero<\/li>\n<li> \t\tPrimi Staffetta 4&#215;200 maschile stile libero<\/li>\n<li> \t\tPrimi Staffetta 4&#215;100 maschile misti<\/li>\n<\/ul>\n<p> \t<u>Categoria Junior<\/u><\/p>\n<ul>\n<li> \t\tStepanchich Chiara\n<ul>\n<li> \t\t\t\tPrima 200 stile libero<\/li>\n<li> \t\t\t\tPrima 400 stile libero<\/li>\n<li> \t\t\t\tPrima 800 stile libero<\/li>\n<\/ul>\n<\/li>\n<li> \t\tEva Dall\u2019Aglio<\/li>\n<li> \t\tPrima 50 dorso<\/li>\n<li> \t\tPrima 100 dorso<\/li>\n<li> \t\tPrima 200 dorso<\/li>\n<li> \t\tSeconda 200 farfalla<\/li>\n<li> \t\tTerza 800 stile libero<\/li>\n<li> \t\tTerza 200 farfalla<\/li>\n<li> \t\tPavoni Rachele<\/li>\n<li> \t\tBiviano Giada<\/li>\n<li> \t\tSecondi Staffetta 4&#215;100 femminili misti<\/li>\n<li> \t\tPrimo 200 misti<\/li>\n<li> \t\tSecondo 200 stile libero<\/li>\n<li> \t\tTerzo 100 stile libero<\/li>\n<li> \t\tSecondo 200 farfalla<\/li>\n<li> \t\tSecondo 50 rana<\/li>\n<li> \t\tTerzo 100 rana<\/li>\n<li> \t\tTerzo 200 rana<\/li>\n<li> \t\tTerzo 200 farfalla<\/li>\n<li> \t\tTerzo 50 rana<\/li>\n<li> \t\tTerza Staffetta 4&#215;100 femminile stile libero<\/li>\n<li> \t\tTerza Staffetta 4&#215;200 femminile stile libero\u00a0<\/li>\n<li> \t\tGiuni Giulio<\/li>\n<li> \t\tBuccino Lorenzo<\/li>\n<li> \t\tGuadagnin Mattia<\/li>\n<li> \t\tMatnane Zaccaria<\/li>\n<li> \t\tJoli Alessandro<\/li>\n<li> \t\tPrimi Staffetta 4&#215;100 maschile stile libero<\/li>\n<li> \t\tSecondi Staffetta 4&#215;200 maschile stile libero<\/li>\n<\/ul>\n<p> \t<u>Categoria Cadetti<\/u><\/p>\n<ul>\n<li> \t\tBabic Martina\n<ul>\n<li> \t\t\t\tPrima 200 stile libero<\/li>\n<li> \t\t\t\tPrima 400 stile libero<\/li>\n<li> \t\t\t\tPrima 800 stile libero<\/li>\n<li> \t\t\t\tSeconda 100 stile libero<\/li>\n<\/ul>\n<\/li>\n<li> \t\tMoro Alessia<\/li>\n<li> \t\tSeconda 200 stile libero<\/li>\n<li> \t\tSeconda 400 stile libero<\/li>\n<li> \t\tSeconda 800 stile libero<\/li>\n<li> \t\tSeconda 200 rana<\/li>\n<li> \t\tTerza 400 misti<\/li>\n<li> \t\tTerza 200 stile libero<\/li>\n<li> \t\tTerza 400 stile libero<\/li>\n<li> \t\tTerza 800 stile libero<\/li>\n<li> \t\tFontanot Alessia<\/li>\n<li> \t\tBlasevich Sara<\/li>\n<li> \t\tPrima Staffetta 4&#215;200 femminile stile libero<\/li>\n<li> \t\tPrimo 200 rana<\/li>\n<li> \t\tTerzo 100 rana<\/li>\n<li> \t\tSecondo 200 rana<\/li>\n<li> \t\tSecondo 200 misti<\/li>\n<li> \t\tSeconda 4&#215;100 femminile stile libero<\/li>\n<li> \t\tSeconda 4&#215;100 femminile misti<\/li>\n<li> \t\tCurto Alessandro<\/li>\n<li> \t\tFontanot Federico<\/li>\n<li> \t\tPrimi Staffetta 4&#215;100 maschile misti<\/li>\n<li> \t\tTerzi Staffetta 4&#215;100 maschile misti<\/li>\n<\/ul>\n<p> \t\u00a0<\/p>\n<p> \t<strong>RARI NANTES TRIESTE (8 medaglie)<\/strong><\/p>\n<p> \tcategoria Ragazzi<\/p>\n<ul>\n<li> \t\tBibalo Sveva\n<ul>\n<li> \t\t\t\tTerza 50 stile libero<\/li>\n<li> \t\t\t\tSeconda 200 dorso<\/li>\n<\/ul>\n<\/li>\n<li> \t\tReia Sofia\u00a0<\/li>\n<li> \t\tSeconda 400 misti<\/li>\n<li> \t\tSecondi Staffetta 4&#215;100 femminile stile libero\u00a0<\/li>\n<li> \t\tSecondi Staffetta 4&#215;200 femminile stile libero<\/li>\n<\/ul>\n<p> \tCategoria Junior<\/p>\n<ul>\n<li> \t\tMc Elroy Patricia\n<ul>\n<li> \t\t\t\tTerza 100 dorso<\/li>\n<li> \t\t\t\tTerza 200 dorso<\/li>\n<\/ul>\n<\/li>\n<li> \t\tSmaldone Andrea<\/li>\n<li> \t\tTerzo 200 misti<\/li>\n<\/ul>\n<p> \t\u00a0<\/p>\n<p> \t\u00a0<\/p>\n<p> \t<strong>PALLANUOTO TRIESTE (8 medaglie)<\/strong><\/p>\n<p> \tCategoria Ragazzi<\/p>\n<ul>\n<li> \t\tArocchi Greta categoria Ragazzi\n<ul>\n<li> \t\t\t\tTerza 800 stile liberi<\/li>\n<\/ul>\n<\/li>\n<li> \t\tMosca Sara categoria Ragazzi<\/li>\n<li> \t\tSeconda 100 rana<\/li>\n<li> \t\tTerzo 1500 stile libero<\/li>\n<li> \t\tTerzo 100 dorso<\/li>\n<li> \t\tTerzo 200 dorso<\/li>\n<li> \t\tTerzo 400 misti<\/li>\n<li> \t\tPaoli Federico\u00a0<\/li>\n<li> \t\tRebula Mark<\/li>\n<li> \t\tTerzi Staffetta 4&#215;200 maschile stile libero<\/li>\n<\/ul>\n<p> \tCategoria Junior<\/p>\n<ul>\n<li> \t\tPros Alessandro Secondo 50 stile libero<\/li>\n<\/ul>\n<p> \t\u00a0<\/p>\n","protected":false},"excerpt":{"rendered":"<p>In vista dei Campionati Italiani<\/p>\n","protected":false},"author":28,"featured_media":43189,"comment_status":"closed","ping_status":"closed","sticky":false,"template":"","format":"standard","meta":{"dwc-title":[],"dwc-content":[],"footnotes":""},"categories":[38],"tags":[],"class_list":["post-43188","post","type-post","status-publish","format-standard","has-post-thumbnail","hentry","category-sport"],"rttpg_featured_image_url":{"full":["https:\/\/imagazine.it\/wp-content\/uploads\/2024\/01\/46585-1.webp",1000,667,false],"landscape":["https:\/\/imagazine.it\/wp-content\/uploads\/2024\/01\/46585-1.webp",1000,667,false],"portraits":["https:\/\/imagazine.it\/wp-content\/uploads\/2024\/01\/46585-1.webp",1000,667,false],"thumbnail":["https:\/\/imagazine.it\/wp-content\/uploads\/2024\/01\/46585-1-150x150.webp",150,150,true],"medium":["https:\/\/imagazine.it\/wp-content\/uploads\/2024\/01\/46585-1-300x200.webp",300,200,true],"large":["https:\/\/imagazine.it\/wp-content\/uploads\/2024\/01\/46585-1.webp",640,427,false],"thumblist":["https:\/\/imagazine.it\/wp-content\/uploads\/2024\/01\/46585-1.webp",300,200,false],"thumbrelated":["https:\/\/imagazine.it\/wp-content\/uploads\/2024\/01\/46585-1.webp",500,334,false],"meccarouselthumb":["https:\/\/imagazine.it\/wp-content\/uploads\/2024\/01\/46585-1.webp",474,316,false],"gridsquare":["https:\/\/imagazine.it\/wp-content\/uploads\/2024\/01\/46585-1.webp",391,260,false],"tileview":["https:\/\/imagazine.it\/wp-content\/uploads\/2024\/01\/46585-1.webp",300,200,false],"1536x1536":["https:\/\/imagazine.it\/wp-content\/uploads\/2024\/01\/46585-1.webp",1000,667,false],"2048x2048":["https:\/\/imagazine.it\/wp-content\/uploads\/2024\/01\/46585-1.webp",1000,667,false],"newsup-slider-full":["https:\/\/imagazine.it\/wp-content\/uploads\/2024\/01\/46585-1.webp",1000,667,false],"newsup-featured":["https:\/\/imagazine.it\/wp-content\/uploads\/2024\/01\/46585-1.webp",1000,667,false],"newsup-medium":["https:\/\/imagazine.it\/wp-content\/uploads\/2024\/01\/46585-1-720x380.webp",720,380,true],"tptn_thumbnail":["https:\/\/imagazine.it\/wp-content\/uploads\/2024\/01\/46585-1.webp",250,167,false],"sow-carousel-default":["https:\/\/imagazine.it\/wp-content\/uploads\/2024\/01\/46585-1-272x182.webp",272,182,true]},"rttpg_author":{"display_name":"redazione","author_link":"https:\/\/imagazine.it\/home_desk\/author\/redazione\/"},"rttpg_comment":0,"rttpg_category":"<a href=\"https:\/\/imagazine.it\/home_desk\/category\/sport\/\" rel=\"category tag\">SPORT<\/a>","rttpg_excerpt":"In vista dei Campionati Italiani","_links":{"self":[{"href":"https:\/\/imagazine.it\/home_desk\/wp-json\/wp\/v2\/posts\/43188","targetHints":{"allow":["GET"]}}],"collection":[{"href":"https:\/\/imagazine.it\/home_desk\/wp-json\/wp\/v2\/posts"}],"about":[{"href":"https:\/\/imagazine.it\/home_desk\/wp-json\/wp\/v2\/types\/post"}],"author":[{"embeddable":true,"href":"https:\/\/imagazine.it\/home_desk\/wp-json\/wp\/v2\/users\/28"}],"replies":[{"embeddable":true,"href":"https:\/\/imagazine.it\/home_desk\/wp-json\/wp\/v2\/comments?post=43188"}],"version-history":[{"count":0,"href":"https:\/\/imagazine.it\/home_desk\/wp-json\/wp\/v2\/posts\/43188\/revisions"}],"wp:featuredmedia":[{"embeddable":true,"href":"https:\/\/imagazine.it\/home_desk\/wp-json\/wp\/v2\/media\/43189"}],"wp:attachment":[{"href":"https:\/\/imagazine.it\/home_desk\/wp-json\/wp\/v2\/media?parent=43188"}],"wp:term":[{"taxonomy":"category","embeddable":true,"href":"https:\/\/imagazine.it\/home_desk\/wp-json\/wp\/v2\/categories?post=43188"},{"taxonomy":"post_tag","embeddable":true,"href":"https:\/\/imagazine.it\/home_desk\/wp-json\/wp\/v2\/tags?post=43188"}],"curies":[{"name":"wp","href":"https:\/\/api.w.org\/{rel}","templated":true}]}}