{"id":43180,"date":"2022-03-12T00:00:00","date_gmt":"2022-03-11T23:00:00","guid":{"rendered":"https:\/\/imagazine.it\/?p=43180"},"modified":"2022-03-12T00:00:00","modified_gmt":"2022-03-11T23:00:00","slug":"nuova-sede-auser-a-cervignano","status":"publish","type":"post","link":"https:\/\/imagazine.it\/home_desk\/nuova-sede-auser-a-cervignano\/","title":{"rendered":"Nuova sede AUSER a Cervignano"},"content":{"rendered":"<p> \tCerimonia di consegna a <strong>Cervignano del Friuli<\/strong> della nuova sede associativa dell\u2019<strong>AUSER<\/strong> <strong>Insieme Bassa Friulana APS<\/strong> e, in prospettiva futura, anche dell\u2019AUSER Territoriale Udinese.<\/p>\n<p> \tL\u2019evento si \u00e8 svolto alla presenza dei rappresentanti delle affiliate del Friuli Venezia Giulia, delle autorit\u00e0 locali e territoriali.<\/p>\n<p> \tIl sindaco di Cervignano del Friuli, <strong>Gianluigi Savino<\/strong>, nel rimarcare la scelta dell\u2019amministrazione di concedere ad AUSER in comodato gratuito un edificio che rappresenta una parte della storia di Cervignano del Friuli, gi\u00e0 sede negli anni della Biblioteca Comunale e dell\u2019Ufficio del Lavoro, a nome di sindaci e amministratori locali ha sottolineato l\u2019importanza dell\u2019azione di AUSER nei territori, anche in questo momento difficile per le comunit\u00e0 locali.<\/p>\n<p> \tIl presidente di AUSER Insieme Bassa Friulana APS, <strong>Paolo Dean<\/strong>, ha voluto ricordare l\u2019azione di AUSER in questi 30 anni di attivit\u00e0, che ha sempre mantenuto saldi i principi e valori per i quali questa associazione \u00e8 nata: la solidariet\u00e0 e l\u2019aiuto alle persone pi\u00f9 deboli della comunit\u00e0, attraverso il quotidiano impegno di centinaia di volontari che hanno dedicato e dedicano una parte del loro tempo a favore degli altri.<\/p>\n<p> \t\u201cTutto questo &#8211; ha sottolineato Dean &#8211; anche grazie all\u2019aiuto di soggetti e istituzioni che ci hanno aiutato nel tempo anche dal punto di vista finanziario per l\u2019acquisto di automezzi ed attrezzature. Significativa la presenza in questo storico momento dei presidenti di Cassa Rurale FVG <strong>Tiziano Portelli<\/strong> e di PrimaCassa FVG <strong>Giuseppe Graffi Brunoro<\/strong>, istituti bancari da sempre vicini alle nostre attivit\u00e0\u201d.<\/p>\n<p> \tNell\u2019intervento finale, il vice presidente nazionale AUSER, <strong>Enrico Piron<\/strong>, ha ricordato l\u2019impegno dell\u2019associazione anche in questi momenti tragici in Ucraina, senza dimenticare l\u2019aiuto dei volontari AUSER in questi anni di pandemia, vicini alle necessit\u00e0 delle persone in difficolt\u00e0, con la volont\u00e0 di essere sempre presenti e vicini alle comunit\u00e0 locali, \u201caperti al futuro\u201d.<\/p>\n<p> \tAUSER Insieme Bassa Friulana APS \u00e8 affiliata della rete regionale di AUSER, ha la propria sede a Cervignano del Friuli e opera in convenzione con i Comuni di Aquileia, Terzo di Aquileia, Cervignano del Friuli, Ruda, Campolongo Tapogliano e Palmanova, per attivit\u00e0 di trasporti protetti e pi\u00f9 in generale per attivit\u00e0 di socializzazione a favore dei suoi 1.173 soci e con l\u2019attivit\u00e0 svolta dai suoi 177 volontari attivi.<\/p>\n<p> \tInoltre \u00e8 capofila a coordinamento delle altre affiliate della Bassa Friulana (\u201cFiumicello Villa Vicentina\u201d, \u201cAnnia\u201d, \u201cCastions di Strada\u201d, \u201cTurgnano\u201d, Stella e Tagliamento\u201d) con una presenza territoriale da Latisana a Fiumicello Villa Vicentina di oltre 3.000 soci.<\/p>\n<p> \t\u00a0<\/p>\n","protected":false},"excerpt":{"rendered":"<p>Inaugurata in via San Francesco<\/p>\n","protected":false},"author":22,"featured_media":43181,"comment_status":"closed","ping_status":"closed","sticky":false,"template":"","format":"standard","meta":{"dwc-title":[],"dwc-content":[],"footnotes":""},"categories":[5],"tags":[],"class_list":["post-43180","post","type-post","status-publish","format-standard","has-post-thumbnail","hentry","category-attualita"],"rttpg_featured_image_url":{"full":["https:\/\/imagazine.it\/wp-content\/uploads\/2024\/01\/46571-1.webp",800,534,false],"landscape":["https:\/\/imagazine.it\/wp-content\/uploads\/2024\/01\/46571-1.webp",800,534,false],"portraits":["https:\/\/imagazine.it\/wp-content\/uploads\/2024\/01\/46571-1.webp",800,534,false],"thumbnail":["https:\/\/imagazine.it\/wp-content\/uploads\/2024\/01\/46571-1-150x150.webp",150,150,true],"medium":["https:\/\/imagazine.it\/wp-content\/uploads\/2024\/01\/46571-1-300x200.webp",300,200,true],"large":["https:\/\/imagazine.it\/wp-content\/uploads\/2024\/01\/46571-1.webp",640,427,false],"thumblist":["https:\/\/imagazine.it\/wp-content\/uploads\/2024\/01\/46571-1.webp",300,200,false],"thumbrelated":["https:\/\/imagazine.it\/wp-content\/uploads\/2024\/01\/46571-1.webp",500,334,false],"meccarouselthumb":["https:\/\/imagazine.it\/wp-content\/uploads\/2024\/01\/46571-1.webp",474,316,false],"gridsquare":["https:\/\/imagazine.it\/wp-content\/uploads\/2024\/01\/46571-1.webp",391,260,false],"tileview":["https:\/\/imagazine.it\/wp-content\/uploads\/2024\/01\/46571-1.webp",300,200,false],"1536x1536":["https:\/\/imagazine.it\/wp-content\/uploads\/2024\/01\/46571-1.webp",800,534,false],"2048x2048":["https:\/\/imagazine.it\/wp-content\/uploads\/2024\/01\/46571-1.webp",800,534,false],"newsup-slider-full":["https:\/\/imagazine.it\/wp-content\/uploads\/2024\/01\/46571-1.webp",800,534,false],"newsup-featured":["https:\/\/imagazine.it\/wp-content\/uploads\/2024\/01\/46571-1.webp",800,534,false],"newsup-medium":["https:\/\/imagazine.it\/wp-content\/uploads\/2024\/01\/46571-1-720x380.webp",720,380,true],"tptn_thumbnail":["https:\/\/imagazine.it\/wp-content\/uploads\/2024\/01\/46571-1.webp",250,167,false],"sow-carousel-default":["https:\/\/imagazine.it\/wp-content\/uploads\/2024\/01\/46571-1-272x182.webp",272,182,true]},"rttpg_author":{"display_name":"Livio Nonis","author_link":"https:\/\/imagazine.it\/home_desk\/author\/nonis\/"},"rttpg_comment":0,"rttpg_category":"<a href=\"https:\/\/imagazine.it\/home_desk\/category\/attualita\/\" rel=\"category tag\">ATTUALIT\u00c0<\/a>","rttpg_excerpt":"Inaugurata in via San Francesco","_links":{"self":[{"href":"https:\/\/imagazine.it\/home_desk\/wp-json\/wp\/v2\/posts\/43180","targetHints":{"allow":["GET"]}}],"collection":[{"href":"https:\/\/imagazine.it\/home_desk\/wp-json\/wp\/v2\/posts"}],"about":[{"href":"https:\/\/imagazine.it\/home_desk\/wp-json\/wp\/v2\/types\/post"}],"author":[{"embeddable":true,"href":"https:\/\/imagazine.it\/home_desk\/wp-json\/wp\/v2\/users\/22"}],"replies":[{"embeddable":true,"href":"https:\/\/imagazine.it\/home_desk\/wp-json\/wp\/v2\/comments?post=43180"}],"version-history":[{"count":0,"href":"https:\/\/imagazine.it\/home_desk\/wp-json\/wp\/v2\/posts\/43180\/revisions"}],"wp:featuredmedia":[{"embeddable":true,"href":"https:\/\/imagazine.it\/home_desk\/wp-json\/wp\/v2\/media\/43181"}],"wp:attachment":[{"href":"https:\/\/imagazine.it\/home_desk\/wp-json\/wp\/v2\/media?parent=43180"}],"wp:term":[{"taxonomy":"category","embeddable":true,"href":"https:\/\/imagazine.it\/home_desk\/wp-json\/wp\/v2\/categories?post=43180"},{"taxonomy":"post_tag","embeddable":true,"href":"https:\/\/imagazine.it\/home_desk\/wp-json\/wp\/v2\/tags?post=43180"}],"curies":[{"name":"wp","href":"https:\/\/api.w.org\/{rel}","templated":true}]}}