{"id":43170,"date":"2022-03-14T00:00:00","date_gmt":"2022-03-13T23:00:00","guid":{"rendered":"https:\/\/imagazine.it\/?p=43170"},"modified":"2022-03-14T00:00:00","modified_gmt":"2022-03-13T23:00:00","slug":"gorizia-riconoscimenti-speciali-alle-forze-dellordine","status":"publish","type":"post","link":"https:\/\/imagazine.it\/home_desk\/gorizia-riconoscimenti-speciali-alle-forze-dellordine\/","title":{"rendered":"Gorizia, riconoscimenti speciali alle forze dell&#8217;ordine"},"content":{"rendered":"<p> \tIl sindaco di <strong>Gorizia<\/strong>, <strong>Rodolfo Ziberna<\/strong>, insieme al prefetto, <strong>Raffaele Ricciardi<\/strong>, ha aperto la cerimonia, nell\u2019ambito delle <strong>celebrazioni per i Santi Ilario e Taziano<\/strong>, per il conferimento di riconoscimenti speciali a rappresentanti delle Forze dell\u2019ordine che nel 2021 si sono distinti per il particolare impegno nello svolgere il proprio servizio a favore della comunit\u00e0.<\/p>\n<p> \t\u00c8 il caso di <strong>Domenico Caterino<\/strong>, Soldato VFP1 della Brigata di Cavalleria &#8220;Pozzuolo del Friuli&#8221;, la cui storia \u00e8 stata raccontata\u00a0dal colonnello <strong>Luca Franchini<\/strong>: \u201cCaterino era in servizio nel CPR di Gradisca quando si \u00e8 trovato di fronte a una persona che stava tentando il suicidio con un cappio improvvisato. Agendo con immediatezza \u00e8 riuscito a slegare la corda e a mantenere in sicurezza l\u2019area fino all\u2019arrivo del personale sanitario e delle forze di polizia\u201d.<\/p>\n<p> \t<strong>Fabio Cervellieri <\/strong>invece, Appuntato del 13\u00b0 Reggimento Carabinieri &#8220;Friuli Venezia Giulia\u201d, come ha spiegato il tenente colonnello <strong>Domenico Menna<\/strong>, \u201ccontattato da una famiglia Kosovara molto preoccupata per la salute della figlia di 4 anni, ha messo in moto una macchina della solidariet\u00e0, esponendosi economicamente in prima persona, comprando medicine e riuscendo a far arrivare la bimba in Italia dove \u00e8 stata adeguatamente curate e, probabilmente le \u00e8 stata salvata la vita\u201d.<\/p>\n<p> \tCos\u00ec come hanno fatto con la divisa della Polizia di Stato, <strong>Thomas Sandrin<\/strong>, assistente capo coordinatore, e <strong>Alex Nazzaro<\/strong>, agente. A raccontare l\u2019episodio di cui sono stati protagonisti \u00e8 stato <strong>Gianluca Greco<\/strong>, questore vicario: \u201cErano di pattuglia quando \u00e8 arrivata una chiamata dalla sorella di una persona angosciata perch\u00e9 il fratello aveva manifestato propositi suicidi. I due rappresentanti della Polizia di Stato non hanno perso tempo e hanno velocemente individuato l\u2019auto, in riva all\u2019Isonzo, all\u2019interno della quale c\u2019era, gi\u00e0 quasi incosciente, la persona che aveva tentato il suicidio. Sono riusciti a salvarlo\u201d.<\/p>\n<p> \tE, nonostante fosse libero dal servizio,\u00a0non ci ha pensato un secondo, un altro dei premiati, <strong>Tommaso Feole<\/strong> maresciallo del comando provinciale dei carabinieri a correre in soccorso di una signora il cui appartamento era in fiamme. \u201cLa donna ha raccontato al maresciallo Feole che il marito era ancora dentro la casa &#8211; ha ricordato il tenente colonnello <strong>Andrea Modesti<\/strong> &#8211;\u00a0e lui \u00e8 entrato e si \u00e8 messo alla ricerca dell\u2019uomo finch\u00e9 lo ha trovato in mansarda riuscendo a farlo salvare dai vigili del fuoco\u201d.<\/p>\n<p> \tHa\u00a0rischiato la vita anche <strong>Gianfausto Giuliani<\/strong>, appuntato scelto con qualifica speciale del Comando Provinciale della Guardia di Finanza. Anche lui era fuori servizio, quando, a Grado, ha affrontato un uomo che, in pieno centro, ha cominciato a inveire pesantemente contro le persone. Dopo un primo momento in cui in cui l\u2019individuo\u00a0sembrava essersi calmato, \u00e8 apparso un coltello da macellaio con il quale ha ferito Giuliani che per\u00f2 \u00e8 riuscito a reagire e a neutralizzarlo.<\/p>\n<p> \tE di momenti rischiosi ne ha vissuti anche <strong>Antimo Angelino<\/strong>, capo reparto del Comando provinciale dei Vigili del Fuoco, che da decenni partecipa a operazioni di spegnimento anche estremamente pericolose, come ha ricordato l\u2019ingegner <strong>Grazia Piombini<\/strong>: \u201cQuest\u2019estate Angelino ha anche partecipato alla campagna antincendi in Sicilia e per il suo straordinario lavoro ha ricevuto anche l\u2019encomio da parte degli amministratori di quella regione\u201d.<\/p>\n<p> \tInfine un\u2019operazione di polizia giudiziaria da parte di <strong>Cecilia Di Bartolomeo<\/strong>, vice commissario, <strong>Chiara Larghi<\/strong>, agente scelto, e <strong>Stefano Plett<\/strong>, agente, tutti della\u00a0Polizia Locale che hanno permesso, proprio grazie alle loro indagini, come ha evidenziato il comandante <strong>Marco Muzzatti<\/strong>, un intervento della Procura della Repubblica nell\u2019ambito della lotta contro lo stoccaggio di rifiuti illeciti, in questo caso stipati in un\u2019officina.<\/p>\n<p> \t\u00a0<\/p>\n","protected":false},"excerpt":{"rendered":"<p>Nell&#8217;ambito delle celebrazioni patronali<\/p>\n","protected":false},"author":28,"featured_media":43171,"comment_status":"closed","ping_status":"closed","sticky":false,"template":"","format":"standard","meta":{"dwc-title":[],"dwc-content":[],"footnotes":""},"categories":[5],"tags":[],"class_list":["post-43170","post","type-post","status-publish","format-standard","has-post-thumbnail","hentry","category-attualita"],"rttpg_featured_image_url":{"full":["https:\/\/imagazine.it\/wp-content\/uploads\/2024\/01\/46533-1.webp",2048,1536,false],"landscape":["https:\/\/imagazine.it\/wp-content\/uploads\/2024\/01\/46533-1.webp",2048,1536,false],"portraits":["https:\/\/imagazine.it\/wp-content\/uploads\/2024\/01\/46533-1.webp",2048,1536,false],"thumbnail":["https:\/\/imagazine.it\/wp-content\/uploads\/2024\/01\/46533-1-150x150.webp",150,150,true],"medium":["https:\/\/imagazine.it\/wp-content\/uploads\/2024\/01\/46533-1-300x225.webp",300,225,true],"large":["https:\/\/imagazine.it\/wp-content\/uploads\/2024\/01\/46533-1-1024x768.webp",640,480,true],"thumblist":["https:\/\/imagazine.it\/wp-content\/uploads\/2024\/01\/46533-1.webp",300,225,false],"thumbrelated":["https:\/\/imagazine.it\/wp-content\/uploads\/2024\/01\/46533-1.webp",500,375,false],"meccarouselthumb":["https:\/\/imagazine.it\/wp-content\/uploads\/2024\/01\/46533-1.webp",432,324,false],"gridsquare":["https:\/\/imagazine.it\/wp-content\/uploads\/2024\/01\/46533-1.webp",347,260,false],"tileview":["https:\/\/imagazine.it\/wp-content\/uploads\/2024\/01\/46533-1.webp",300,225,false],"1536x1536":["https:\/\/imagazine.it\/wp-content\/uploads\/2024\/01\/46533-1-1536x1152.webp",1536,1152,true],"2048x2048":["https:\/\/imagazine.it\/wp-content\/uploads\/2024\/01\/46533-1.webp",2048,1536,false],"newsup-slider-full":["https:\/\/imagazine.it\/wp-content\/uploads\/2024\/01\/46533-1-1280x720.webp",1280,720,true],"newsup-featured":["https:\/\/imagazine.it\/wp-content\/uploads\/2024\/01\/46533-1-1024x768.webp",1024,768,true],"newsup-medium":["https:\/\/imagazine.it\/wp-content\/uploads\/2024\/01\/46533-1-720x380.webp",720,380,true],"tptn_thumbnail":["https:\/\/imagazine.it\/wp-content\/uploads\/2024\/01\/46533-1.webp",250,188,false],"sow-carousel-default":["https:\/\/imagazine.it\/wp-content\/uploads\/2024\/01\/46533-1-272x182.webp",272,182,true]},"rttpg_author":{"display_name":"redazione","author_link":"https:\/\/imagazine.it\/home_desk\/author\/redazione\/"},"rttpg_comment":0,"rttpg_category":"<a href=\"https:\/\/imagazine.it\/home_desk\/category\/attualita\/\" rel=\"category tag\">ATTUALIT\u00c0<\/a>","rttpg_excerpt":"Nell'ambito delle celebrazioni patronali","_links":{"self":[{"href":"https:\/\/imagazine.it\/home_desk\/wp-json\/wp\/v2\/posts\/43170","targetHints":{"allow":["GET"]}}],"collection":[{"href":"https:\/\/imagazine.it\/home_desk\/wp-json\/wp\/v2\/posts"}],"about":[{"href":"https:\/\/imagazine.it\/home_desk\/wp-json\/wp\/v2\/types\/post"}],"author":[{"embeddable":true,"href":"https:\/\/imagazine.it\/home_desk\/wp-json\/wp\/v2\/users\/28"}],"replies":[{"embeddable":true,"href":"https:\/\/imagazine.it\/home_desk\/wp-json\/wp\/v2\/comments?post=43170"}],"version-history":[{"count":0,"href":"https:\/\/imagazine.it\/home_desk\/wp-json\/wp\/v2\/posts\/43170\/revisions"}],"wp:featuredmedia":[{"embeddable":true,"href":"https:\/\/imagazine.it\/home_desk\/wp-json\/wp\/v2\/media\/43171"}],"wp:attachment":[{"href":"https:\/\/imagazine.it\/home_desk\/wp-json\/wp\/v2\/media?parent=43170"}],"wp:term":[{"taxonomy":"category","embeddable":true,"href":"https:\/\/imagazine.it\/home_desk\/wp-json\/wp\/v2\/categories?post=43170"},{"taxonomy":"post_tag","embeddable":true,"href":"https:\/\/imagazine.it\/home_desk\/wp-json\/wp\/v2\/tags?post=43170"}],"curies":[{"name":"wp","href":"https:\/\/api.w.org\/{rel}","templated":true}]}}