{"id":43164,"date":"2022-03-12T00:00:00","date_gmt":"2022-03-11T23:00:00","guid":{"rendered":"https:\/\/imagazine.it\/?p=43164"},"modified":"2022-03-12T00:00:00","modified_gmt":"2022-03-11T23:00:00","slug":"cervignano-parrocchia-attiva-a-sostegno-dei-profughi-ucraini","status":"publish","type":"post","link":"https:\/\/imagazine.it\/home_desk\/cervignano-parrocchia-attiva-a-sostegno-dei-profughi-ucraini\/","title":{"rendered":"Cervignano, parrocchia attiva a sostegno dei profughi ucraini"},"content":{"rendered":"<p> \tIl tema dell\u2019accoglienza dei profughi dalla guerra in Ucraina \u00e8 stato il fulcro di un recente incontro della <strong>Caritas parrocchiale<\/strong> tenutosi presso la <strong>canonica<\/strong> di <strong>Cervignano del Friuli<\/strong>.<\/p>\n<p> \tL\u2019intera diocesi di Gorizia, seguendo le indicazioni date dalla Caritas Diocesana e dell\u2019<strong>arcivescovo<\/strong> <strong>Carlo Roberto Maria Redaelli<\/strong> si sta mobilitando e quindi sta coinvolgendo le diverse unit\u00e0 pastorali al fine di \u201cmappare\u201d il territorio e capire quali strutture chiuse e attualmente non abitate (canoniche, appartamenti o altri locali) possano essere rese disponibili, anche a seguito di piccoli interventi di manutenzione, all\u2019eventuale accoglienza che si prevede di attuare nelle prossime settimane, presumibilmente rivolta a donne, bambini e persone anziane.<\/p>\n<p> \tDue realt\u00e0 dell\u2019unit\u00e0 pastorale cervignanese si sono subito mobilitate. Tra queste <strong>\u201cUomini come Noi\u201d<\/strong>, coordinata da <strong>Sergio Odoni<\/strong>, ha immediatamente sostenuto con un contributo economico la Congregazione delle Suore della Provvidenza che, avendo una missione in Moldavia, proprio al confine con l\u2019Ucraina, si trova ad affrontare in prima linea l\u2019emergenza.<\/p>\n<p> \t\u201cUomini come Noi\u201d apre poi le porte del proprio magazzino per fornire ci\u00f2 che \u00e8 necessario, dai vestiti alla mobilia per la sistemazione degli alloggi.<\/p>\n<p> \tPreziosa anche la presenza dell\u2019<strong>Emporio<\/strong> <strong>della Solidariet\u00e0<\/strong> che, oltre a occuparsi delle numerose necessit\u00e0 di sostegno ai nuclei familiari bisognosi della comunit\u00e0 cervignanese, si \u00e8 reso disponibile a sostenere dal punto di vista alimentare le eventuali persone accolte.<\/p>\n<p> \tSinergie preziose pronte a operare insieme per l\u2019accoglienza.<\/p>\n<p> \t\u00a0<\/p>\n","protected":false},"excerpt":{"rendered":"<p>Gi\u00e0 operative due realt\u00e0 dell&#8217;unit\u00e0 pastorale<\/p>\n","protected":false},"author":22,"featured_media":43165,"comment_status":"closed","ping_status":"closed","sticky":false,"template":"","format":"standard","meta":{"dwc-title":[],"dwc-content":[],"footnotes":""},"categories":[5],"tags":[],"class_list":["post-43164","post","type-post","status-publish","format-standard","has-post-thumbnail","hentry","category-attualita"],"rttpg_featured_image_url":{"full":["https:\/\/imagazine.it\/wp-content\/uploads\/2024\/01\/46521-1.webp",1024,576,false],"landscape":["https:\/\/imagazine.it\/wp-content\/uploads\/2024\/01\/46521-1.webp",1024,576,false],"portraits":["https:\/\/imagazine.it\/wp-content\/uploads\/2024\/01\/46521-1.webp",1024,576,false],"thumbnail":["https:\/\/imagazine.it\/wp-content\/uploads\/2024\/01\/46521-1-150x150.webp",150,150,true],"medium":["https:\/\/imagazine.it\/wp-content\/uploads\/2024\/01\/46521-1-300x169.webp",300,169,true],"large":["https:\/\/imagazine.it\/wp-content\/uploads\/2024\/01\/46521-1.webp",640,360,false],"thumblist":["https:\/\/imagazine.it\/wp-content\/uploads\/2024\/01\/46521-1.webp",300,169,false],"thumbrelated":["https:\/\/imagazine.it\/wp-content\/uploads\/2024\/01\/46521-1.webp",500,281,false],"meccarouselthumb":["https:\/\/imagazine.it\/wp-content\/uploads\/2024\/01\/46521-1.webp",474,267,false],"gridsquare":["https:\/\/imagazine.it\/wp-content\/uploads\/2024\/01\/46521-1.webp",391,220,false],"tileview":["https:\/\/imagazine.it\/wp-content\/uploads\/2024\/01\/46521-1.webp",300,169,false],"1536x1536":["https:\/\/imagazine.it\/wp-content\/uploads\/2024\/01\/46521-1.webp",1024,576,false],"2048x2048":["https:\/\/imagazine.it\/wp-content\/uploads\/2024\/01\/46521-1.webp",1024,576,false],"newsup-slider-full":["https:\/\/imagazine.it\/wp-content\/uploads\/2024\/01\/46521-1.webp",1024,576,false],"newsup-featured":["https:\/\/imagazine.it\/wp-content\/uploads\/2024\/01\/46521-1.webp",1024,576,false],"newsup-medium":["https:\/\/imagazine.it\/wp-content\/uploads\/2024\/01\/46521-1-720x380.webp",720,380,true],"tptn_thumbnail":["https:\/\/imagazine.it\/wp-content\/uploads\/2024\/01\/46521-1.webp",250,141,false],"sow-carousel-default":["https:\/\/imagazine.it\/wp-content\/uploads\/2024\/01\/46521-1-272x182.webp",272,182,true]},"rttpg_author":{"display_name":"Livio Nonis","author_link":"https:\/\/imagazine.it\/home_desk\/author\/nonis\/"},"rttpg_comment":0,"rttpg_category":"<a href=\"https:\/\/imagazine.it\/home_desk\/category\/attualita\/\" rel=\"category tag\">ATTUALIT\u00c0<\/a>","rttpg_excerpt":"Gi\u00e0 operative due realt\u00e0 dell'unit\u00e0 pastorale","_links":{"self":[{"href":"https:\/\/imagazine.it\/home_desk\/wp-json\/wp\/v2\/posts\/43164","targetHints":{"allow":["GET"]}}],"collection":[{"href":"https:\/\/imagazine.it\/home_desk\/wp-json\/wp\/v2\/posts"}],"about":[{"href":"https:\/\/imagazine.it\/home_desk\/wp-json\/wp\/v2\/types\/post"}],"author":[{"embeddable":true,"href":"https:\/\/imagazine.it\/home_desk\/wp-json\/wp\/v2\/users\/22"}],"replies":[{"embeddable":true,"href":"https:\/\/imagazine.it\/home_desk\/wp-json\/wp\/v2\/comments?post=43164"}],"version-history":[{"count":0,"href":"https:\/\/imagazine.it\/home_desk\/wp-json\/wp\/v2\/posts\/43164\/revisions"}],"wp:featuredmedia":[{"embeddable":true,"href":"https:\/\/imagazine.it\/home_desk\/wp-json\/wp\/v2\/media\/43165"}],"wp:attachment":[{"href":"https:\/\/imagazine.it\/home_desk\/wp-json\/wp\/v2\/media?parent=43164"}],"wp:term":[{"taxonomy":"category","embeddable":true,"href":"https:\/\/imagazine.it\/home_desk\/wp-json\/wp\/v2\/categories?post=43164"},{"taxonomy":"post_tag","embeddable":true,"href":"https:\/\/imagazine.it\/home_desk\/wp-json\/wp\/v2\/tags?post=43164"}],"curies":[{"name":"wp","href":"https:\/\/api.w.org\/{rel}","templated":true}]}}