{"id":43144,"date":"2022-03-10T00:00:00","date_gmt":"2022-03-09T23:00:00","guid":{"rendered":"https:\/\/imagazine.it\/?p=43144"},"modified":"2022-03-10T00:00:00","modified_gmt":"2022-03-09T23:00:00","slug":"aquileia-si-riappropria-dei-beni-confiscati-alla-criminalita-organizzata","status":"publish","type":"post","link":"https:\/\/imagazine.it\/home_desk\/aquileia-si-riappropria-dei-beni-confiscati-alla-criminalita-organizzata\/","title":{"rendered":"Aquileia si riappropria dei beni confiscati alla criminalit\u00e0 organizzata"},"content":{"rendered":"<p> \tIl <strong>Comune di Aquileia<\/strong>, grazie alla sinergia con l\u2019<strong>Agenzia<\/strong> <strong>del Demanio<\/strong> e al coordinamento del <strong>Prefetto di Udine<\/strong> <strong>Massimo Marchesiello<\/strong>, ha ottenuto da parte dell\u2019Agenzia Nazionale per l\u2019amministrazione e la destinazione dei beni sequestrati e confiscati alla criminalit\u00e0 organizzata il trasferimento di tre beni dislocati all\u2019interno del territorio comunale dal grande potenziale per lo sviluppo dell\u2019area.<\/p>\n<p> \tInoltre grazie alla <strong>Regione Friuli Venezia Giulia<\/strong> e all\u2019assessore alle autonomie locali <strong>Pierpaolo Roberti<\/strong>, che ha predisposto un finanziamento per la progettazione, potranno partire immediatamente i lavori di risistemazione dell\u2019immobile<\/p>\n<p> \tNello specifico, i beni coinvolti che saranno, di fatto, restituiti alla Comunit\u00e0 di Aquileia riguardano un\u2019unit\u00e0 immobiliari e un terreno, tutti situati presso <strong>Borgo San Felice<\/strong>.<\/p>\n<p> \tL\u2019amministrazione comunale sta gi\u00e0 predisponendo un progetto dedicato alla destinazione d\u2019uso di questo patrimonio, preziosa risorsa sotto molteplici punti di vista.<\/p>\n<p> \tSi intende infatti realizzare una foresteria in accordo con il Comando provinciale dell\u2019Arma dei Carabinieri e si potr\u00e0 inoltre individuare una parte da adibire ad alloggio per gli agenti della Stazione di Aquileia.<\/p>\n<p> \tUno spazio sar\u00e0 invece dedicato alle cerimonie pubbliche \u2013 inclusi i matrimoni che potranno svolgersi con vista sulla Basilica di Santa Maria Assunta \u2013 e ad attivit\u00e0 culturali organizzate dalle associazioni locali.<\/p>\n<p> \tInfine l\u2019intenzione \u00e8 quella di realizzare un parco e una sosta attrezzata per i ciclisti che percorrono l\u2019adiacente pista.<\/p>\n<p> \t\u201cQuesto importante traguardo \u2013 dichiara il sindaco di Aquileia, <strong>Emanuele Zorino<\/strong> \u2013 \u00e8 stato possibile soltanto grazie al grande lavoro della nostra amministrazione e alla forte sinergia e determinazione di tutti gli Enti coinvolti, grazie ai quali siamo riusciti a risolvere molto velocemente un problema annoso che stava seriamente compromettendo il decoro della citt\u00e0, e a trasformalo in un\u2019opportunit\u00e0 di crescita. Restituiremo dunque uno spazio alla cittadinanza, alle numerose realt\u00e0 locali e anche ai turisti grazie al parco che insister\u00e0 sulla ciclabile\u201d.<\/p>\n<p> \t&#8220;Nella legge di Stabilit\u00e0 2022 &#8211; ha spiegato l&#39;assessore regionale <strong>Roberti<\/strong> &#8211; simo intervenuti prevedendo una posta di bilancio per trasferire al Comune di Aquileia le prime risorse necessarie ad avviare la progettazione con la quale rimettere in sesto questo bene ormai abbandonato da anni. L&#39;auspicio \u00e8 di poter vedere quanto prima il risultato di questa importante operazione, che ha una valenza non solo a livello architettonico ma anche e soprattutto un valore simbolico per l&#39;intera comunit\u00e0 locale. L&#39;amministrazione regionale \u00e8 fortemente convinta di questa iniziativa che siamo certi potr\u00e0 avere un riflesso anche turistico; l&#39;immobile si trova infatti a pochi passi da una importante ciclovia che attraversa una delle perle storiche del nostro territorio&#8221;.<\/p>\n<p> \t\u00a0<\/p>\n","protected":false},"excerpt":{"rendered":"<p>Guarda il video<\/p>\n","protected":false},"author":28,"featured_media":43145,"comment_status":"closed","ping_status":"closed","sticky":false,"template":"","format":"standard","meta":{"dwc-title":[],"dwc-content":[],"footnotes":""},"categories":[5],"tags":[],"class_list":["post-43144","post","type-post","status-publish","format-standard","has-post-thumbnail","hentry","category-attualita"],"rttpg_featured_image_url":{"full":["https:\/\/imagazine.it\/wp-content\/uploads\/2024\/01\/46457-1.webp",2000,1500,false],"landscape":["https:\/\/imagazine.it\/wp-content\/uploads\/2024\/01\/46457-1.webp",2000,1500,false],"portraits":["https:\/\/imagazine.it\/wp-content\/uploads\/2024\/01\/46457-1.webp",2000,1500,false],"thumbnail":["https:\/\/imagazine.it\/wp-content\/uploads\/2024\/01\/46457-1-150x150.webp",150,150,true],"medium":["https:\/\/imagazine.it\/wp-content\/uploads\/2024\/01\/46457-1-300x225.webp",300,225,true],"large":["https:\/\/imagazine.it\/wp-content\/uploads\/2024\/01\/46457-1-1024x768.webp",640,480,true],"thumblist":["https:\/\/imagazine.it\/wp-content\/uploads\/2024\/01\/46457-1.webp",300,225,false],"thumbrelated":["https:\/\/imagazine.it\/wp-content\/uploads\/2024\/01\/46457-1.webp",500,375,false],"meccarouselthumb":["https:\/\/imagazine.it\/wp-content\/uploads\/2024\/01\/46457-1.webp",432,324,false],"gridsquare":["https:\/\/imagazine.it\/wp-content\/uploads\/2024\/01\/46457-1.webp",347,260,false],"tileview":["https:\/\/imagazine.it\/wp-content\/uploads\/2024\/01\/46457-1.webp",300,225,false],"1536x1536":["https:\/\/imagazine.it\/wp-content\/uploads\/2024\/01\/46457-1-1536x1152.webp",1536,1152,true],"2048x2048":["https:\/\/imagazine.it\/wp-content\/uploads\/2024\/01\/46457-1.webp",2000,1500,false],"newsup-slider-full":["https:\/\/imagazine.it\/wp-content\/uploads\/2024\/01\/46457-1-1280x720.webp",1280,720,true],"newsup-featured":["https:\/\/imagazine.it\/wp-content\/uploads\/2024\/01\/46457-1-1024x768.webp",1024,768,true],"newsup-medium":["https:\/\/imagazine.it\/wp-content\/uploads\/2024\/01\/46457-1-720x380.webp",720,380,true],"tptn_thumbnail":["https:\/\/imagazine.it\/wp-content\/uploads\/2024\/01\/46457-1.webp",250,188,false],"sow-carousel-default":["https:\/\/imagazine.it\/wp-content\/uploads\/2024\/01\/46457-1-272x182.webp",272,182,true]},"rttpg_author":{"display_name":"redazione","author_link":"https:\/\/imagazine.it\/home_desk\/author\/redazione\/"},"rttpg_comment":0,"rttpg_category":"<a href=\"https:\/\/imagazine.it\/home_desk\/category\/attualita\/\" rel=\"category tag\">ATTUALIT\u00c0<\/a>","rttpg_excerpt":"Guarda il video","_links":{"self":[{"href":"https:\/\/imagazine.it\/home_desk\/wp-json\/wp\/v2\/posts\/43144","targetHints":{"allow":["GET"]}}],"collection":[{"href":"https:\/\/imagazine.it\/home_desk\/wp-json\/wp\/v2\/posts"}],"about":[{"href":"https:\/\/imagazine.it\/home_desk\/wp-json\/wp\/v2\/types\/post"}],"author":[{"embeddable":true,"href":"https:\/\/imagazine.it\/home_desk\/wp-json\/wp\/v2\/users\/28"}],"replies":[{"embeddable":true,"href":"https:\/\/imagazine.it\/home_desk\/wp-json\/wp\/v2\/comments?post=43144"}],"version-history":[{"count":0,"href":"https:\/\/imagazine.it\/home_desk\/wp-json\/wp\/v2\/posts\/43144\/revisions"}],"wp:featuredmedia":[{"embeddable":true,"href":"https:\/\/imagazine.it\/home_desk\/wp-json\/wp\/v2\/media\/43145"}],"wp:attachment":[{"href":"https:\/\/imagazine.it\/home_desk\/wp-json\/wp\/v2\/media?parent=43144"}],"wp:term":[{"taxonomy":"category","embeddable":true,"href":"https:\/\/imagazine.it\/home_desk\/wp-json\/wp\/v2\/categories?post=43144"},{"taxonomy":"post_tag","embeddable":true,"href":"https:\/\/imagazine.it\/home_desk\/wp-json\/wp\/v2\/tags?post=43144"}],"curies":[{"name":"wp","href":"https:\/\/api.w.org\/{rel}","templated":true}]}}