{"id":43136,"date":"2022-03-10T00:00:00","date_gmt":"2022-03-09T23:00:00","guid":{"rendered":"https:\/\/imagazine.it\/?p=43136"},"modified":"2022-03-10T00:00:00","modified_gmt":"2022-03-09T23:00:00","slug":"il-fvg-riscopre-la-bellezza-delle-farfalle","status":"publish","type":"post","link":"https:\/\/imagazine.it\/home_desk\/il-fvg-riscopre-la-bellezza-delle-farfalle\/","title":{"rendered":"Il FVG riscopre la bellezza delle farfalle"},"content":{"rendered":"<p> \tDa molti anni, le serre della <em>Casa delle farfalle<\/em> si riempiono di farfalle che volano libere, tra marzo a settembre, tranne le ultime due stagioni, quando ogni regola \u00e8 saltata e anche le farfalle hanno avuto i loro problemi.<\/p>\n<p> \tFinalmente quest\u2019anno, <strong>a Bordano, si inizia in maniera regolare, sabato 19 marzo, e si va avanti ogni giorno fino al 16 ottobre<\/strong>.<\/p>\n<p> \tDopo due anni di \u201cdieta\u201d, quest\u2019anno la stagione si preannuncia molto ricca. Oltre al ritorno di quelli tradizionali, come le \u201c<strong><em>Notti delle farfalle<\/em><\/strong>\u201d, che erano stati sospesi durante le stagioni Covid, segnaliamo \u201c<strong><em>Met\u00e0 della foresta<\/em><\/strong>\u201d una serie di appuntamenti sull\u2019Amazzonia brasiliana (la foresta, la sostenibilit\u00e0, le popolazioni native, l\u2019agricoltura) con tanti eventi diversi e due cene-spettacolo (i visitatori non potranno sottrarsi dall\u2019assaggiare la <strong>\u201c<em>Borboleta<\/em>\u201d, un<\/strong> <strong>panino vegetariano e brasiliano<\/strong> che verr\u00e0 inserito per tutta la stagione nel menu dei chioschi delle farfalle, subito fuori dal museo).<\/p>\n<p> \tPoi \u201c<strong><em>Marav\u00eajs \u2013 Meraviglie<\/em><\/strong>\u201d, una serie di concerti in location insolite, tra le serre della <em>Casa delle farfalle<\/em>, Venzone, le sponde del Lago di Cavazzo e la Val Resia, in collaborazione con la cooperativa Slou. Previste anche <strong>escursioni e laboratori per ragazzi<\/strong> proposti insieme <em>all\u2019Ecomuseo della Val del Lago<\/em>, al Centro Visite e dintorni; una serie di <strong>escursioni guidate in bicicletta<\/strong>, in collaborazione con <em>Rete Bike FVG<\/em>; insieme con l\u2019associazione <em>Volo Libero Friuli<\/em> e ancora con <em>Rete Bike<\/em>, infine, quest\u2019anno si torneranno a organizzare i <strong>Centri Estivi<\/strong>, tra la <em>Casa delle farfalle<\/em> e il campo volo di Bordano.<\/p>\n<p> \tLa Casa delle farfalle sar\u00e0 aperta al pubblico da sabato 19 marzo a domenica 16 ottobre, ogni giorno dalle 10 alle 18 (siccome la visita dura almeno un\u2019ora \u00e8 preferibile arrivare entro le 17); da ricordare che pi\u00f9 la giornata \u00e8 soleggiata e pi\u00f9 farfalle in volo si potranno incontrare nelle serre. Per informazioni sulle visite, guide, gruppi o eventi, \u00e8 possibile chiamare la segreteria al numero 344 2345 406 o email info@bordanofarfalle.it.<\/p>\n<p> \tIl 2022, per Bordano, non sar\u00e0 solo serre tropicali, ma tutto un fiorire di attivit\u00e0 che <em>Farfalle nella testa<\/em>, la cooperativa che gestisce la struttura naturalistica, ha elaborato durante questi anni e che ora vedono la luce. Nei laboratori della <em>Casa delle farfalle<\/em> parte, nel mese di aprile, il primo corso di \u201c<strong>Tecniche di pianificazione e realizzazione dell\u2019offerta turistica<\/strong>\u201d, un percorso formativo dal taglio innovativo, progettato da <em>Farfalle nella testa<\/em> e fortemente voluto dalla Regione, insieme a ENAIP FVG.<\/p>\n<p> \tDa diversi anni, la <em>Casa delle farfalle<\/em> \u00e8 accreditata a ospitare per tutto l\u2019anno i ragazzi <strong>del programma di volontariato dell\u2019Unione Europea \u201c<em>European Solidarity Corps<\/em>\u201d<\/strong>. Coinvolta o partner in diversi progetti comunitari, da pochi giorni <em>Farfalle nella testa<\/em> ha avuto l\u2019approvazione per il primo gruppo di volontari (un bando dal titolo \u201c<em>Teams in High Priority Areas<\/em>\u201d) che porter\u00e0 nel paesino sotto il San Simeone, per lavorare sui concetti di \u201c<strong>salute mentale e stile di vita sano\u201d<\/strong> (all\u2019incrocio tra l\u2019Agenda 2030 dell\u2019ONU e le urgenze emerse durante gli anni della pandemia), oltre 20 ragazzi da tutta Europa, insieme si giovani del nostro territorio.<\/p>\n<p> \tA mezz\u2019ora scarsa di auto da Bordano, poi, la cooperativa continua a gestire anche quest\u2019anno, con il comune di Resia, <strong>la<\/strong> <strong>Tana<\/strong>, un centro per il turismo naturalistico, in cui ci si pu\u00f2 prendere qualche giorno <em>detox<\/em> dal frastuono e dalla frenesia quotidiana, senza collegamento a internet, davanti all\u2019imponente massiccio dei Musi e da cui partire per semplici passeggiate in montagna o ascensioni pi\u00f9 impegnative.<\/p>\n<p> \t<em>Farfalle nella testa<\/em> continuer\u00e0 a gestire, per conto dell\u2019Ecomuseo, il <strong><em>Centro Visite<\/em> sul Lago di Cavazzo<\/strong> e, da quest\u2019anno, gestir\u00e0 anche, <strong>a Venzone,<\/strong> <strong><em>Tiere Motus<\/em><\/strong>, il museo che racconta il terremoto del 1976 e la ricostruzione che ha portato alla nascita del Friuli di oggi. <em>Tiere Motus<\/em> \u00e8 attivo dal 2009 ed \u00e8, paradossalmente, pi\u00f9 conosciuto in Giappone che in Friuli. Oggi, con l\u2019intervento della cooperativa di Bordano, si propone di farlo emergere a una nuova visibilit\u00e0 per gli abitanti di questa regione e per i turisti, con nuovi apparati multimediali, aperture prolungate ed eventi.<\/p>\n<p> \tDopo due inverni di cantiere, alla <em>Casa delle farfalle<\/em> sono infine terminati i lavori di efficientamento energetico, con un nuovo impianto di climatizzazione e il tamponamento esterno delle serre, attraverso un intervento dell\u2019ex UTI, oggi Comunit\u00e0 di Montagna. Nelle prossime settimane verr\u00e0 finalizzato il nuovo progetto di ampliamento, presentato dal Comune di Bordano e approvato sui fondi della Concertazione Regionale la scorsa estate. I lavori, che impegneranno presumibilmente due o tre inverni (qui i lavori si possono fare solo a serre chiuse) e vedranno un ampliamento degli spazi espositivi per mostre, dei parcheggi, di alcuni uffici, e una nuova zona ristorazione.<\/p>\n<p> \t\u00a0<\/p>\n","protected":false},"excerpt":{"rendered":"<p>Dal 19 marzo<\/p>\n","protected":false},"author":28,"featured_media":43137,"comment_status":"closed","ping_status":"closed","sticky":false,"template":"","format":"standard","meta":{"dwc-title":[],"dwc-content":[],"footnotes":""},"categories":[8],"tags":[],"class_list":["post-43136","post","type-post","status-publish","format-standard","has-post-thumbnail","hentry","category-turismo"],"rttpg_featured_image_url":{"full":["https:\/\/imagazine.it\/wp-content\/uploads\/2024\/01\/46446-1.webp",1920,1282,false],"landscape":["https:\/\/imagazine.it\/wp-content\/uploads\/2024\/01\/46446-1.webp",1920,1282,false],"portraits":["https:\/\/imagazine.it\/wp-content\/uploads\/2024\/01\/46446-1.webp",1920,1282,false],"thumbnail":["https:\/\/imagazine.it\/wp-content\/uploads\/2024\/01\/46446-1-150x150.webp",150,150,true],"medium":["https:\/\/imagazine.it\/wp-content\/uploads\/2024\/01\/46446-1-300x200.webp",300,200,true],"large":["https:\/\/imagazine.it\/wp-content\/uploads\/2024\/01\/46446-1-1024x684.webp",640,428,true],"thumblist":["https:\/\/imagazine.it\/wp-content\/uploads\/2024\/01\/46446-1.webp",300,200,false],"thumbrelated":["https:\/\/imagazine.it\/wp-content\/uploads\/2024\/01\/46446-1.webp",500,334,false],"meccarouselthumb":["https:\/\/imagazine.it\/wp-content\/uploads\/2024\/01\/46446-1.webp",474,316,false],"gridsquare":["https:\/\/imagazine.it\/wp-content\/uploads\/2024\/01\/46446-1.webp",389,260,false],"tileview":["https:\/\/imagazine.it\/wp-content\/uploads\/2024\/01\/46446-1.webp",300,200,false],"1536x1536":["https:\/\/imagazine.it\/wp-content\/uploads\/2024\/01\/46446-1-1536x1026.webp",1536,1026,true],"2048x2048":["https:\/\/imagazine.it\/wp-content\/uploads\/2024\/01\/46446-1.webp",1920,1282,false],"newsup-slider-full":["https:\/\/imagazine.it\/wp-content\/uploads\/2024\/01\/46446-1-1280x720.webp",1280,720,true],"newsup-featured":["https:\/\/imagazine.it\/wp-content\/uploads\/2024\/01\/46446-1-1024x684.webp",1024,684,true],"newsup-medium":["https:\/\/imagazine.it\/wp-content\/uploads\/2024\/01\/46446-1-720x380.webp",720,380,true],"tptn_thumbnail":["https:\/\/imagazine.it\/wp-content\/uploads\/2024\/01\/46446-1.webp",250,167,false],"sow-carousel-default":["https:\/\/imagazine.it\/wp-content\/uploads\/2024\/01\/46446-1-272x182.webp",272,182,true]},"rttpg_author":{"display_name":"redazione","author_link":"https:\/\/imagazine.it\/home_desk\/author\/redazione\/"},"rttpg_comment":0,"rttpg_category":"<a href=\"https:\/\/imagazine.it\/home_desk\/category\/turismo\/\" rel=\"category tag\">TURISMO<\/a>","rttpg_excerpt":"Dal 19 marzo","_links":{"self":[{"href":"https:\/\/imagazine.it\/home_desk\/wp-json\/wp\/v2\/posts\/43136","targetHints":{"allow":["GET"]}}],"collection":[{"href":"https:\/\/imagazine.it\/home_desk\/wp-json\/wp\/v2\/posts"}],"about":[{"href":"https:\/\/imagazine.it\/home_desk\/wp-json\/wp\/v2\/types\/post"}],"author":[{"embeddable":true,"href":"https:\/\/imagazine.it\/home_desk\/wp-json\/wp\/v2\/users\/28"}],"replies":[{"embeddable":true,"href":"https:\/\/imagazine.it\/home_desk\/wp-json\/wp\/v2\/comments?post=43136"}],"version-history":[{"count":0,"href":"https:\/\/imagazine.it\/home_desk\/wp-json\/wp\/v2\/posts\/43136\/revisions"}],"wp:featuredmedia":[{"embeddable":true,"href":"https:\/\/imagazine.it\/home_desk\/wp-json\/wp\/v2\/media\/43137"}],"wp:attachment":[{"href":"https:\/\/imagazine.it\/home_desk\/wp-json\/wp\/v2\/media?parent=43136"}],"wp:term":[{"taxonomy":"category","embeddable":true,"href":"https:\/\/imagazine.it\/home_desk\/wp-json\/wp\/v2\/categories?post=43136"},{"taxonomy":"post_tag","embeddable":true,"href":"https:\/\/imagazine.it\/home_desk\/wp-json\/wp\/v2\/tags?post=43136"}],"curies":[{"name":"wp","href":"https:\/\/api.w.org\/{rel}","templated":true}]}}