{"id":43129,"date":"2022-03-09T00:00:00","date_gmt":"2022-03-08T23:00:00","guid":{"rendered":"https:\/\/imagazine.it\/?p=43129"},"modified":"2022-03-09T00:00:00","modified_gmt":"2022-03-08T23:00:00","slug":"professioni-socio-sanitarie-da-cividale-nuove-progettualita","status":"publish","type":"post","link":"https:\/\/imagazine.it\/home_desk\/professioni-socio-sanitarie-da-cividale-nuove-progettualita\/","title":{"rendered":"Professioni socio-sanitarie, da Cividale nuove progettualit\u00e0"},"content":{"rendered":"<p> \tAl via al <strong>Civiform di Cividale<\/strong> il primo corso di <strong>Misure compensative OSS<\/strong>.<\/p>\n<p> \tUn percorso formativo rivolto a chi \u00e8 gi\u00e0 in possesso di un titolo di studio in ambito socio-sanitario (anche estero) o ha esperienze professionali pregresse nell&#39;assistenza di base e vuole ottenere la qualifica di Operatore Socio Sanitario.<\/p>\n<p> \tIl Centro di Formazione professionale apre cos\u00ec a un settore delicato e sempre pi\u00f9 decisivo, per dare una risposta all\u2019incessante richiesta del territorio di figure preparate per far fronte in modo professionale alle crescenti necessit\u00e0 legate all\u2019invecchiamento della popolazione locale. Solo con tale titolo, infatti, si possono svolgere attivit\u00e0 di assistenza di base, socio-assistenziale e di assistenza a domicilio per soddisfare i bisogni primari della persona\u00a0e favorirne il benessere e l\u2019autonomia.<\/p>\n<p> \tIl corso di 700 ore si allinea alle indicazioni delle professioni pi\u00f9 richieste del Friuli Venezia Giulia e si configura come il <strong>primo step di attivit\u00e0 nel filone<\/strong>: entro breve, infatti, verr\u00e0 attivato anche un percorso con partner Scuola Centrale Formazione dedicato all\u2018assistenza familiare grazie alla collaborazione con <strong>Domina<\/strong>, associazione nazionale famiglie datori di lavoro domestico.<\/p>\n<p> \t<em>\u201cPer ridurre il disagio sociale e la marginalit\u00e0 alla quale vanno incontro sempre pi\u00f9 persone \u2013 <\/em>spiega la direttrice di Civiform, <strong>Chiara Franceschini<\/strong><em> \u2013 l\u2019unica ricetta consiste nella partecipazione sociale e nell\u2019integrazione con questo e altri percorsi vogliamo allargare il nostro ambito d\u2019azione per dare una risposta concreta al territorio e far s\u00ec che nessuna persona con competenze socio-sanitarie venga dispersa\u201d.<\/em><\/p>\n<p> \tIl percorso, che porter\u00e0 21 allievi al conseguimento di una\u00a0<strong>Qualifica regionale 3\u00b0 Livello EQF <\/strong>(European Qualification Framework) di Operatore Socio-Sanitario, \u00e8 gratuito perch\u00e9 finanziato dal Fondo per lo Sviluppo e la Coesione Sociale 2014\/2020 e si realizza in stretto contatto con servizi pubblici e territoriali, tra cui servizi socio-sanitari, socio-assistenziali territoriali (ASP, RSA, Aziende Ospedaliere, Servizi per le dipendenze e per il supporto alle persone con disabilit\u00e0, Servizi dei comuni per l\u2019assistenza domiciliare).<\/p>\n<p> \tFondamentale anche il supporto <strong>Confcooperative<\/strong>, associazione di rappresentanza delle cooperative che ha sostenuto e auspicato la nascita di questo progetto.<\/p>\n<p> \t<em>\u201cSi tratta di un\u2019importante e significativa novit\u00e0 nell\u2019offerta formativa della nostra associata Civiform \u2013 <\/em>dichiara <strong>Paola Benini<\/strong>, neoeletta presidente di Confcooperative Alpe Adria, che raccoglie l\u2019eredit\u00e0 e il testimone delle ex unioni territoriali di Confcooperative Gorizia, Trieste e Udine <em>\u2013 che risponde all\u2019esigenza pressante del nostro sistema di welfare pubblico e privato di poter contare su un numero sempre maggiore di personale qualificato in ambito assistenziale. Fa particolarmente piacere che sia stata proprio una cooperativa sociale a investire tempo e pensiero in questo progetto, a riprova che la cooperazione ha a cuore lo sviluppo di servizi di qualit\u00e0 e di un\u2019occupazione sana e qualificata\u201d.<\/em><\/p>\n<p> \t\u201c<em>T<\/em><em>utte le nostre allieve \u2013 <\/em>sottolinea <strong>Renata Purpura<\/strong>, direttrice della progettazione di Civiform<em> \u2013 sono donne, in linea con ci\u00f2 che accade anche a livello nazionale, dove il <\/em><em>profilo dell\u2019operatrice socio assistenziale \u00e8 quasi sempre quello di <strong>una donna fra i 40\/45enne<\/strong><strong>,<\/strong> o pi\u00f9 giovane, dotata di grandi competenze sanitarie e tecniche, ma anche qualit\u00e0 fondamentali come empatia, capacit\u00e0 di ascolto e buon equilibrio personale\u201d.<\/em><\/p>\n","protected":false},"excerpt":{"rendered":"<p>Per rispondere alle esigenze della societ\u00e0<\/p>\n","protected":false},"author":28,"featured_media":43130,"comment_status":"closed","ping_status":"closed","sticky":false,"template":"","format":"standard","meta":{"dwc-title":[],"dwc-content":[],"footnotes":""},"categories":[6],"tags":[],"class_list":["post-43129","post","type-post","status-publish","format-standard","has-post-thumbnail","hentry","category-societa"],"rttpg_featured_image_url":{"full":["https:\/\/imagazine.it\/wp-content\/uploads\/2024\/01\/46434-1.webp",1000,667,false],"landscape":["https:\/\/imagazine.it\/wp-content\/uploads\/2024\/01\/46434-1.webp",1000,667,false],"portraits":["https:\/\/imagazine.it\/wp-content\/uploads\/2024\/01\/46434-1.webp",1000,667,false],"thumbnail":["https:\/\/imagazine.it\/wp-content\/uploads\/2024\/01\/46434-1-150x150.webp",150,150,true],"medium":["https:\/\/imagazine.it\/wp-content\/uploads\/2024\/01\/46434-1-300x200.webp",300,200,true],"large":["https:\/\/imagazine.it\/wp-content\/uploads\/2024\/01\/46434-1.webp",640,427,false],"thumblist":["https:\/\/imagazine.it\/wp-content\/uploads\/2024\/01\/46434-1.webp",300,200,false],"thumbrelated":["https:\/\/imagazine.it\/wp-content\/uploads\/2024\/01\/46434-1.webp",500,334,false],"meccarouselthumb":["https:\/\/imagazine.it\/wp-content\/uploads\/2024\/01\/46434-1.webp",474,316,false],"gridsquare":["https:\/\/imagazine.it\/wp-content\/uploads\/2024\/01\/46434-1.webp",391,260,false],"tileview":["https:\/\/imagazine.it\/wp-content\/uploads\/2024\/01\/46434-1.webp",300,200,false],"1536x1536":["https:\/\/imagazine.it\/wp-content\/uploads\/2024\/01\/46434-1.webp",1000,667,false],"2048x2048":["https:\/\/imagazine.it\/wp-content\/uploads\/2024\/01\/46434-1.webp",1000,667,false],"newsup-slider-full":["https:\/\/imagazine.it\/wp-content\/uploads\/2024\/01\/46434-1.webp",1000,667,false],"newsup-featured":["https:\/\/imagazine.it\/wp-content\/uploads\/2024\/01\/46434-1.webp",1000,667,false],"newsup-medium":["https:\/\/imagazine.it\/wp-content\/uploads\/2024\/01\/46434-1-720x380.webp",720,380,true],"tptn_thumbnail":["https:\/\/imagazine.it\/wp-content\/uploads\/2024\/01\/46434-1.webp",250,167,false],"sow-carousel-default":["https:\/\/imagazine.it\/wp-content\/uploads\/2024\/01\/46434-1-272x182.webp",272,182,true]},"rttpg_author":{"display_name":"redazione","author_link":"https:\/\/imagazine.it\/home_desk\/author\/redazione\/"},"rttpg_comment":0,"rttpg_category":"<a href=\"https:\/\/imagazine.it\/home_desk\/category\/societa\/\" rel=\"category tag\">SOCIET\u00c0<\/a>","rttpg_excerpt":"Per rispondere alle esigenze della societ\u00e0","_links":{"self":[{"href":"https:\/\/imagazine.it\/home_desk\/wp-json\/wp\/v2\/posts\/43129","targetHints":{"allow":["GET"]}}],"collection":[{"href":"https:\/\/imagazine.it\/home_desk\/wp-json\/wp\/v2\/posts"}],"about":[{"href":"https:\/\/imagazine.it\/home_desk\/wp-json\/wp\/v2\/types\/post"}],"author":[{"embeddable":true,"href":"https:\/\/imagazine.it\/home_desk\/wp-json\/wp\/v2\/users\/28"}],"replies":[{"embeddable":true,"href":"https:\/\/imagazine.it\/home_desk\/wp-json\/wp\/v2\/comments?post=43129"}],"version-history":[{"count":0,"href":"https:\/\/imagazine.it\/home_desk\/wp-json\/wp\/v2\/posts\/43129\/revisions"}],"wp:featuredmedia":[{"embeddable":true,"href":"https:\/\/imagazine.it\/home_desk\/wp-json\/wp\/v2\/media\/43130"}],"wp:attachment":[{"href":"https:\/\/imagazine.it\/home_desk\/wp-json\/wp\/v2\/media?parent=43129"}],"wp:term":[{"taxonomy":"category","embeddable":true,"href":"https:\/\/imagazine.it\/home_desk\/wp-json\/wp\/v2\/categories?post=43129"},{"taxonomy":"post_tag","embeddable":true,"href":"https:\/\/imagazine.it\/home_desk\/wp-json\/wp\/v2\/tags?post=43129"}],"curies":[{"name":"wp","href":"https:\/\/api.w.org\/{rel}","templated":true}]}}