{"id":43125,"date":"2022-03-08T00:00:00","date_gmt":"2022-03-07T23:00:00","guid":{"rendered":"https:\/\/imagazine.it\/?p=43125"},"modified":"2022-03-08T00:00:00","modified_gmt":"2022-03-07T23:00:00","slug":"monfalcone-premia-la-tenacia-delle-sue-imprenditrici","status":"publish","type":"post","link":"https:\/\/imagazine.it\/home_desk\/monfalcone-premia-la-tenacia-delle-sue-imprenditrici\/","title":{"rendered":"Monfalcone premia la tenacia delle sue imprenditrici"},"content":{"rendered":"<p> \tL\u20198 marzo \u00e8 la Giornata Internazionale dei diritti della donna ed \u00e8 il giorno in cui l\u2019Amministrazione comunale di Monfalcone condivide con tutte le imprese femminili della citt\u00e0 il ricordo delle conquiste sociali, economiche e politiche delle donne; a tal fine ne valorizza le capacit\u00e0 imprenditoriali, produttive e commerciali promuovendo nel contempo il ruolo femminile nel mondo lavorativo.<\/p>\n<p> \tL\u2019obiettivo \u00e8 anche quello di far conoscere le eccellenze del comune che, con le loro capacit\u00e0 e la trasmissione dei loro saperi fra generazioni, hanno saputo preservare un patrimonio economico e culturale scrivendo cos\u00ec una parte di storia del territorio monfalconese.\u00a0<\/p>\n<p> \tDodici sono le donne imprenditrici premiate poich\u00e9 con le loro aziende spaziano nei diversi settori economici, dal commercio all\u2019artigianato ai servizi:<\/p>\n<p> \t\u00a0<\/p>\n<p> \t<strong>MAURA TONINATO &#8211; PANIFICIO TONINATO, via Romana 161<\/strong><\/p>\n<p> \t<em>\u201cIl Panificio Toninato nasce nel marzo del 1957 nel quartiere di via Romana popolato da genti di origini diverse. I miei genitori Giovanni e Marcella profusero nel lavoro tantissimo amore, passione, e una grande disponibilit\u00e0 verso tutti i loro clienti che nel tempo divennero amici, quasi una grande famiglia.\u00a0Nel panificio sono passate almeno 5 generazioni di famiglie residenti in via Romana.\u00a0 Nel 1992 l\u2019Azienda \u00e8 passata nelle mie mani, ho scelto di rinnovarne l\u2019immagine e di portare innovazione inserendo la caffetteria, ampliando la produzione di prodotti artigianali di alta qualit\u00e0 e partecipando alle iniziative dell\u2019Associazione Etica del Gusto. Oggi nel Panificio collaborano anche le mie due figlie, arrivando cos\u00ec alla 3\u00b0 generazione di donne\u201d.<\/em><\/p>\n<p> \t<strong>VITA LORUSSO &#8211; SARTORIA LINEA SPOSA, via IX giugno 10<\/strong><\/p>\n<p> \t<em>\u201cIl 3 marzo scorso abbiamo festeggiato il 30\u00b0 anno di attivit\u00e0.<\/em> <em>Un\u2019atmosfera calda ed accogliente \u00e8 quella che si respira, dal 1992, all\u2019interno della mia sartoria.\u00a0Con pi\u00f9 di 40 anni di esperienza nel mestiere, mi impegno ogni giorno nel cucire abiti che esprimano la personalit\u00e0 di ogni singola donna, che ne rispecchino il carattere e lo stile\u201d.\u00a0<\/em><\/p>\n<p> \t<strong>CARMEN D\u2019AMATO &#8211; ACCONCIATURE CARMEN, via Garibaldi 47<\/strong><\/p>\n<p> \t<em>\u201cHo aperto il mio salone nel 1977 e da quel momento ho sempre dedicato anima e corpo in quello che amavo, il mio lavoro. Negli anni ho visto prosperare la mia attivit\u00e0 grazie alla quale ho potuto condividere la mia passione con le mie care colleghe: ho avuto il privilegio di formare altre donne e vederle crescere sia professionalmente che personalmente. Anche se questi ultimi anni sono stati difficili per tutti i settori imprenditoriali, abbiamo cercato di non mollare mai e trarre il meglio anche da questa sfida\u201d.<\/em><\/p>\n<p> \t<strong>EGLE MANI\u00c0 &#8211; BAR \u201cSEI COME SEI\u201d, corso del Popolo 64<\/strong><\/p>\n<p> \t<em>\u201cEra il 1982 quando giovanissima sono entrata a far parte di una famiglia che gestiva una rinomata gelateria in viale S. Marco. Cercare di separare la vita privata da quella pubblica \u00e8 sempre stata la mia priorit\u00e0, soprattutto in virt\u00f9 dei figli che, per gli orari di lavoro ci portava a non avere sabato, domeniche e festivit\u00e0 libere. Durante questo lungo percorso oltre alla formazione del personale ho cercato di crearmi uno spazio che mi permettesse di esprimere la mia creativit\u00e0 organizzando incontri vari incontri culturali e fondando l\u2019Associazione Il perCorso delle Donne\u201d.<\/em><\/p>\n<p> \t<strong>MILENA VITTORI &#8211; FARMACIA SANT\u2019ANTONIO, via Romana 95<\/strong><\/p>\n<p> \t<em>\u201cLa storia della Farmacia Sant\u2019Antonio inizia nel 1973 alla guida di mio padre il dott. Sergio Vittori. La Farmacia, voluta fortemente all\u2019epoca dagli abitanti del popoloso rione Romana-Solvay e dall\u2019Amministrazione Comunale divent\u00f2 presto un importante punto di riferimento del quartiere. Io sono praticamente cresciuta in Farmacia cos\u00ec che, dopo la laurea, questa professione divenne parte imprescindibile della mia vita.\u00a0L\u2019Azienda \u00e8 arrivata nelle mie mani nel 1997 ampliandosi negli anni, proponendo nuovi servizi e prodotti e diventando anche un punto di riferimento qualificato per la medicina naturale\u201d.<\/em><\/p>\n<p> \t<strong>MARIA CARAFA \u2013 Erboristeria LA MAGIA VERDE, via Rosselli 63<\/strong><\/p>\n<p> \t<em>\u201cHo aperto La Magia Verde nel lontano 1979 quando si muovevano i primi passi nel Mondo Naturale in un mercato che all\u2019epoca offriva veramente poco.\u00a0Il nostro obiettivo primario \u00e8 sempre stato il benessere delle persone consigliando i migliori prodotti e questo ci ha ricompensato. Ben tre generazioni di clienti continuano ad affidarsi incondizionatamente ai nostri consigli. Ora l\u2019Erboristeria \u00e8 nelle mani di mia figlia Sabrina, un passaggio da donna a donna con un\u2019ulteriore specializzazione nel settore fitoterapico, biologico e micoterapia\u201d.\u00a0<\/em><\/p>\n<p> \t<strong>GINA FAVA &#8211; BOUTIQUE GINA, via Duca d\u2019Aosta, Galleria Gran Pavese<\/strong><\/p>\n<p> \t<em>\u201cA Monfalcone la moda si scrive con la G, quella grande ed elegante di Gina Boutique. L\u2019attivit\u00e0 nasce nel 1980 e si specializza nel settore abbigliamento per donna e, in particolare, nel ramo Cerimonia e Sposa. Gina, gi\u00e0 a met\u00e0 degli anni \u201980, viene affiancata dal figlio Luca e subito dopo dalla nuora Roberta. Molti i nomi famosi che hanno frequentato la Boutique nei lunghi anni di attivit\u00e0 ma, l\u2019unico obiettivo, l\u2019amore per il bello\u201d.<\/em><\/p>\n<p> \t<strong>NIVES ORLANDO &#8211; ALBERGO RISTORANTE LA SIRENETTA, via Grado 45<\/strong><br \/> \t<em>\u201cSono diplomata in ragioneria e per questo sono subentrata ai miei genitori nel 1978 alla gestione dell&#39;albergo Sirenetta, con le accortezze anche di mia nonna Teresa che ha gestito per 60 anni la trattoria la Tappa in via Marzio Moro. \u00a0Sono giunta alla pensione lo scorso anno, dopo 43 anni dignitosi, faticosi, ma ricchi di soddisfazioni. Spero che i miei 3 figli vogliano prendere il testimone, ma il momento attuale, come tutti sanno, \u00e8 ancora in salita.\u00a0Sono amante del verde, dell&#39;economia circolare, dell&#39;energia ecosostenibile, rispetto le regole, aiuto tutti gli anziani che posso. Dedico questo riconoscimento alla mia famiglia\u201d.\u00a0<\/em><\/p>\n<p> \t<strong>PAOLA VIAN &#8211; INTERNATIONAL H SAILMAKERS, via Consiglio d\u2019Europa\u00a0<\/strong><\/p>\n<p> \t<em>\u201cLa veleria INTERNATIONAL H SAILMAKERS nasce nel 1967 presso la Marina Hannibal di Monfalcone, da un\u2019idea di Sergio Furlan, zio di mio marito.\u00a0La mia storia all\u2019interno della veleria comincia nel 1995, come operaia tessile, in seguito sono diventata socia di maggioranza e ho preso in mano la gestione dell\u2019Azienda. Negli anni abbiamo partecipato a progetti di valorizzazione del settore Nautico e ospitato giovani attraverso programmi di re-inserimento lavorativo. Nel 2020 in piena pandemia, per non mettere in cassa integrazione i nostri dipendenti abbiamo diversificato la produzione dalle vele alle mascherine, con la fabbricazione di oltre 12.000 articoli in poco pi\u00f9 di due mesi. Parte del ricavato delle vendite \u00e8 stato devoluto in beneficenza\u201d.<\/em><\/p>\n<p> \t<strong>LUCIA NERI &#8211; ABBIGLIAMENTO INTIMO E MERCERIA ROBERTA, via Plinio 4<\/strong><\/p>\n<p> \t<em>\u201cLa storia della mia Azienda ritrova le sue radici nel dopoguerra quando mia nonna paterna, rimasta vedova, apre l\u2019attivit\u00e0 con una bancherella per mantenere se stessa e i due figli Gregorio e Carlo. Saranno i due figli, negli anni successivi, che fonderanno i primi negozi, uno in via Battisti e l\u2019altro in Corso del Popolo. Nel 1950, in seguito a cambiamenti familiari, viene acquistato un locale e dato in affitto.\u00a0Proprio da quel negozio, nel 1984, riprender\u00f2 il filo rosso con la nonna paterna, acquistando il locale e aprendo l\u2019attivit\u00e0 di abbigliamento intimo e mercerie Roberta. Nei 37 anni di attivit\u00e0 ho seguito con gentilezza, disponibilit\u00e0 e professionalit\u00e0 le mie clienti proponendo abbigliamento intimo di alta qualit\u00e0 di marche francesi, tedesche e svizzere e non tralasciando la parte di merceria\u201d<\/em><\/p>\n<p> \t<strong>ATHENA MICHICICH &#8211; DROGHERIA ABBIGLIAMENTO, via Romana 183<\/strong><\/p>\n<p> \t<em>\u201cL\u2019attivit\u00e0 del negozio \u00e8 iniziata nei primi anni \u201860 da mia madre Luigia. Il negozio era una profumeria &#8211; drogheria tipica di quel periodo.\u00a0Quando mia madre decise di andare in pensione mi cedette l\u2019attivit\u00e0 che ormai si era ampliata con l\u2019aggiunta di pelletteria e accessori.\u00a0Iniziai l\u2019attivit\u00e0 alla fine degli anni \u201880. Il negozio sub\u00ec delle modificazioni diventando un negozio di abbigliamento e accessori rivolto ad una clientela fidelizzata che mi ha supportato in questi due anni oltremodo impegnativi. Io credo ancora in un certo tipo di commercio e spero di riuscire a mantenere questo rapporto di fiducia e talvolta amicizia con le mie clienti. Vi ringrazio per avermi invitato, ne sono onorata\u201d.<\/em><\/p>\n<p> \t<strong>LUIGINA BERTONI &#8211; CASA DELLA MAGLIA, via IX Giugno 58<\/strong><\/p>\n<p> \t<em>\u201cDall\u2019arte del caff\u00e8 alle lane e filati: il mio \u00e8 stato un bel cambiamento dettato soprattutto dalla passione per il settore dell\u2019abbigliamento e maglieria. Ho rilevato la Casa della Maglia e l\u2019ho seguita negli anni con grande soddisfazione: i filati sono un\u2019arte antica che diventa qualcosa di moderno, prezioso e innovativo. Un mondo che racchiude esperienza, tradizione, conoscenza, vecchie e nuove generazioni\u201d.<\/em><\/p>\n","protected":false},"excerpt":{"rendered":"<p>In occasione dell&#8217;8 marzo<\/p>\n","protected":false},"author":28,"featured_media":43126,"comment_status":"closed","ping_status":"closed","sticky":false,"template":"","format":"standard","meta":{"dwc-title":[],"dwc-content":[],"footnotes":""},"categories":[6],"tags":[],"class_list":["post-43125","post","type-post","status-publish","format-standard","has-post-thumbnail","hentry","category-societa"],"rttpg_featured_image_url":{"full":["https:\/\/imagazine.it\/wp-content\/uploads\/2024\/01\/46427-1.webp",1000,715,false],"landscape":["https:\/\/imagazine.it\/wp-content\/uploads\/2024\/01\/46427-1.webp",1000,715,false],"portraits":["https:\/\/imagazine.it\/wp-content\/uploads\/2024\/01\/46427-1.webp",1000,715,false],"thumbnail":["https:\/\/imagazine.it\/wp-content\/uploads\/2024\/01\/46427-1-150x150.webp",150,150,true],"medium":["https:\/\/imagazine.it\/wp-content\/uploads\/2024\/01\/46427-1-300x215.webp",300,215,true],"large":["https:\/\/imagazine.it\/wp-content\/uploads\/2024\/01\/46427-1.webp",640,458,false],"thumblist":["https:\/\/imagazine.it\/wp-content\/uploads\/2024\/01\/46427-1.webp",300,215,false],"thumbrelated":["https:\/\/imagazine.it\/wp-content\/uploads\/2024\/01\/46427-1.webp",500,358,false],"meccarouselthumb":["https:\/\/imagazine.it\/wp-content\/uploads\/2024\/01\/46427-1.webp",453,324,false],"gridsquare":["https:\/\/imagazine.it\/wp-content\/uploads\/2024\/01\/46427-1.webp",364,260,false],"tileview":["https:\/\/imagazine.it\/wp-content\/uploads\/2024\/01\/46427-1.webp",300,215,false],"1536x1536":["https:\/\/imagazine.it\/wp-content\/uploads\/2024\/01\/46427-1.webp",1000,715,false],"2048x2048":["https:\/\/imagazine.it\/wp-content\/uploads\/2024\/01\/46427-1.webp",1000,715,false],"newsup-slider-full":["https:\/\/imagazine.it\/wp-content\/uploads\/2024\/01\/46427-1.webp",1000,715,false],"newsup-featured":["https:\/\/imagazine.it\/wp-content\/uploads\/2024\/01\/46427-1.webp",1000,715,false],"newsup-medium":["https:\/\/imagazine.it\/wp-content\/uploads\/2024\/01\/46427-1-720x380.webp",720,380,true],"tptn_thumbnail":["https:\/\/imagazine.it\/wp-content\/uploads\/2024\/01\/46427-1.webp",250,179,false],"sow-carousel-default":["https:\/\/imagazine.it\/wp-content\/uploads\/2024\/01\/46427-1-272x182.webp",272,182,true]},"rttpg_author":{"display_name":"redazione","author_link":"https:\/\/imagazine.it\/home_desk\/author\/redazione\/"},"rttpg_comment":0,"rttpg_category":"<a href=\"https:\/\/imagazine.it\/home_desk\/category\/societa\/\" rel=\"category tag\">SOCIET\u00c0<\/a>","rttpg_excerpt":"In occasione dell'8 marzo","_links":{"self":[{"href":"https:\/\/imagazine.it\/home_desk\/wp-json\/wp\/v2\/posts\/43125","targetHints":{"allow":["GET"]}}],"collection":[{"href":"https:\/\/imagazine.it\/home_desk\/wp-json\/wp\/v2\/posts"}],"about":[{"href":"https:\/\/imagazine.it\/home_desk\/wp-json\/wp\/v2\/types\/post"}],"author":[{"embeddable":true,"href":"https:\/\/imagazine.it\/home_desk\/wp-json\/wp\/v2\/users\/28"}],"replies":[{"embeddable":true,"href":"https:\/\/imagazine.it\/home_desk\/wp-json\/wp\/v2\/comments?post=43125"}],"version-history":[{"count":0,"href":"https:\/\/imagazine.it\/home_desk\/wp-json\/wp\/v2\/posts\/43125\/revisions"}],"wp:featuredmedia":[{"embeddable":true,"href":"https:\/\/imagazine.it\/home_desk\/wp-json\/wp\/v2\/media\/43126"}],"wp:attachment":[{"href":"https:\/\/imagazine.it\/home_desk\/wp-json\/wp\/v2\/media?parent=43125"}],"wp:term":[{"taxonomy":"category","embeddable":true,"href":"https:\/\/imagazine.it\/home_desk\/wp-json\/wp\/v2\/categories?post=43125"},{"taxonomy":"post_tag","embeddable":true,"href":"https:\/\/imagazine.it\/home_desk\/wp-json\/wp\/v2\/tags?post=43125"}],"curies":[{"name":"wp","href":"https:\/\/api.w.org\/{rel}","templated":true}]}}