{"id":43115,"date":"2022-03-07T00:00:00","date_gmt":"2022-03-06T23:00:00","guid":{"rendered":"https:\/\/imagazine.it\/?p=43115"},"modified":"2022-03-07T00:00:00","modified_gmt":"2022-03-06T23:00:00","slug":"cia-fvg-clementin-nuovo-presidente-regionale","status":"publish","type":"post","link":"https:\/\/imagazine.it\/home_desk\/cia-fvg-clementin-nuovo-presidente-regionale\/","title":{"rendered":"Cia Fvg, Clementin nuovo presidente regionale"},"content":{"rendered":"<p> \t<strong>Franco Clementin<\/strong> \u00e8 il nuovo presidente regionale di <strong>Cia \u2013 Agricoltori italiani<\/strong>. Lo ha eletto, all\u2019unanimit\u00e0, l\u2019Assemblea dei delegati del sindacato agricolo friulano riunitasi a <strong>Palmanova<\/strong>.<\/p>\n<p> \tClementin, 63 anni, \u00e8 un <strong>imprenditore vitivinicolo di Aquileia<\/strong> e, in quanto tale, per un mandato ha anche ricoperto la carica di presidente del Consorzio di tutela dei vini della Doc Friuli Aquileia.<\/p>\n<p> \tIl suo intervento programmatico ha evidenziato la necessit\u00e0 che la nuova agricoltura regionale accolga e affronti le sfide della digitalizzazione, dell&#39;innovazione e della modernizzazione in senso lato. Le produzioni di qualit\u00e0 dovranno essere al centro delle politiche di valorizzazione e della lotta ai cambiamenti climatici, integrandosi con il turismo e le reti territoriali connesse con l&#39;artigianato, la ristorazione, l&#39;ospitalit\u00e0 e la ricerca.<\/p>\n<p> \tIntervenendo sulle tematiche pi\u00f9 attuali, Clementin ha sottolineato la contrariet\u00e0 di Cia Fvg all&#39;agrovoltaico a terra che produce un non pi\u00f9 tollerabile consumo di suolo. \u00abIn questo senso \u2013 ha spiegato \u2013 la transizione energetica deve indirizzarsi prioritariamente verso l&#39;utilizzo a fini energetici delle coperture, anche industriali, e delle aree dismesse\u00bb.<\/p>\n<p> \t\u00abQuesta assemblea \u2013 ha dichiarato l&#39;assessore regionale alle Risorse agroalimentari, <strong>Stefano Zannier<\/strong> \u2013 crea i presupposti per vedere lavorare il mondo agricolo in maniera unita nella soluzione dei problemi. Uno dei principali \u00e8 legato alla costante richiesta di sburocratizzazione del settore della quale siamo consapevoli, ma ci troviamo di fronte un&#39;Europa che, sul tema, manda segnali contrastanti\u00bb.<\/p>\n<p> \t\u00abLa nostra indipendenza organizzativa ci rende autorevoli nel confronto delle istituzioni, cos\u00ec pure le nostre idee e visioni programmatiche. La sfida della transizione ecologica va trasformata in valore, dagli agricoltori, modificando i propri comportamenti produttivi in sintonia con le richieste dei consumatori, e facendoseli pagare\u00bb, ha concluso il presidente nazionale di Cia &#8211; Agricoltori Italiani, <strong>Dino Scanavino<\/strong>.<\/p>\n","protected":false},"excerpt":{"rendered":"<p>Eletto all&#8217;unanimit\u00e0<\/p>\n","protected":false},"author":28,"featured_media":43116,"comment_status":"closed","ping_status":"closed","sticky":false,"template":"","format":"standard","meta":{"dwc-title":[],"dwc-content":[],"footnotes":""},"categories":[5],"tags":[],"class_list":["post-43115","post","type-post","status-publish","format-standard","has-post-thumbnail","hentry","category-attualita"],"rttpg_featured_image_url":{"full":["https:\/\/imagazine.it\/wp-content\/uploads\/2024\/01\/46410-1.webp",1000,769,false],"landscape":["https:\/\/imagazine.it\/wp-content\/uploads\/2024\/01\/46410-1.webp",1000,769,false],"portraits":["https:\/\/imagazine.it\/wp-content\/uploads\/2024\/01\/46410-1.webp",1000,769,false],"thumbnail":["https:\/\/imagazine.it\/wp-content\/uploads\/2024\/01\/46410-1-150x150.webp",150,150,true],"medium":["https:\/\/imagazine.it\/wp-content\/uploads\/2024\/01\/46410-1-300x231.webp",300,231,true],"large":["https:\/\/imagazine.it\/wp-content\/uploads\/2024\/01\/46410-1.webp",640,492,false],"thumblist":["https:\/\/imagazine.it\/wp-content\/uploads\/2024\/01\/46410-1.webp",300,231,false],"thumbrelated":["https:\/\/imagazine.it\/wp-content\/uploads\/2024\/01\/46410-1.webp",500,385,false],"meccarouselthumb":["https:\/\/imagazine.it\/wp-content\/uploads\/2024\/01\/46410-1.webp",421,324,false],"gridsquare":["https:\/\/imagazine.it\/wp-content\/uploads\/2024\/01\/46410-1.webp",338,260,false],"tileview":["https:\/\/imagazine.it\/wp-content\/uploads\/2024\/01\/46410-1.webp",300,231,false],"1536x1536":["https:\/\/imagazine.it\/wp-content\/uploads\/2024\/01\/46410-1.webp",1000,769,false],"2048x2048":["https:\/\/imagazine.it\/wp-content\/uploads\/2024\/01\/46410-1.webp",1000,769,false],"newsup-slider-full":["https:\/\/imagazine.it\/wp-content\/uploads\/2024\/01\/46410-1-1000x720.webp",1000,720,true],"newsup-featured":["https:\/\/imagazine.it\/wp-content\/uploads\/2024\/01\/46410-1.webp",1000,769,false],"newsup-medium":["https:\/\/imagazine.it\/wp-content\/uploads\/2024\/01\/46410-1-720x380.webp",720,380,true],"tptn_thumbnail":["https:\/\/imagazine.it\/wp-content\/uploads\/2024\/01\/46410-1.webp",250,192,false],"sow-carousel-default":["https:\/\/imagazine.it\/wp-content\/uploads\/2024\/01\/46410-1-272x182.webp",272,182,true]},"rttpg_author":{"display_name":"redazione","author_link":"https:\/\/imagazine.it\/home_desk\/author\/redazione\/"},"rttpg_comment":0,"rttpg_category":"<a href=\"https:\/\/imagazine.it\/home_desk\/category\/attualita\/\" rel=\"category tag\">ATTUALIT\u00c0<\/a>","rttpg_excerpt":"Eletto all'unanimit\u00e0","_links":{"self":[{"href":"https:\/\/imagazine.it\/home_desk\/wp-json\/wp\/v2\/posts\/43115","targetHints":{"allow":["GET"]}}],"collection":[{"href":"https:\/\/imagazine.it\/home_desk\/wp-json\/wp\/v2\/posts"}],"about":[{"href":"https:\/\/imagazine.it\/home_desk\/wp-json\/wp\/v2\/types\/post"}],"author":[{"embeddable":true,"href":"https:\/\/imagazine.it\/home_desk\/wp-json\/wp\/v2\/users\/28"}],"replies":[{"embeddable":true,"href":"https:\/\/imagazine.it\/home_desk\/wp-json\/wp\/v2\/comments?post=43115"}],"version-history":[{"count":0,"href":"https:\/\/imagazine.it\/home_desk\/wp-json\/wp\/v2\/posts\/43115\/revisions"}],"wp:featuredmedia":[{"embeddable":true,"href":"https:\/\/imagazine.it\/home_desk\/wp-json\/wp\/v2\/media\/43116"}],"wp:attachment":[{"href":"https:\/\/imagazine.it\/home_desk\/wp-json\/wp\/v2\/media?parent=43115"}],"wp:term":[{"taxonomy":"category","embeddable":true,"href":"https:\/\/imagazine.it\/home_desk\/wp-json\/wp\/v2\/categories?post=43115"},{"taxonomy":"post_tag","embeddable":true,"href":"https:\/\/imagazine.it\/home_desk\/wp-json\/wp\/v2\/tags?post=43115"}],"curies":[{"name":"wp","href":"https:\/\/api.w.org\/{rel}","templated":true}]}}