{"id":43067,"date":"2022-03-02T00:00:00","date_gmt":"2022-03-01T23:00:00","guid":{"rendered":"https:\/\/imagazine.it\/?p=43067"},"modified":"2022-03-02T00:00:00","modified_gmt":"2022-03-01T23:00:00","slug":"le-guide-turistiche-del-fvg-si-ritrovano-a-palmanova","status":"publish","type":"post","link":"https:\/\/imagazine.it\/home_desk\/le-guide-turistiche-del-fvg-si-ritrovano-a-palmanova\/","title":{"rendered":"Le guide turistiche del FVG si ritrovano a Palmanova"},"content":{"rendered":"<p> \tLe<strong> \u201cGiornate delle guide turistiche\u201d<\/strong>, realizzate su iniziativa dell\u2019Amministrazione comunale in collaborazione con PromoTurismoFVG, si svolgeranno questo<strong> sabato e domenica, 5 e 6 marzo, <\/strong>e hanno gi\u00e0 registrato l\u2019iscrizione di 50 guide turistiche professioniste aderenti ad associazioni di categoria regionali o autonome. Suddivise sulle due giornate, saranno accompagnate lungo i percorsi di visita alla citt\u00e0 Fortezza UNESCO.<\/p>\n<p> \tVisite guidate tradizionali e passeggiate tematiche, percorsi naturalistici sui bastioni e passeggiate narrative. Cos\u00ec si sta preparando Palmanova alla nuova stagione turistica e le novit\u00e0 saranno presentate alle guide turistiche regionali nel corso di un educational a loro riservato che si terr\u00e0 ad inizio marzo.<\/p>\n<p> \t\u201c<strong>Il 2022 sar\u00e0 l\u2019anno della ripartenza del turismo<\/strong>, nazionale e internazionale. Questo \u00e8 ci\u00f2 che speriamo, crediamo e in cui investiamo. Con la bella stagione, saremo pronti ad offrire e famiglie e cicloturisti, visite guidate tematiche, culturali o naturalistiche, per fornire un\u2019offerta turistica interessante, varia e modulare. E in preparazione a questo, stiamo presentando la\u00a0<strong>citt\u00e0 stellata a tour operator<\/strong>\u00a0e stiamo organizzando, assieme a PromoTurismoFVG, una due giorni di\u00a0<strong>educational con le guide professioniste che operano sul territorio che ha gi\u00e0 registrato l\u2019adesione di oltre 50 guide nei due giorni<\/strong>\u201d. Cos\u00ec\u00a0<strong>Silvia Savi<\/strong>, assessore comunale con delega a Cultura e turismo, assieme all&#39;assessore alla valorizzazione dei Bastioni che ha curato la parte naturalistica,\u00a0presentano le attivit\u00e0 preparatorie che l\u2019amministrazione palmarina sta <strong>realizzando in vista della prossima stagione turistica<\/strong>.<\/p>\n<p> \t&#8220;Quest&#39;anno\u00a0i momenti formativi in co-organizzazione consentono alle guide turistiche professioniste di tutta la regione di comprendere quali siano le novit\u00e0 che stiamo sviluppando a Palmanova soprattutto in termini di\u00a0<strong>passeggiate tematiche sui bastioni<\/strong>. Confidiamo che a primavera possano rifiorire tanti eventi, in citt\u00e0 e sulle mura. Dopo due anni di stop, ci stiamo preparando ad\u00a0<strong>organizzare nuovamente\u00a0la Pasquetta<\/strong>, festa nata come evento ecosostenibile ed espressione di un turismo lento che si sta via via rafforzando. A questa aggiungeremo un evento, a primavera inoltrata, interamente dedicato al cicloturismo&#8221;.\u00a0\u00a0<\/p>\n<p> \tLa citt\u00e0 fortezza, che quest\u2019anno celebra i 5 anni di ingresso nel patrimonio UNESCO avvenuto il 9 luglio 2017,\u00a0propone percorsi storici e naturalistici con elementi esperienziali e formativi, in particolare approfondimenti sulla flora e la fauna, con tappa didattica alla lunetta delle api, passeggiate narrative con laboratori creativi per bambini.<\/p>\n<p> \tIl percorso di visita dedicato alle guide turistiche toccher\u00e0 <strong>Porta Udine<\/strong> e l\u2019<strong>acquedotto<\/strong> <strong>veneziano<\/strong>, le <strong>gallerie veneziane di rivellino<\/strong> e <strong>bastione Donato<\/strong>, il <strong>belvedere<\/strong> e la <strong>caserma Filzi<\/strong>. A seguire <strong>Porta Cividale<\/strong> con sosta alla scoperta del <strong>leone marciano<\/strong> salvato dalla furia napoleonica, una passeggiata naturalistica con spiegazione della flora e della fauna dei <strong>bastioni<\/strong> fino alla <strong>lunetta delle api<\/strong> e a <strong>quella degli Amici dei bastioni<\/strong> con visita alla <strong>galleria napoleonica<\/strong>, ancora poco conosciuta. Poi il <strong>Cimitero austro-ungarico<\/strong> di Porta Aquileia e <strong>Piazza Grande<\/strong>.<\/p>\n","protected":false},"excerpt":{"rendered":"<p>Un fine settimana di &#8220;educational&#8221;<\/p>\n","protected":false},"author":28,"featured_media":43068,"comment_status":"closed","ping_status":"closed","sticky":false,"template":"","format":"standard","meta":{"dwc-title":[],"dwc-content":[],"footnotes":""},"categories":[8],"tags":[],"class_list":["post-43067","post","type-post","status-publish","format-standard","has-post-thumbnail","hentry","category-turismo"],"rttpg_featured_image_url":{"full":["https:\/\/imagazine.it\/wp-content\/uploads\/2024\/01\/46302-1.webp",1000,750,false],"landscape":["https:\/\/imagazine.it\/wp-content\/uploads\/2024\/01\/46302-1.webp",1000,750,false],"portraits":["https:\/\/imagazine.it\/wp-content\/uploads\/2024\/01\/46302-1.webp",1000,750,false],"thumbnail":["https:\/\/imagazine.it\/wp-content\/uploads\/2024\/01\/46302-1-150x150.webp",150,150,true],"medium":["https:\/\/imagazine.it\/wp-content\/uploads\/2024\/01\/46302-1-300x225.webp",300,225,true],"large":["https:\/\/imagazine.it\/wp-content\/uploads\/2024\/01\/46302-1.webp",640,480,false],"thumblist":["https:\/\/imagazine.it\/wp-content\/uploads\/2024\/01\/46302-1.webp",300,225,false],"thumbrelated":["https:\/\/imagazine.it\/wp-content\/uploads\/2024\/01\/46302-1.webp",500,375,false],"meccarouselthumb":["https:\/\/imagazine.it\/wp-content\/uploads\/2024\/01\/46302-1.webp",432,324,false],"gridsquare":["https:\/\/imagazine.it\/wp-content\/uploads\/2024\/01\/46302-1.webp",347,260,false],"tileview":["https:\/\/imagazine.it\/wp-content\/uploads\/2024\/01\/46302-1.webp",300,225,false],"1536x1536":["https:\/\/imagazine.it\/wp-content\/uploads\/2024\/01\/46302-1.webp",1000,750,false],"2048x2048":["https:\/\/imagazine.it\/wp-content\/uploads\/2024\/01\/46302-1.webp",1000,750,false],"newsup-slider-full":["https:\/\/imagazine.it\/wp-content\/uploads\/2024\/01\/46302-1-1000x720.webp",1000,720,true],"newsup-featured":["https:\/\/imagazine.it\/wp-content\/uploads\/2024\/01\/46302-1.webp",1000,750,false],"newsup-medium":["https:\/\/imagazine.it\/wp-content\/uploads\/2024\/01\/46302-1-720x380.webp",720,380,true],"tptn_thumbnail":["https:\/\/imagazine.it\/wp-content\/uploads\/2024\/01\/46302-1.webp",250,188,false],"sow-carousel-default":["https:\/\/imagazine.it\/wp-content\/uploads\/2024\/01\/46302-1-272x182.webp",272,182,true]},"rttpg_author":{"display_name":"redazione","author_link":"https:\/\/imagazine.it\/home_desk\/author\/redazione\/"},"rttpg_comment":0,"rttpg_category":"<a href=\"https:\/\/imagazine.it\/home_desk\/category\/turismo\/\" rel=\"category tag\">TURISMO<\/a>","rttpg_excerpt":"Un fine settimana di \"educational\"","_links":{"self":[{"href":"https:\/\/imagazine.it\/home_desk\/wp-json\/wp\/v2\/posts\/43067","targetHints":{"allow":["GET"]}}],"collection":[{"href":"https:\/\/imagazine.it\/home_desk\/wp-json\/wp\/v2\/posts"}],"about":[{"href":"https:\/\/imagazine.it\/home_desk\/wp-json\/wp\/v2\/types\/post"}],"author":[{"embeddable":true,"href":"https:\/\/imagazine.it\/home_desk\/wp-json\/wp\/v2\/users\/28"}],"replies":[{"embeddable":true,"href":"https:\/\/imagazine.it\/home_desk\/wp-json\/wp\/v2\/comments?post=43067"}],"version-history":[{"count":0,"href":"https:\/\/imagazine.it\/home_desk\/wp-json\/wp\/v2\/posts\/43067\/revisions"}],"wp:featuredmedia":[{"embeddable":true,"href":"https:\/\/imagazine.it\/home_desk\/wp-json\/wp\/v2\/media\/43068"}],"wp:attachment":[{"href":"https:\/\/imagazine.it\/home_desk\/wp-json\/wp\/v2\/media?parent=43067"}],"wp:term":[{"taxonomy":"category","embeddable":true,"href":"https:\/\/imagazine.it\/home_desk\/wp-json\/wp\/v2\/categories?post=43067"},{"taxonomy":"post_tag","embeddable":true,"href":"https:\/\/imagazine.it\/home_desk\/wp-json\/wp\/v2\/tags?post=43067"}],"curies":[{"name":"wp","href":"https:\/\/api.w.org\/{rel}","templated":true}]}}