{"id":43031,"date":"2022-02-28T00:00:00","date_gmt":"2022-02-27T23:00:00","guid":{"rendered":"https:\/\/imagazine.it\/?p=43031"},"modified":"2022-02-28T00:00:00","modified_gmt":"2022-02-27T23:00:00","slug":"venditti-e-de-gregori-cantano-insieme-a-palmanova","status":"publish","type":"post","link":"https:\/\/imagazine.it\/home_desk\/venditti-e-de-gregori-cantano-insieme-a-palmanova\/","title":{"rendered":"Venditti e De Gregori cantano insieme a Palmanova"},"content":{"rendered":"<p> \tMarted\u00ec <strong>12 luglio<\/strong> (ore 21) <strong>Piazza Grande<\/strong> a <strong>Palmanova<\/strong> ospiter\u00e0 un evento di livello musicale assoluto, che vedr\u00e0 protagonisti sul palco due autentiche leggende della musica italiana: <strong>Antonello Venditti<\/strong> e <strong>Francesco De Gregori<\/strong> (<u><a href=\"http:\/\/www.imagazine.it\/eventi\/39677\" target=\"_blank\" rel=\"noopener\"><span style=\"color:#0000cd;\">scopri tutti i dettagli<\/span><\/a><\/u>).<\/p>\n<p> \tUna storia comune e diversa, quella dei due, entrambi capaci di segnare la canzone d\u2019autore e la musica italiana. Dopo il debutto con l\u2019album \u201cTheorius Campus\u201d (1972), le loro carriere si sono divise, restando sempre parallele. Il resto \u00e8 storia\u2026 fino ad arrivare ad oggi, al loro <strong>primo e imperdibile tour<\/strong> che, quest\u2019estate, li vedr\u00e0 protagonisti insieme sullo stesso palco con un\u2019unica band in alcune delle venue pi\u00f9 suggestive d\u2019Italia.<\/p>\n<p> \tI <strong>biglietti <\/strong>per il concerto, organizzato da <strong>Zenit Srl<\/strong>, in collaborazione con <strong>Regione Friuli Venezia Giulia<\/strong>, <strong>Citt\u00e0 di Palmanova<\/strong> e <strong>PromoTurismoFVG<\/strong>, evento inserito nella rassegna \u201c<strong>Estate di Stelle<\/strong>\u201d, saranno in vendita sul circuito <strong>Ticketone <\/strong>dalle<strong> 11.00 <\/strong>di<strong> marted\u00ec 1 marzo<\/strong>. Info e punti vendita su <u><a href=\"http:\/\/www.azalea.it\" target=\"_blank\" rel=\"noopener\"><span style=\"color:#0000cd;\">www.azalea.it<\/span><\/a><\/u>.<\/p>\n<p> \t\u00a0&#8220;<em>Siamo soddisfatti che ripartano, si spera definitivamente, i grandi eventi dal vivo<\/em> \u2013 ha commentato <strong>Giuseppe Tellini<\/strong>, sindaco di Palmanova \u2013. <em>La citt\u00e0 stellata e la sua meravigliosa piazza sono pronti ad accoglierli cos\u00ec come abbiamo fatto negli ultimi anni, diventando un luogo ideale per eventi di artisti nazionali e internazionali. Il nome della citt\u00e0 stellata diventa cos\u00ec simbolo, oltre che di storia, anche di musica, arte e socialit\u00e0. Ci piacerebbe festeggiare, con questi eventi, una ritrovata pacificazione internazionale<\/em>\u201d.<\/p>\n","protected":false},"excerpt":{"rendered":"<p>Marted\u00ec 12 luglio<\/p>\n","protected":false},"author":28,"featured_media":43032,"comment_status":"closed","ping_status":"closed","sticky":false,"template":"","format":"standard","meta":{"dwc-title":[],"dwc-content":[],"footnotes":""},"categories":[37],"tags":[],"class_list":["post-43031","post","type-post","status-publish","format-standard","has-post-thumbnail","hentry","category-cultura-e-spettacolo"],"rttpg_featured_image_url":{"full":["https:\/\/imagazine.it\/wp-content\/uploads\/2024\/01\/46247-1.webp",1447,956,false],"landscape":["https:\/\/imagazine.it\/wp-content\/uploads\/2024\/01\/46247-1.webp",1447,956,false],"portraits":["https:\/\/imagazine.it\/wp-content\/uploads\/2024\/01\/46247-1.webp",1447,956,false],"thumbnail":["https:\/\/imagazine.it\/wp-content\/uploads\/2024\/01\/46247-1-150x150.webp",150,150,true],"medium":["https:\/\/imagazine.it\/wp-content\/uploads\/2024\/01\/46247-1-300x198.webp",300,198,true],"large":["https:\/\/imagazine.it\/wp-content\/uploads\/2024\/01\/46247-1-1024x677.webp",640,423,true],"thumblist":["https:\/\/imagazine.it\/wp-content\/uploads\/2024\/01\/46247-1.webp",300,198,false],"thumbrelated":["https:\/\/imagazine.it\/wp-content\/uploads\/2024\/01\/46247-1.webp",500,330,false],"meccarouselthumb":["https:\/\/imagazine.it\/wp-content\/uploads\/2024\/01\/46247-1.webp",474,313,false],"gridsquare":["https:\/\/imagazine.it\/wp-content\/uploads\/2024\/01\/46247-1.webp",391,258,false],"tileview":["https:\/\/imagazine.it\/wp-content\/uploads\/2024\/01\/46247-1.webp",300,198,false],"1536x1536":["https:\/\/imagazine.it\/wp-content\/uploads\/2024\/01\/46247-1.webp",1447,956,false],"2048x2048":["https:\/\/imagazine.it\/wp-content\/uploads\/2024\/01\/46247-1.webp",1447,956,false],"newsup-slider-full":["https:\/\/imagazine.it\/wp-content\/uploads\/2024\/01\/46247-1-1280x720.webp",1280,720,true],"newsup-featured":["https:\/\/imagazine.it\/wp-content\/uploads\/2024\/01\/46247-1-1024x677.webp",1024,677,true],"newsup-medium":["https:\/\/imagazine.it\/wp-content\/uploads\/2024\/01\/46247-1-720x380.webp",720,380,true],"tptn_thumbnail":["https:\/\/imagazine.it\/wp-content\/uploads\/2024\/01\/46247-1.webp",250,165,false],"sow-carousel-default":["https:\/\/imagazine.it\/wp-content\/uploads\/2024\/01\/46247-1-272x182.webp",272,182,true]},"rttpg_author":{"display_name":"redazione","author_link":"https:\/\/imagazine.it\/home_desk\/author\/redazione\/"},"rttpg_comment":0,"rttpg_category":"<a href=\"https:\/\/imagazine.it\/home_desk\/category\/cultura-e-spettacolo\/\" rel=\"category tag\">CULTURA&amp;SPETTACOLO<\/a>","rttpg_excerpt":"Marted\u00ec 12 luglio","_links":{"self":[{"href":"https:\/\/imagazine.it\/home_desk\/wp-json\/wp\/v2\/posts\/43031","targetHints":{"allow":["GET"]}}],"collection":[{"href":"https:\/\/imagazine.it\/home_desk\/wp-json\/wp\/v2\/posts"}],"about":[{"href":"https:\/\/imagazine.it\/home_desk\/wp-json\/wp\/v2\/types\/post"}],"author":[{"embeddable":true,"href":"https:\/\/imagazine.it\/home_desk\/wp-json\/wp\/v2\/users\/28"}],"replies":[{"embeddable":true,"href":"https:\/\/imagazine.it\/home_desk\/wp-json\/wp\/v2\/comments?post=43031"}],"version-history":[{"count":0,"href":"https:\/\/imagazine.it\/home_desk\/wp-json\/wp\/v2\/posts\/43031\/revisions"}],"wp:featuredmedia":[{"embeddable":true,"href":"https:\/\/imagazine.it\/home_desk\/wp-json\/wp\/v2\/media\/43032"}],"wp:attachment":[{"href":"https:\/\/imagazine.it\/home_desk\/wp-json\/wp\/v2\/media?parent=43031"}],"wp:term":[{"taxonomy":"category","embeddable":true,"href":"https:\/\/imagazine.it\/home_desk\/wp-json\/wp\/v2\/categories?post=43031"},{"taxonomy":"post_tag","embeddable":true,"href":"https:\/\/imagazine.it\/home_desk\/wp-json\/wp\/v2\/tags?post=43031"}],"curies":[{"name":"wp","href":"https:\/\/api.w.org\/{rel}","templated":true}]}}