{"id":43021,"date":"2022-02-25T00:00:00","date_gmt":"2022-02-24T23:00:00","guid":{"rendered":"https:\/\/imagazine.it\/?p=43021"},"modified":"2022-02-25T00:00:00","modified_gmt":"2022-02-24T23:00:00","slug":"il-baskin-spopola-in-fvg","status":"publish","type":"post","link":"https:\/\/imagazine.it\/home_desk\/il-baskin-spopola-in-fvg\/","title":{"rendered":"Il baskin spopola in FVG"},"content":{"rendered":"<p> \tParte ufficialmente in Friuli Venezia Giulia il <strong>secondo campionato regionale di baskin<\/strong>, supportato dall\u2019E.I.S.I. (Ente Italiano Sport Inclusivi).<\/p>\n<p> \tC\u2019\u00e8 stata una vera e propria esplosione di squadre, se lo scorso anno erano tre, quest&#39;anno si sono triplicate e hanno raggiunto la quota di nove team. Ma il movimento non si ferma e si sta lavorano per incrementare il numero delle formazioni: a breve si spera che piazze importanti come Cividale e Spilimbergo abbiano anche loro una compagine che potr\u00e0 disputare incontri ufficiali.<\/p>\n<p> \tLe nove squadre sono state raggruppate in due gironi, quello definito \u201cGold\u201d e quello \u201cSilver\u201d. Il girone \u201cGold\u201d \u00e8 quello che dar\u00e0 la possibilit\u00e0 di continuare il percorso verso le \u201cfinal eight\u201d e vi parteciperanno lo <strong>Zio Pino 1 di Udine<\/strong>, prima squadra nata in FVG, il <strong>Bazinga di Trieste<\/strong>, i <strong>K-Ros Over<\/strong> <strong>di Pasiano di Pordenone<\/strong>, e l\u2019<strong>Interclub<\/strong> <strong>di Muggia<\/strong>.<\/p>\n<p> \tSaranno disputati sei concentramenti (la formula \u00e8 all\u2019italiana con gare di andata e ritorno), la vincente del campionato staccher\u00e0 il biglietto per gli spareggi interregionali con le squadre vincenti dei rispettivi campionati regionali delle Marche e dell\u2019Emilia Romagna. La finale nazionale di svolger\u00e0 dal 24 al 26 giugno a Isola Vicentina.<\/p>\n<p> \tLa prima giornata si disputer\u00e0 il 6 marzo a Pasiano di Pordenone e vedr\u00e0 alle 9.30 affrontarsi i K-ros Over e i Bazinga mentre a seguire giocheranno lo Zio Pino 1 e l\u2019Interclub Muggia. Successivamente si giocheranno altri cinque concentramenti e precisamente a Muggia, Udine, Trieste, Pasian di Prato e Pasiano di Pordenone.<\/p>\n<p> \tIl girone \u201cSilver\u201d vedr\u00e0 la partecipazione di cinque squadre: <strong>Portogruaro<\/strong>, <strong>Zio Pino 2<\/strong> e <strong>Zio Pino 3<\/strong> entrambe di <strong>Udine<\/strong>, <strong>Carpe Diem di Turriaco<\/strong> e <strong>Tolmezzo<\/strong>.<\/p>\n<p> \tAnche in questo caso ci saranno dieci concentramenti, si giocher\u00e0 due volte a Turriaco, a Portogruaro, a Tolmezzo e a Udine, si giocher\u00e0 anche a Cividale del Friuli e a Corm\u00f2ns, queste ultime due localit\u00e0 non hanno ancora una squadra ma si cercher\u00e0 di coinvolgerle in modo promozionale, con lo scopo di trovare nuove vocazioni al fine di implementare questo gioco nel quale si giocano assieme atleti normodotati e disabili con le stesse responsabilit\u00e0 di gioco.<\/p>\n<p> \tLa prima giornata si disputer\u00e0 a Turriaco il 13 marzo al PalaMarson alle 9.30 si sfideranno il Portogruaro e lo Zio Pino 3, a seguire si incontreranno il Carpe Diem e lo Zio Pino 2.<\/p>\n","protected":false},"excerpt":{"rendered":"<p>Al via il secondo campionato regionale<\/p>\n","protected":false},"author":22,"featured_media":43022,"comment_status":"closed","ping_status":"closed","sticky":false,"template":"","format":"standard","meta":{"dwc-title":[],"dwc-content":[],"footnotes":""},"categories":[38],"tags":[],"class_list":["post-43021","post","type-post","status-publish","format-standard","has-post-thumbnail","hentry","category-sport"],"rttpg_featured_image_url":{"full":["https:\/\/imagazine.it\/wp-content\/uploads\/2024\/01\/46232-1.webp",1000,563,false],"landscape":["https:\/\/imagazine.it\/wp-content\/uploads\/2024\/01\/46232-1.webp",1000,563,false],"portraits":["https:\/\/imagazine.it\/wp-content\/uploads\/2024\/01\/46232-1.webp",1000,563,false],"thumbnail":["https:\/\/imagazine.it\/wp-content\/uploads\/2024\/01\/46232-1-150x150.webp",150,150,true],"medium":["https:\/\/imagazine.it\/wp-content\/uploads\/2024\/01\/46232-1-300x169.webp",300,169,true],"large":["https:\/\/imagazine.it\/wp-content\/uploads\/2024\/01\/46232-1.webp",640,360,false],"thumblist":["https:\/\/imagazine.it\/wp-content\/uploads\/2024\/01\/46232-1.webp",300,169,false],"thumbrelated":["https:\/\/imagazine.it\/wp-content\/uploads\/2024\/01\/46232-1.webp",500,282,false],"meccarouselthumb":["https:\/\/imagazine.it\/wp-content\/uploads\/2024\/01\/46232-1.webp",474,267,false],"gridsquare":["https:\/\/imagazine.it\/wp-content\/uploads\/2024\/01\/46232-1.webp",391,220,false],"tileview":["https:\/\/imagazine.it\/wp-content\/uploads\/2024\/01\/46232-1.webp",300,169,false],"1536x1536":["https:\/\/imagazine.it\/wp-content\/uploads\/2024\/01\/46232-1.webp",1000,563,false],"2048x2048":["https:\/\/imagazine.it\/wp-content\/uploads\/2024\/01\/46232-1.webp",1000,563,false],"newsup-slider-full":["https:\/\/imagazine.it\/wp-content\/uploads\/2024\/01\/46232-1.webp",1000,563,false],"newsup-featured":["https:\/\/imagazine.it\/wp-content\/uploads\/2024\/01\/46232-1.webp",1000,563,false],"newsup-medium":["https:\/\/imagazine.it\/wp-content\/uploads\/2024\/01\/46232-1-720x380.webp",720,380,true],"tptn_thumbnail":["https:\/\/imagazine.it\/wp-content\/uploads\/2024\/01\/46232-1.webp",250,141,false],"sow-carousel-default":["https:\/\/imagazine.it\/wp-content\/uploads\/2024\/01\/46232-1-272x182.webp",272,182,true]},"rttpg_author":{"display_name":"Livio Nonis","author_link":"https:\/\/imagazine.it\/home_desk\/author\/nonis\/"},"rttpg_comment":0,"rttpg_category":"<a href=\"https:\/\/imagazine.it\/home_desk\/category\/sport\/\" rel=\"category tag\">SPORT<\/a>","rttpg_excerpt":"Al via il secondo campionato regionale","_links":{"self":[{"href":"https:\/\/imagazine.it\/home_desk\/wp-json\/wp\/v2\/posts\/43021","targetHints":{"allow":["GET"]}}],"collection":[{"href":"https:\/\/imagazine.it\/home_desk\/wp-json\/wp\/v2\/posts"}],"about":[{"href":"https:\/\/imagazine.it\/home_desk\/wp-json\/wp\/v2\/types\/post"}],"author":[{"embeddable":true,"href":"https:\/\/imagazine.it\/home_desk\/wp-json\/wp\/v2\/users\/22"}],"replies":[{"embeddable":true,"href":"https:\/\/imagazine.it\/home_desk\/wp-json\/wp\/v2\/comments?post=43021"}],"version-history":[{"count":0,"href":"https:\/\/imagazine.it\/home_desk\/wp-json\/wp\/v2\/posts\/43021\/revisions"}],"wp:featuredmedia":[{"embeddable":true,"href":"https:\/\/imagazine.it\/home_desk\/wp-json\/wp\/v2\/media\/43022"}],"wp:attachment":[{"href":"https:\/\/imagazine.it\/home_desk\/wp-json\/wp\/v2\/media?parent=43021"}],"wp:term":[{"taxonomy":"category","embeddable":true,"href":"https:\/\/imagazine.it\/home_desk\/wp-json\/wp\/v2\/categories?post=43021"},{"taxonomy":"post_tag","embeddable":true,"href":"https:\/\/imagazine.it\/home_desk\/wp-json\/wp\/v2\/tags?post=43021"}],"curies":[{"name":"wp","href":"https:\/\/api.w.org\/{rel}","templated":true}]}}