{"id":42953,"date":"2022-02-17T00:00:00","date_gmt":"2022-02-16T23:00:00","guid":{"rendered":"https:\/\/imagazine.it\/?p=42953"},"modified":"2022-02-17T00:00:00","modified_gmt":"2022-02-16T23:00:00","slug":"corsa-scatta-dal-fvg-il-grand-prix-giovani","status":"publish","type":"post","link":"https:\/\/imagazine.it\/home_desk\/corsa-scatta-dal-fvg-il-grand-prix-giovani\/","title":{"rendered":"Corsa, scatta dal FVG il Grand Prix Giovani"},"content":{"rendered":"<p> \tTorna il <strong>Grand Prix Giovani<\/strong>. La rassegna <strong>under 18<\/strong> di corsa si prepara a festeggiare il <strong>25<\/strong><strong>\u00b0<\/strong><strong> compleanno<\/strong> con un\u2019edizione speciale che toccher\u00e0 <strong>quattro province<\/strong> (Pordenone, Treviso, Belluno e Trento) e <strong>tre regioni<\/strong> (Veneto, Friuli Venezia Giulia e Trentino Alto Adige).<\/p>\n<p> \t<strong>Nove le gare in cartellone<\/strong> nell\u2019arco di sette mesi, da marzo a ottobre. E, per la prima volta, il circuito non comprender\u00e0 soltanto gare su strada, ma anche un cross e una corsa in montagna. La tappa inaugurale, <strong>sabato 19 marzo<\/strong>, ad <strong>Aviano<\/strong>, sar\u00e0 il <strong>10<\/strong><strong>\u00b0<\/strong><strong> Cross della Pedemontana<\/strong>, che coincider\u00e0\u00a0con i campionati italiani master di corsa campestre, in programma l\u2019indomani.<\/p>\n<p> \t\u00a0Il <strong>27 marzo<\/strong> toccher\u00e0 al <strong>30<\/strong><strong>\u00b0<\/strong><strong> Memorial Antonio Tomasi<\/strong>, che a <strong>Cavri\u00e8 di San Biagio di Callalta<\/strong>, nel Trevigiano, assegner\u00e0 anche i titoli veneti giovanili Fidal di corsa su strada. Il <strong>24 aprile<\/strong>, a <strong>Limana<\/strong>, nel Bellunese, spazio alla 1^ edizione della corsa in montagna <strong>\u201c<\/strong><strong>La Santissima<\/strong><strong>\u201d<\/strong>.<\/p>\n<p> \t\u00a0Seguiranno cinque appuntamenti su strada: il <strong>21<\/strong><strong>\u00b0<\/strong><strong> Trofeo Citt\u00e0 di Sacile (Pordenone)<\/strong> il <strong>15 maggio<\/strong>, il <strong>50<\/strong><strong>\u00b0<\/strong><strong> Trofeo San Vittore a Tonadico di Primiero (Trento)<\/strong> il <strong>12 giugno<\/strong>, la <strong>5^ Quantin Young Race<\/strong>, nel Bellunese, il <strong>9 luglio<\/strong>, il <strong>41<\/strong><strong>\u00b0 <\/strong><strong>Giro Podistico Internazionale di Pordenone<\/strong> l\u2019<strong>11 settembre<\/strong>, il <strong>25<\/strong><strong>\u00b0<\/strong><strong> Circuito Internazionale Oderzo Citt\u00e0 Archeologica<\/strong>, nel Trevigiano, il <strong>18 settembre<\/strong> e, come prova jolly, la gara giovanile che il <strong>2 ottobre<\/strong>, ancora a <strong>Sacile<\/strong>, accompagner\u00e0 la <strong>2^ Mytho Marathon<\/strong>.<\/p>\n<p> \t\u00a0L\u2019edizione 2022 del Grand Prix Giovani, interamente costituita da manifestazioni inserite nel calendario Fidal e organizzata con il sostegno dell\u2019<strong>assessorato regionale allo Sport del Friuli Venezia Giulia<\/strong>, sar\u00e0 aperta alle categorie <strong>allievi, cadetti, ragazzi<\/strong> ed <strong>esordienti<\/strong>. Previste una <strong>classifica individuale<\/strong>, che considerer\u00e0 i migliori sei risultati su otto prove (esclusa la gara Jolly) e assegner\u00e0 i titoli di Campione Triveneto, e una <strong>graduatoria di societ\u00e0<\/strong> basata sui punteggi di sette prove su otto (scartando il peggior risultato e includendo la prova Jolly).<\/p>\n<p> \t\u00a0L\u2019Asd Atletica Triveneta, organizzatrice del circuito con la collaborazione dei <strong>Comitati Fidal di Friuli Venezia Giulia, Trentino<\/strong> e <strong>Veneto<\/strong>, ha previsto anche un <strong>premio fedelt\u00e0<\/strong> per gli atleti che termineranno tutte le otto gare e un <strong>premio di presenza<\/strong> per gli atleti che concluderanno almeno sei tappe. Grazie al contributo di <strong>Banca della Marca<\/strong> saranno inoltre assegnate quattro borse di studio agli atleti delle categorie cadetti e ragazzi distintisi per le prestazioni nel Grand Prix Giovani e meriti scolastici. Dopo le difficili stagioni della pandemia, il Grand Prix Giovani \u00e8 davvero pronto a tornare ai nastri di partenza. Niente di meglio per celebrare il prestigioso traguardo del quarto di secolo.<\/p>\n","protected":false},"excerpt":{"rendered":"<p>Il 19 marzo ad Aviano<\/p>\n","protected":false},"author":28,"featured_media":42954,"comment_status":"closed","ping_status":"closed","sticky":false,"template":"","format":"standard","meta":{"dwc-title":[],"dwc-content":[],"footnotes":""},"categories":[38],"tags":[],"class_list":["post-42953","post","type-post","status-publish","format-standard","has-post-thumbnail","hentry","category-sport"],"rttpg_featured_image_url":{"full":["https:\/\/imagazine.it\/wp-content\/uploads\/2024\/01\/46112-1.webp",1280,780,false],"landscape":["https:\/\/imagazine.it\/wp-content\/uploads\/2024\/01\/46112-1.webp",1280,780,false],"portraits":["https:\/\/imagazine.it\/wp-content\/uploads\/2024\/01\/46112-1.webp",1280,780,false],"thumbnail":["https:\/\/imagazine.it\/wp-content\/uploads\/2024\/01\/46112-1-150x150.webp",150,150,true],"medium":["https:\/\/imagazine.it\/wp-content\/uploads\/2024\/01\/46112-1-300x183.webp",300,183,true],"large":["https:\/\/imagazine.it\/wp-content\/uploads\/2024\/01\/46112-1-1024x624.webp",640,390,true],"thumblist":["https:\/\/imagazine.it\/wp-content\/uploads\/2024\/01\/46112-1.webp",300,183,false],"thumbrelated":["https:\/\/imagazine.it\/wp-content\/uploads\/2024\/01\/46112-1.webp",500,305,false],"meccarouselthumb":["https:\/\/imagazine.it\/wp-content\/uploads\/2024\/01\/46112-1.webp",474,289,false],"gridsquare":["https:\/\/imagazine.it\/wp-content\/uploads\/2024\/01\/46112-1.webp",391,238,false],"tileview":["https:\/\/imagazine.it\/wp-content\/uploads\/2024\/01\/46112-1.webp",300,183,false],"1536x1536":["https:\/\/imagazine.it\/wp-content\/uploads\/2024\/01\/46112-1.webp",1280,780,false],"2048x2048":["https:\/\/imagazine.it\/wp-content\/uploads\/2024\/01\/46112-1.webp",1280,780,false],"newsup-slider-full":["https:\/\/imagazine.it\/wp-content\/uploads\/2024\/01\/46112-1-1280x720.webp",1280,720,true],"newsup-featured":["https:\/\/imagazine.it\/wp-content\/uploads\/2024\/01\/46112-1-1024x624.webp",1024,624,true],"newsup-medium":["https:\/\/imagazine.it\/wp-content\/uploads\/2024\/01\/46112-1-720x380.webp",720,380,true],"tptn_thumbnail":["https:\/\/imagazine.it\/wp-content\/uploads\/2024\/01\/46112-1.webp",250,152,false],"sow-carousel-default":["https:\/\/imagazine.it\/wp-content\/uploads\/2024\/01\/46112-1-272x182.webp",272,182,true]},"rttpg_author":{"display_name":"redazione","author_link":"https:\/\/imagazine.it\/home_desk\/author\/redazione\/"},"rttpg_comment":0,"rttpg_category":"<a href=\"https:\/\/imagazine.it\/home_desk\/category\/sport\/\" rel=\"category tag\">SPORT<\/a>","rttpg_excerpt":"Il 19 marzo ad Aviano","_links":{"self":[{"href":"https:\/\/imagazine.it\/home_desk\/wp-json\/wp\/v2\/posts\/42953","targetHints":{"allow":["GET"]}}],"collection":[{"href":"https:\/\/imagazine.it\/home_desk\/wp-json\/wp\/v2\/posts"}],"about":[{"href":"https:\/\/imagazine.it\/home_desk\/wp-json\/wp\/v2\/types\/post"}],"author":[{"embeddable":true,"href":"https:\/\/imagazine.it\/home_desk\/wp-json\/wp\/v2\/users\/28"}],"replies":[{"embeddable":true,"href":"https:\/\/imagazine.it\/home_desk\/wp-json\/wp\/v2\/comments?post=42953"}],"version-history":[{"count":0,"href":"https:\/\/imagazine.it\/home_desk\/wp-json\/wp\/v2\/posts\/42953\/revisions"}],"wp:featuredmedia":[{"embeddable":true,"href":"https:\/\/imagazine.it\/home_desk\/wp-json\/wp\/v2\/media\/42954"}],"wp:attachment":[{"href":"https:\/\/imagazine.it\/home_desk\/wp-json\/wp\/v2\/media?parent=42953"}],"wp:term":[{"taxonomy":"category","embeddable":true,"href":"https:\/\/imagazine.it\/home_desk\/wp-json\/wp\/v2\/categories?post=42953"},{"taxonomy":"post_tag","embeddable":true,"href":"https:\/\/imagazine.it\/home_desk\/wp-json\/wp\/v2\/tags?post=42953"}],"curies":[{"name":"wp","href":"https:\/\/api.w.org\/{rel}","templated":true}]}}