{"id":42929,"date":"2022-02-15T00:00:00","date_gmt":"2022-02-14T23:00:00","guid":{"rendered":"https:\/\/imagazine.it\/?p=42929"},"modified":"2022-02-15T00:00:00","modified_gmt":"2022-02-14T23:00:00","slug":"ruda-laggregazione-dei-giovani-per-ripartire","status":"publish","type":"post","link":"https:\/\/imagazine.it\/home_desk\/ruda-laggregazione-dei-giovani-per-ripartire\/","title":{"rendered":"Ruda, l&#8217;aggregazione dei giovani per ripartire"},"content":{"rendered":"<p> \t\u201cDi Nuovo \u2026 Assieme\u201d: \u00e8 questa la denominazione del progetto della <strong>Scuola Comunale di Musica di Ruda<\/strong>, gestita dall&#39;Associazione \u201cPro Musica\u201d, che cerca di rispondere ai bisogni delle famiglie per dare un segno di normalit\u00e0 e di aggregazione dopo il periodo di isolamento dovuto alla pandemia.<\/p>\n<p> \tI bambini e i ragazzi hanno la necessit\u00e0 di stare insieme, di giocare, di divertirsi e di coltivare le loro passioni ma anche di riprendere il percorso educativo in presenza dopo quasi due anni di alternanza fra lezioni in classe e DAD. Inoltre le attivit\u00e0 che verranno svolte nel periodo estivo (a partire da giugno) rispondono alle necessit\u00e0, gi\u00e0 rilevate, dei genitori che lavorano e che hanno il bisogno di aiuto nella gestione quotidiana dei figli.<\/p>\n<p> \tSecondariamente il progetto ricostituisce una rete di relazioni comunitarie che la pandemia aveva quasi annullato, ridando senso allo stare assieme e a progettare un futuro per le giovani generazioni. Saranno <strong>coinvolte tutte le strutture del paese<\/strong>, tutto quello che in questi due anni si \u00e8 fermato o \u00e8 andato molto a rilento.<\/p>\n<p> \tPartiranno a breve le attivit\u00e0 previste per il raggiungimento degli obiettivi che si articoleranno lungo due direttrici: la prima rivolta all&#39;<strong>arricchimento<\/strong> <strong>della formazione educativa<\/strong> e la seconda a carattere ludico ricreativa. Nello specifico verranno organizzati due <strong>laboratori di musica d&#39;insieme<\/strong> rivolti ai ragazzi dai 12 anni, uno a indirizzo classico e uno a indirizzo moderno, scelti dai ragazzi in base alle proprie passioni e competenze. Gli incontri saranno attuati con cadenza quindicinale e si concluderanno a novembre 2022, sotto la guida di un&#39;insegnante di materie musicali e con il supporto dei volontari dell\u2019associazione, un percorso basato sull&#39;espressione vocale quale momento aggregativo e socializzante, l\u2019attivit\u00e0 sar\u00e0 svolta presso i locali della scuola di musica.<\/p>\n<p> \tLa parte didattica sar\u00e0 affidata a due docenti specializzati nell&#39;insegnamento del canto, quella organizzativa ai volontari dell&#39;Auser.\u00a0<\/p>\n<p> \tCi sar\u00e0 un laboratorio di lingue straniere a rinforzo delle nozioni che i ragazzi gi\u00e0 possiedono ma che richiedono un&#39;applicazione costante. Il corso si svolger\u00e0 presso i locali della Scuola Cecilia Deganutti di Perteole a cavallo dei mesi di agosto e settembre 2022. Ci sar\u00e0 spazio anche per un laboratorio di informatica rivolto a un uso consapevole degli strumenti informatici (soprattutto di quelli social): la pandemia, infatti, ha messo in evidenza le difficolt\u00e0 di molti ragazzi e delle loro famiglie nell&#39;utilizzo di tali mezzi. Il corso sar\u00e0 attivato sotto la guida di un professore dell&#39;Istituto Comprensivo Destra Torre nel mese di settembre 2022 presso l&#39;aula di informatica dello stesso istituto.<\/p>\n<p> \tInfine \u201cAndiamo all&#39;opera\u201d: un percorso di avvicinamento all&#39;opera in collaborazione con l&#39;Istituto Comprensivo Destra Torre e con la Fondazione Teatro Verdi di Trieste per far conoscere una forma di musica fortemente legata alla tradizione e di alto valore artistico, rivolta ai ragazzi delle classi terze della Scuola &#8220;C. Deganutti&#8221;.<\/p>\n<p> \tCi saranno anche eventi ludico ricreativi, con inizio nel mese di giugno, con un laboratorio dedicato alla creativit\u00e0, al gioco e alla fantasia. Sar\u00e0 proposta una settimana per riscoprire la tradizione musicale della comunit\u00e0 e gli antichi giochi e mestieri grazie alla collaborazione dei volontari del Coro Polifonico e dei volontari Auser presso il Ricreatorio &#8220;don Valeriano Lepre&#8221; a Ruda. Il centro estivo della prossima estate sar\u00e0 dedicato a giornate di musica e sport: un&#39;occasione per giocare, stare insieme, divertirsi e conoscere varie attivit\u00e0 sportive e fare musica insieme. Il tutto si svolger\u00e0 presso l&#39;area sportiva dell&#39;ASD Roll Club &#8220;Il castello&#8221; a Saciletto. La gestione sar\u00e0 affidata ai maestri di ginnastica e di musica che saranno coadiuvati dai volontari della associazione \u201cPro Musica Ruda\u201d e del ASD Roll Club.<\/p>\n<p> \tCi sar\u00e0 spazio per le \u201csettimane dell&#39;Amicizia\u201d appuntamento gestito dal gruppo giovani della Parrocchia e da genitori volontari, con la supervisione del parroco <strong>don Piero Facchinetti<\/strong>, che attraverso una storia &#8220;guida&#8221; aiuter\u00e0 i bambini dai 9 ai 14 anni a riflettere sul senso dell&#39;amicizia e sullo stare insieme. Il programma, Covid permettendo, prevede il soggiorno di alcuni giorni presso una struttura comunitaria montana e una settimana presso il Ricreatorio &#8220;don Valeriano Lepre&#8221; a Ruda.<\/p>\n<p> \tInfine \u201cFiabe in musica\u201d, in collaborazione con la Biblioteca Comunale, prevede letture tratte da testi della tradizione locale rivolte ai bambini dai 3 agli 11 anni. Le letture saranno effettuate da lettori volontari e l&#39;esecuzione musicale dai maestri della scuola e\/o da allievi esperti. Gli incontri avranno cadenza settimanale da luglio ad agosto 2022 e si svolgeranno presso i giardini di case private le cui famiglie organizzeranno il supporto logistico.<\/p>\n<p> \tUn progetto articolato dove il territorio con le sue strutture e le varie realt\u00e0 e associazioni \u2013 il Comune di Ruda, l\u2019Istituto Comprensivo \u201cDestra Torre\u201d di Aiello del Friuli, l\u2019Unit\u00e0 Pastorale di Ruda, l\u2019Auser Insieme Bassa Friulana \u2013 saranno il collante per le attivit\u00e0 che si svilupperanno a favore dei giovani.<\/p>\n","protected":false},"excerpt":{"rendered":"<p>Progetto \u201cDi Nuovo \u2026 Assieme\u201d<\/p>\n","protected":false},"author":22,"featured_media":42930,"comment_status":"closed","ping_status":"closed","sticky":false,"template":"","format":"standard","meta":{"dwc-title":[],"dwc-content":[],"footnotes":""},"categories":[5],"tags":[],"class_list":["post-42929","post","type-post","status-publish","format-standard","has-post-thumbnail","hentry","category-attualita"],"rttpg_featured_image_url":{"full":["https:\/\/imagazine.it\/wp-content\/uploads\/2024\/01\/46067-1.webp",1000,667,false],"landscape":["https:\/\/imagazine.it\/wp-content\/uploads\/2024\/01\/46067-1.webp",1000,667,false],"portraits":["https:\/\/imagazine.it\/wp-content\/uploads\/2024\/01\/46067-1.webp",1000,667,false],"thumbnail":["https:\/\/imagazine.it\/wp-content\/uploads\/2024\/01\/46067-1-150x150.webp",150,150,true],"medium":["https:\/\/imagazine.it\/wp-content\/uploads\/2024\/01\/46067-1-300x200.webp",300,200,true],"large":["https:\/\/imagazine.it\/wp-content\/uploads\/2024\/01\/46067-1.webp",640,427,false],"thumblist":["https:\/\/imagazine.it\/wp-content\/uploads\/2024\/01\/46067-1.webp",300,200,false],"thumbrelated":["https:\/\/imagazine.it\/wp-content\/uploads\/2024\/01\/46067-1.webp",500,334,false],"meccarouselthumb":["https:\/\/imagazine.it\/wp-content\/uploads\/2024\/01\/46067-1.webp",474,316,false],"gridsquare":["https:\/\/imagazine.it\/wp-content\/uploads\/2024\/01\/46067-1.webp",391,260,false],"tileview":["https:\/\/imagazine.it\/wp-content\/uploads\/2024\/01\/46067-1.webp",300,200,false],"1536x1536":["https:\/\/imagazine.it\/wp-content\/uploads\/2024\/01\/46067-1.webp",1000,667,false],"2048x2048":["https:\/\/imagazine.it\/wp-content\/uploads\/2024\/01\/46067-1.webp",1000,667,false],"newsup-slider-full":["https:\/\/imagazine.it\/wp-content\/uploads\/2024\/01\/46067-1.webp",1000,667,false],"newsup-featured":["https:\/\/imagazine.it\/wp-content\/uploads\/2024\/01\/46067-1.webp",1000,667,false],"newsup-medium":["https:\/\/imagazine.it\/wp-content\/uploads\/2024\/01\/46067-1-720x380.webp",720,380,true],"tptn_thumbnail":["https:\/\/imagazine.it\/wp-content\/uploads\/2024\/01\/46067-1.webp",250,167,false],"sow-carousel-default":["https:\/\/imagazine.it\/wp-content\/uploads\/2024\/01\/46067-1-272x182.webp",272,182,true]},"rttpg_author":{"display_name":"Livio Nonis","author_link":"https:\/\/imagazine.it\/home_desk\/author\/nonis\/"},"rttpg_comment":0,"rttpg_category":"<a href=\"https:\/\/imagazine.it\/home_desk\/category\/attualita\/\" rel=\"category tag\">ATTUALIT\u00c0<\/a>","rttpg_excerpt":"Progetto \u201cDi Nuovo \u2026 Assieme\u201d","_links":{"self":[{"href":"https:\/\/imagazine.it\/home_desk\/wp-json\/wp\/v2\/posts\/42929","targetHints":{"allow":["GET"]}}],"collection":[{"href":"https:\/\/imagazine.it\/home_desk\/wp-json\/wp\/v2\/posts"}],"about":[{"href":"https:\/\/imagazine.it\/home_desk\/wp-json\/wp\/v2\/types\/post"}],"author":[{"embeddable":true,"href":"https:\/\/imagazine.it\/home_desk\/wp-json\/wp\/v2\/users\/22"}],"replies":[{"embeddable":true,"href":"https:\/\/imagazine.it\/home_desk\/wp-json\/wp\/v2\/comments?post=42929"}],"version-history":[{"count":0,"href":"https:\/\/imagazine.it\/home_desk\/wp-json\/wp\/v2\/posts\/42929\/revisions"}],"wp:featuredmedia":[{"embeddable":true,"href":"https:\/\/imagazine.it\/home_desk\/wp-json\/wp\/v2\/media\/42930"}],"wp:attachment":[{"href":"https:\/\/imagazine.it\/home_desk\/wp-json\/wp\/v2\/media?parent=42929"}],"wp:term":[{"taxonomy":"category","embeddable":true,"href":"https:\/\/imagazine.it\/home_desk\/wp-json\/wp\/v2\/categories?post=42929"},{"taxonomy":"post_tag","embeddable":true,"href":"https:\/\/imagazine.it\/home_desk\/wp-json\/wp\/v2\/tags?post=42929"}],"curies":[{"name":"wp","href":"https:\/\/api.w.org\/{rel}","templated":true}]}}