{"id":42925,"date":"2022-02-14T00:00:00","date_gmt":"2022-02-13T23:00:00","guid":{"rendered":"https:\/\/imagazine.it\/?p=42925"},"modified":"2022-02-14T00:00:00","modified_gmt":"2022-02-13T23:00:00","slug":"basket-trieste-in-blu-alle-final-eight-di-coppa-italia","status":"publish","type":"post","link":"https:\/\/imagazine.it\/home_desk\/basket-trieste-in-blu-alle-final-eight-di-coppa-italia\/","title":{"rendered":"Basket, Trieste in blu alle Final Eight di Coppa Italia"},"content":{"rendered":"<p> \t<strong>Allianz Pallacanestro Trieste<\/strong> si appresta a vivere le prossime <strong>Final Eight<\/strong> <strong>di Coppa Italia<\/strong> (Pesaro, 16-20 febbraio), per la seconda volta nelle ultime due stagioni.<\/p>\n<p> \tUn risultato che vede la squadra di <strong>coach Franco Ciani <\/strong>presentarsi a Pesaro come testa di serie, in virt\u00f9 del terzo posto conquistato in classifica al termine del girone d&#39;andata: non accadeva da oltre vent&#39;anni.<\/p>\n<p> \t<em>\u201cAvere costruito un team solido e competitivo \u00e8 certamente frutto di un grande lavoro &#8211; <\/em>ha dichiarato il presidente biancorosso <strong>Mario Ghiacci<\/strong> <em>&#8211; ma non sarebbe stato in alcun modo possibile se non fosse stato per la grande famiglia dei partner e degli sponsor biancorossi che, nonostante il momento storico che tutto il mondo dell&#39;imprenditoria si trova a vivere, non ha mai fatto mancare il suo supporto e la sua passione\u201d.<\/em><\/p>\n<p> \tAnche a Pesaro i biancorossi non saranno soli e oltre alla passione dei propri tifosi potranno contare sugli sponsor che hanno voluto essere fisicamente presenti sulla maglia da gara e sui coprimaglia da riscaldamento che capitan Cavaliero e compagni indosseranno prima di provare a superare l\u2019ostacolo Tortona nel quarto di finale che si <b>giocher\u00e0 gioved\u00ec 17 febbraio<\/b>.<\/p>\n<p> \tLa <strong>Regione Friuli Venezia Giulia<\/strong>, da sempre vicina alla societ\u00e0 biancorossa lo sar\u00e0 ancor di pi\u00f9 in questa occasione. Il marchio <strong>&#8220;Io sono Friuli Venezia Giulia&#8221;<\/strong> sar\u00e0 infatti sul retro della <strong>canotta<\/strong>, in edizione speciale, che Trieste indosser\u00e0 nei quarti di finale delle <strong>Final Eight<\/strong> e sul fronte del coprimaglia da riscaldamento. Un modo concreto di promuovere il territorio, attraverso <strong>PromoTurismoFVG<\/strong>, in una vetrina nazionale che attira davanti agli schermi <strong>un milione<\/strong> di telespettatori appassionati della palla a spicchi.<\/p>\n<p> \tNovit\u00e0 riguardano anche i colori: in occasione della Coppa Italia, infatti, i biancorossi triestini scenderanno in campo con una canotta blu realizzata proprio per l\u2019occasione.<\/p>\n<p> \tSul coprimaglia da riscaldamento, inoltre, <u><a href=\"https:\/\/www.pallacanestrotrieste.it\/news\/101046455814\/alle-final-eight-con-i-partner-biancorossi\" target=\"_blank\" rel=\"noopener\"><span style=\"color:#0000ff;\">vi saranno altri componenti della nutrita famiglia di sponsor della Pallacanestro Trieste<\/span><\/a><\/u>, che hanno voluto aderire appositamente per queste finali.<\/p>\n<p> \t<em>\u201cAver ricevuto adesioni cos\u00ec prestigiose per accompagnarci in questo evento <\/em>&#8211; ha aggiunto <strong>Ghiacci<\/strong><em> &#8211; rappresenta per noi non solo un attestato di stima per il lavoro svolto e i risultati raggiunti, ma anche uno sprone in pi\u00f9 per tenere alta la bandiera del nostro territorio e di tutte le realt\u00e0 istituzionali e imprenditoriali che hanno voluto sostenerci\u201d.<\/em><\/p>\n","protected":false},"excerpt":{"rendered":"<p>Dal 16 al 20 febbraio<\/p>\n","protected":false},"author":28,"featured_media":42926,"comment_status":"closed","ping_status":"closed","sticky":false,"template":"","format":"standard","meta":{"dwc-title":[],"dwc-content":[],"footnotes":""},"categories":[38],"tags":[],"class_list":["post-42925","post","type-post","status-publish","format-standard","has-post-thumbnail","hentry","category-sport"],"rttpg_featured_image_url":{"full":["https:\/\/imagazine.it\/wp-content\/uploads\/2024\/01\/46061-1.webp",1000,667,false],"landscape":["https:\/\/imagazine.it\/wp-content\/uploads\/2024\/01\/46061-1.webp",1000,667,false],"portraits":["https:\/\/imagazine.it\/wp-content\/uploads\/2024\/01\/46061-1.webp",1000,667,false],"thumbnail":["https:\/\/imagazine.it\/wp-content\/uploads\/2024\/01\/46061-1-150x150.webp",150,150,true],"medium":["https:\/\/imagazine.it\/wp-content\/uploads\/2024\/01\/46061-1-300x200.webp",300,200,true],"large":["https:\/\/imagazine.it\/wp-content\/uploads\/2024\/01\/46061-1.webp",640,427,false],"thumblist":["https:\/\/imagazine.it\/wp-content\/uploads\/2024\/01\/46061-1.webp",300,200,false],"thumbrelated":["https:\/\/imagazine.it\/wp-content\/uploads\/2024\/01\/46061-1.webp",500,334,false],"meccarouselthumb":["https:\/\/imagazine.it\/wp-content\/uploads\/2024\/01\/46061-1.webp",474,316,false],"gridsquare":["https:\/\/imagazine.it\/wp-content\/uploads\/2024\/01\/46061-1.webp",391,260,false],"tileview":["https:\/\/imagazine.it\/wp-content\/uploads\/2024\/01\/46061-1.webp",300,200,false],"1536x1536":["https:\/\/imagazine.it\/wp-content\/uploads\/2024\/01\/46061-1.webp",1000,667,false],"2048x2048":["https:\/\/imagazine.it\/wp-content\/uploads\/2024\/01\/46061-1.webp",1000,667,false],"newsup-slider-full":["https:\/\/imagazine.it\/wp-content\/uploads\/2024\/01\/46061-1.webp",1000,667,false],"newsup-featured":["https:\/\/imagazine.it\/wp-content\/uploads\/2024\/01\/46061-1.webp",1000,667,false],"newsup-medium":["https:\/\/imagazine.it\/wp-content\/uploads\/2024\/01\/46061-1-720x380.webp",720,380,true],"tptn_thumbnail":["https:\/\/imagazine.it\/wp-content\/uploads\/2024\/01\/46061-1.webp",250,167,false],"sow-carousel-default":["https:\/\/imagazine.it\/wp-content\/uploads\/2024\/01\/46061-1-272x182.webp",272,182,true]},"rttpg_author":{"display_name":"redazione","author_link":"https:\/\/imagazine.it\/home_desk\/author\/redazione\/"},"rttpg_comment":0,"rttpg_category":"<a href=\"https:\/\/imagazine.it\/home_desk\/category\/sport\/\" rel=\"category tag\">SPORT<\/a>","rttpg_excerpt":"Dal 16 al 20 febbraio","_links":{"self":[{"href":"https:\/\/imagazine.it\/home_desk\/wp-json\/wp\/v2\/posts\/42925","targetHints":{"allow":["GET"]}}],"collection":[{"href":"https:\/\/imagazine.it\/home_desk\/wp-json\/wp\/v2\/posts"}],"about":[{"href":"https:\/\/imagazine.it\/home_desk\/wp-json\/wp\/v2\/types\/post"}],"author":[{"embeddable":true,"href":"https:\/\/imagazine.it\/home_desk\/wp-json\/wp\/v2\/users\/28"}],"replies":[{"embeddable":true,"href":"https:\/\/imagazine.it\/home_desk\/wp-json\/wp\/v2\/comments?post=42925"}],"version-history":[{"count":0,"href":"https:\/\/imagazine.it\/home_desk\/wp-json\/wp\/v2\/posts\/42925\/revisions"}],"wp:featuredmedia":[{"embeddable":true,"href":"https:\/\/imagazine.it\/home_desk\/wp-json\/wp\/v2\/media\/42926"}],"wp:attachment":[{"href":"https:\/\/imagazine.it\/home_desk\/wp-json\/wp\/v2\/media?parent=42925"}],"wp:term":[{"taxonomy":"category","embeddable":true,"href":"https:\/\/imagazine.it\/home_desk\/wp-json\/wp\/v2\/categories?post=42925"},{"taxonomy":"post_tag","embeddable":true,"href":"https:\/\/imagazine.it\/home_desk\/wp-json\/wp\/v2\/tags?post=42925"}],"curies":[{"name":"wp","href":"https:\/\/api.w.org\/{rel}","templated":true}]}}