{"id":42917,"date":"2022-02-14T00:00:00","date_gmt":"2022-02-13T23:00:00","guid":{"rendered":"https:\/\/imagazine.it\/?p=42917"},"modified":"2022-02-14T00:00:00","modified_gmt":"2022-02-13T23:00:00","slug":"trasporti-luca-ceccarelli-nuovo-vicepresidente-di-cds","status":"publish","type":"post","link":"https:\/\/imagazine.it\/home_desk\/trasporti-luca-ceccarelli-nuovo-vicepresidente-di-cds\/","title":{"rendered":"Trasporti, Luca Ceccarelli nuovo vicepresidente di Cds"},"content":{"rendered":"<p> \tCambio al vertice per il <strong>Gruppo Cds<\/strong>, il network con sede principale a Bologna e hub a Milano e Caserta e composto da aziende e imprenditori che nel settore dei trasporti hanno fatto la storia del Paese.<\/p>\n<p> \tAlla <strong>vicepresidenza<\/strong> della rete, infatti, \u00e8 stato da poco nominato <strong>Luca Ceccarelli, presidente dell&#39;omonimo gruppo con quartier generale a Udine<\/strong>, ma con sedi anche a Trieste, Padova, Milano e Prato. Una nomina che, in realt\u00e0, parte dal lontano 1992, anno in cui l&#39;allora patron dell&#39;azienda, Bernardino Ceccarelli, nell&#39;hub di Bologna sedeva tra i soci fondatori che decisero di collaborare, scambiandosi le merci da distribuire nelle proprie zone di competenza.<\/p>\n<p> \t\u00abSono particolarmente onorato per questa nomina \u2013 commenta il neo vicepresidente del Gruppo Cds, Luca Ceccarelli \u2013. Voglio ringraziare innanzitutto mio padre, Bernardino, che mi ha coinvolto sin dal 2010 nelle riunioni con i primi soci a Bologna, ma anche il cda uscente che ha amministrato fino ad ora con sapienza e professionalit\u00e0. Il nostro <strong>obiettivo<\/strong> \u2013 prosegue \u2013 \u00e8 <strong>continuare a crescere, ad affiliare aziende \u201cselezionate\u201d sia in Italia, sia in Europa<\/strong>, continuando ad offrire una cultura del servizio dell&#39;autotrasporto. Un mondo \u2013 conclude \u2013 che conosciamo bene visto che Cds \u00e8 una societ\u00e0 amministrata da aziende di trasporto che vivono quindi le stesse problematiche e necessit\u00e0 di chi lavora con noi e, come noi, fa questo mestiere\u00bb.<\/p>\n<p> \tLa storia del Gruppo Cds non \u00e8 la tipica storia di un\u2019azienda di trasporto. \u00c8 la storia di tante aziende fatta da tanti uomini e professionisti del settore che hanno voluto e saputo creare un progetto davvero comune, <strong>un \u201csistema\u201d, una \u201crete\u201d di piccole e medie imprese<\/strong>, con una profonda conoscenza del loro territorio, in grado di offrire servizi flessibili e di alta qualit\u00e0. Un\u2019eccellenza che rappresenta una realt\u00e0 in grado di competere con le grandi aziende logistiche internazionali.<\/p>\n<p> \tProprio in quest&#39;ottica, a fine mese il Gruppo Cds inaugurer\u00e0 il nuovo hub nell\u2019Interporto di Bologna, non distante da quello attuale. \u00abUna nuova casa \u2013 conclude Luca Ceccarelli \u2013 per 5 mila metri quadri di <em>cross docking<\/em> e 56 baie di carico\u00bb.<\/p>\n","protected":false},"excerpt":{"rendered":"<p>Nomina nel network europeo<\/p>\n","protected":false},"author":28,"featured_media":42918,"comment_status":"closed","ping_status":"closed","sticky":false,"template":"","format":"standard","meta":{"dwc-title":[],"dwc-content":[],"footnotes":""},"categories":[5],"tags":[],"class_list":["post-42917","post","type-post","status-publish","format-standard","has-post-thumbnail","hentry","category-attualita"],"rttpg_featured_image_url":{"full":["https:\/\/imagazine.it\/wp-content\/uploads\/2024\/01\/46051-1.webp",1000,935,false],"landscape":["https:\/\/imagazine.it\/wp-content\/uploads\/2024\/01\/46051-1.webp",1000,935,false],"portraits":["https:\/\/imagazine.it\/wp-content\/uploads\/2024\/01\/46051-1.webp",1000,935,false],"thumbnail":["https:\/\/imagazine.it\/wp-content\/uploads\/2024\/01\/46051-1-150x150.webp",150,150,true],"medium":["https:\/\/imagazine.it\/wp-content\/uploads\/2024\/01\/46051-1-300x281.webp",300,281,true],"large":["https:\/\/imagazine.it\/wp-content\/uploads\/2024\/01\/46051-1.webp",640,598,false],"thumblist":["https:\/\/imagazine.it\/wp-content\/uploads\/2024\/01\/46051-1.webp",300,281,false],"thumbrelated":["https:\/\/imagazine.it\/wp-content\/uploads\/2024\/01\/46051-1.webp",500,468,false],"meccarouselthumb":["https:\/\/imagazine.it\/wp-content\/uploads\/2024\/01\/46051-1.webp",347,324,false],"gridsquare":["https:\/\/imagazine.it\/wp-content\/uploads\/2024\/01\/46051-1.webp",278,260,false],"tileview":["https:\/\/imagazine.it\/wp-content\/uploads\/2024\/01\/46051-1.webp",300,281,false],"1536x1536":["https:\/\/imagazine.it\/wp-content\/uploads\/2024\/01\/46051-1.webp",1000,935,false],"2048x2048":["https:\/\/imagazine.it\/wp-content\/uploads\/2024\/01\/46051-1.webp",1000,935,false],"newsup-slider-full":["https:\/\/imagazine.it\/wp-content\/uploads\/2024\/01\/46051-1-1000x720.webp",1000,720,true],"newsup-featured":["https:\/\/imagazine.it\/wp-content\/uploads\/2024\/01\/46051-1.webp",1000,935,false],"newsup-medium":["https:\/\/imagazine.it\/wp-content\/uploads\/2024\/01\/46051-1-720x380.webp",720,380,true],"tptn_thumbnail":["https:\/\/imagazine.it\/wp-content\/uploads\/2024\/01\/46051-1.webp",225,210,false],"sow-carousel-default":["https:\/\/imagazine.it\/wp-content\/uploads\/2024\/01\/46051-1-272x182.webp",272,182,true]},"rttpg_author":{"display_name":"redazione","author_link":"https:\/\/imagazine.it\/home_desk\/author\/redazione\/"},"rttpg_comment":0,"rttpg_category":"<a href=\"https:\/\/imagazine.it\/home_desk\/category\/attualita\/\" rel=\"category tag\">ATTUALIT\u00c0<\/a>","rttpg_excerpt":"Nomina nel network europeo","_links":{"self":[{"href":"https:\/\/imagazine.it\/home_desk\/wp-json\/wp\/v2\/posts\/42917","targetHints":{"allow":["GET"]}}],"collection":[{"href":"https:\/\/imagazine.it\/home_desk\/wp-json\/wp\/v2\/posts"}],"about":[{"href":"https:\/\/imagazine.it\/home_desk\/wp-json\/wp\/v2\/types\/post"}],"author":[{"embeddable":true,"href":"https:\/\/imagazine.it\/home_desk\/wp-json\/wp\/v2\/users\/28"}],"replies":[{"embeddable":true,"href":"https:\/\/imagazine.it\/home_desk\/wp-json\/wp\/v2\/comments?post=42917"}],"version-history":[{"count":0,"href":"https:\/\/imagazine.it\/home_desk\/wp-json\/wp\/v2\/posts\/42917\/revisions"}],"wp:featuredmedia":[{"embeddable":true,"href":"https:\/\/imagazine.it\/home_desk\/wp-json\/wp\/v2\/media\/42918"}],"wp:attachment":[{"href":"https:\/\/imagazine.it\/home_desk\/wp-json\/wp\/v2\/media?parent=42917"}],"wp:term":[{"taxonomy":"category","embeddable":true,"href":"https:\/\/imagazine.it\/home_desk\/wp-json\/wp\/v2\/categories?post=42917"},{"taxonomy":"post_tag","embeddable":true,"href":"https:\/\/imagazine.it\/home_desk\/wp-json\/wp\/v2\/tags?post=42917"}],"curies":[{"name":"wp","href":"https:\/\/api.w.org\/{rel}","templated":true}]}}