{"id":42905,"date":"2022-02-11T00:00:00","date_gmt":"2022-02-10T23:00:00","guid":{"rendered":"https:\/\/imagazine.it\/?p=42905"},"modified":"2022-02-11T00:00:00","modified_gmt":"2022-02-10T23:00:00","slug":"consegnati-a-udine-i-premi-friul-etica","status":"publish","type":"post","link":"https:\/\/imagazine.it\/home_desk\/consegnati-a-udine-i-premi-friul-etica\/","title":{"rendered":"Consegnati a Udine i premi Friul Etica"},"content":{"rendered":"<p> \t<strong>Chiara Cainero<\/strong>, <strong>Luca Zufferli<\/strong> e <strong>Roberto Zilli<\/strong> hanno ricevuto i premi Friul Etica 2021. Assegnato anche il premio alla memoria ad <strong>Alessandro Talotti<\/strong> ritirato dai genitori, Mario e Paola, visibilmente commossi.<\/p>\n<p> \tLa cerimonia di consegna si \u00e8 svolta al PalaBernes di Paderno (<strong>Udine<\/strong>), ribattezzata \u201ccasa Talotti\u201d, sotto l\u2019asticella del salto in alto fissata a 2 metri 32 proprio in onore e memoria dell\u2019olimpionico Talotti scomparso nel 2021 a 40 anni che aveva brillantemente superato nella sua carriera i 2,32.<\/p>\n<p> \tLe motivazioni dei premi sono state rese note da <strong>Alessandro Grassi<\/strong>, <strong>Flavio Pressacco<\/strong> e <strong>Daniele Damele<\/strong> per conto dell\u2019associazione Euretica che da molti anni propone questi premi in collaborazione e con il patrocinio di Fondazione Friuli, Friul Tomorrow, associazione don Gilberto Pressacco e soprattutto AIDO, associazione italiana per la donazione di organi, tessuti e cellule.<\/p>\n<p> \tCainero, dopo svariati successi olimpici e mondiali, nel 2021 alle olimpiadi di Tokyo non \u00e8 andata benissimo, ma nonostante ci\u00f2 non ha esitato un attimo ad avvicinarsi alle vincitrici della gara finale che l\u2019ha vista sfortunata competitrice per complimentarsi e abbracciare la sua collega e rivale Diana Bacosi, \u201cun gesto di fair play \u2013 ha detto Pressacco \u2013 che merita d\u2019essere posto a modello per tutti noi\u201d mentre delle azioni di Talotti ha parlato Grassi: \u201cAlessandro ha detto subito s\u00ec alla proposta di diventare testimonial di AIDO in Friuli Venezia Giulia e al di l\u00e0 delle sue indubbie capacit\u00e0 atletiche e professionali \u00e8 stato sempre disponibile con tutti ascoltando chiunque, un uomo di spessore etico unico. Oggi il suo sorriso illuminer\u00e0 il Cielo\u201d.<\/p>\n<p> \tSull\u2019arbitro di calcio di serie B Zufferli si \u00e8 soffermato, invece, Damele, augurando al fischietto di San Pietro al Natisone di divenire il \u201cfuturo Barbaresco di Corm\u00f2ns che tanto ha inorgoglito gli arbitri friulani\u201d.\u00a0 Poi, sempre Damele, che \u00e8 amministratore dell\u2019Aido nazionale, ha premiato Zilli il quale ha aderito nel 2020 al programma \u201cDeck \u2013 K\u201d che permette di implementare i trapianti da donatore vivente tra coppie incompatibili come lo erano Zilli e la sua compagna Ivana Rizzi. \u201cRoberto \u2013 ha affermato Damele \u2013 ha donato un suo rene che in base alla \u201ccatena\u201d del Centro nazionale trapianti \u00e8 stato messo a disposizione di una persona che ne aveva bisogno cos\u00ec Ivana ha ricevuto un altro rene compatibile da un differente donatore evitando la dialisi\u201d. Il tutto \u00e8 avvenuto nel 2021 dopo che l\u2019anno precedente Roberto dovette rinviare la donazione del rene in quanto si ammal\u00f2 di Covid. Superato il virus e trovato un rene compatibile per Ivana la \u201cmacchina della donazione saltata nel 2020 si \u00e8 completata positivamente lo scorso anno.<\/p>\n<p> \tA complimentarsi per la cerimonia \u201ccos\u00ec ricca di significati\u201d \u00e8 stata l\u2019assessore comunale di Udine, <strong>Silvana Olivotto<\/strong>, ma erano presenti con lei all\u2019evento anche il consigliere comunale <strong>Paolo Pizzocaro<\/strong>, il fiduciario CONI di Udine, <strong>Mario Gasparetto<\/strong> (amico e tecnico di Talotti), il patron delle tappe regionali del Giro d\u2019Italia di ciclismo, <strong>Enzo Cainero<\/strong> (zio di Chiara), l\u2019atleta e amico di Talotti, <strong>Luca Toso<\/strong>, anch\u2019egli saltatore in alto, il rappresentante della FIGC, <strong>Alberto De Colle<\/strong>, il sindaco di San Pietro al Natisone, <strong>Mariano Zufferli<\/strong> (pap\u00e0 di Luca) e il presidente dell\u2019Unesco Cities Marathon, <strong>Giuliano Gemo<\/strong>. Un messaggio di congratulazioni per la realizzazione dell\u2019evento \u00e8 giunto, infine, dal consigliere regionale <strong>Edy Morandini<\/strong>.<\/p>\n","protected":false},"excerpt":{"rendered":"<p>Al PalaBernes di Paderno<\/p>\n","protected":false},"author":28,"featured_media":42906,"comment_status":"closed","ping_status":"closed","sticky":false,"template":"","format":"standard","meta":{"dwc-title":[],"dwc-content":[],"footnotes":""},"categories":[38],"tags":[],"class_list":["post-42905","post","type-post","status-publish","format-standard","has-post-thumbnail","hentry","category-sport"],"rttpg_featured_image_url":{"full":["https:\/\/imagazine.it\/wp-content\/uploads\/2024\/01\/46039-1.webp",1000,523,false],"landscape":["https:\/\/imagazine.it\/wp-content\/uploads\/2024\/01\/46039-1.webp",1000,523,false],"portraits":["https:\/\/imagazine.it\/wp-content\/uploads\/2024\/01\/46039-1.webp",1000,523,false],"thumbnail":["https:\/\/imagazine.it\/wp-content\/uploads\/2024\/01\/46039-1-150x150.webp",150,150,true],"medium":["https:\/\/imagazine.it\/wp-content\/uploads\/2024\/01\/46039-1-300x157.webp",300,157,true],"large":["https:\/\/imagazine.it\/wp-content\/uploads\/2024\/01\/46039-1.webp",640,335,false],"thumblist":["https:\/\/imagazine.it\/wp-content\/uploads\/2024\/01\/46039-1.webp",300,157,false],"thumbrelated":["https:\/\/imagazine.it\/wp-content\/uploads\/2024\/01\/46039-1.webp",500,262,false],"meccarouselthumb":["https:\/\/imagazine.it\/wp-content\/uploads\/2024\/01\/46039-1.webp",474,248,false],"gridsquare":["https:\/\/imagazine.it\/wp-content\/uploads\/2024\/01\/46039-1.webp",391,204,false],"tileview":["https:\/\/imagazine.it\/wp-content\/uploads\/2024\/01\/46039-1.webp",300,157,false],"1536x1536":["https:\/\/imagazine.it\/wp-content\/uploads\/2024\/01\/46039-1.webp",1000,523,false],"2048x2048":["https:\/\/imagazine.it\/wp-content\/uploads\/2024\/01\/46039-1.webp",1000,523,false],"newsup-slider-full":["https:\/\/imagazine.it\/wp-content\/uploads\/2024\/01\/46039-1.webp",1000,523,false],"newsup-featured":["https:\/\/imagazine.it\/wp-content\/uploads\/2024\/01\/46039-1.webp",1000,523,false],"newsup-medium":["https:\/\/imagazine.it\/wp-content\/uploads\/2024\/01\/46039-1-720x380.webp",720,380,true],"tptn_thumbnail":["https:\/\/imagazine.it\/wp-content\/uploads\/2024\/01\/46039-1.webp",250,131,false],"sow-carousel-default":["https:\/\/imagazine.it\/wp-content\/uploads\/2024\/01\/46039-1-272x182.webp",272,182,true]},"rttpg_author":{"display_name":"redazione","author_link":"https:\/\/imagazine.it\/home_desk\/author\/redazione\/"},"rttpg_comment":0,"rttpg_category":"<a href=\"https:\/\/imagazine.it\/home_desk\/category\/sport\/\" rel=\"category tag\">SPORT<\/a>","rttpg_excerpt":"Al PalaBernes di Paderno","_links":{"self":[{"href":"https:\/\/imagazine.it\/home_desk\/wp-json\/wp\/v2\/posts\/42905","targetHints":{"allow":["GET"]}}],"collection":[{"href":"https:\/\/imagazine.it\/home_desk\/wp-json\/wp\/v2\/posts"}],"about":[{"href":"https:\/\/imagazine.it\/home_desk\/wp-json\/wp\/v2\/types\/post"}],"author":[{"embeddable":true,"href":"https:\/\/imagazine.it\/home_desk\/wp-json\/wp\/v2\/users\/28"}],"replies":[{"embeddable":true,"href":"https:\/\/imagazine.it\/home_desk\/wp-json\/wp\/v2\/comments?post=42905"}],"version-history":[{"count":0,"href":"https:\/\/imagazine.it\/home_desk\/wp-json\/wp\/v2\/posts\/42905\/revisions"}],"wp:featuredmedia":[{"embeddable":true,"href":"https:\/\/imagazine.it\/home_desk\/wp-json\/wp\/v2\/media\/42906"}],"wp:attachment":[{"href":"https:\/\/imagazine.it\/home_desk\/wp-json\/wp\/v2\/media?parent=42905"}],"wp:term":[{"taxonomy":"category","embeddable":true,"href":"https:\/\/imagazine.it\/home_desk\/wp-json\/wp\/v2\/categories?post=42905"},{"taxonomy":"post_tag","embeddable":true,"href":"https:\/\/imagazine.it\/home_desk\/wp-json\/wp\/v2\/tags?post=42905"}],"curies":[{"name":"wp","href":"https:\/\/api.w.org\/{rel}","templated":true}]}}