{"id":42899,"date":"2022-02-11T00:00:00","date_gmt":"2022-02-10T23:00:00","guid":{"rendered":"https:\/\/imagazine.it\/?p=42899"},"modified":"2022-02-11T00:00:00","modified_gmt":"2022-02-10T23:00:00","slug":"gorizia-il-parco-di-piuma-ospitera-isonzo-beach","status":"publish","type":"post","link":"https:\/\/imagazine.it\/home_desk\/gorizia-il-parco-di-piuma-ospitera-isonzo-beach\/","title":{"rendered":"Gorizia, il Parco di Piuma ospiter\u00e0 Isonzo Beach"},"content":{"rendered":"<p> \tPresentata alla stampa a Gorizia l\u2019intesa tra Regione FVG e Comune di Gorizia per la concessione gratuita a quest\u2019ultimo di una serie di siti con l\u2019obiettivo di valorizzare al meglio le loro potenzialit\u00e0, soprattutto turistiche.<\/p>\n<p> \tDiversi sono i punti trattati che, nell\u2019accordo, vengono fatti propri dalla Regione e riguardano siti ritenuti di particolare interesse dal Comune fra cui: le <strong>sponde sull\u2019Isonzo all\u2019interno del Parco di Piuma<\/strong>, l\u2019<strong>Auditorium<\/strong> <strong>di via Roma<\/strong>, <strong>alcuni spazi in Palazzo Alvarez in via Diaz<\/strong> che saranno concessi al Comune, ma si prevedono anche altri interventi, come l\u2019attivazione di un tavolo di lavoro per realizzare un <strong>collegamento diretto pedonale fra la Stazione ferroviaria e l\u2019Ospedale Civile<\/strong> e l\u2019aggiornamento del Piano regolatore generale per adeguare la destinazione d\u2019uso del compendio definito \u201cStallone di Piuma\u201d.<\/p>\n<p> \tC\u2019\u00e8 anche spazio per il <strong>Parco della Campagnuzza<\/strong>, una parte del quale sar\u00e0 concesso al Comune per la sua ulteriore valorizzazione.<\/p>\n<p> \tAlla presentazione sono intervenuti l\u2019assessore regionale al patrimonio, <strong>Sebastiano Callari<\/strong>, il sindaco di Gorizia, <strong>Rodolfo Ziberna<\/strong>, e l\u2019assessore comunale al patrimonio, <strong>Francesco Del Sordi<\/strong>.<\/p>\n<p> \t\u201cL\u2019accordo \u00e8 in vista di una partecipazione attiva della Regione a GO! 2025 \u2013 ha commentato l\u2019assessore Callari \u2013 realizzando due obbiettivi: da un lato mettere a disposizione del territorio un patrimonio scarsamente utilizzato, dall\u2019altro valorizzare un patrimonio ambientale e di grande valore storico e culturale che tende ad una rigenerazione urbana di una citt\u00e0 chiamata ad un appuntamento fondamentale per tutto il Friuli Venezia Giulia\u201d.<\/p>\n<p> \t\u201cUn accordo storico che consentir\u00e0, fra le tante cose, anche la valorizzazione di un sito molto caro ai Goriziani, ovvero la sponda del Parco di Piuma che si affaccia sull\u2019Isonzo da via Ponte del Torrione ma anche di altri spazi, come l\u2019Auditorium di via Roma che torner\u00e0 a vivere. Un grande ringraziamento alla Regione e, in particolare, all\u2019assessore Callari per aver preso a cuore le nostre richieste ed essersi dimostrati ancora una volta vicini alla citt\u00e0 di Gorizia\u201d, ha dichiarato Ziberna.<\/p>\n<p> \tEntrando nel dettaglio, si \u00e8 evidenziato l\u2019intervento attraverso il quale il Comune intende dar vita a \u201c<strong>Isonzo beach<\/strong>\u201d ovvero \u201c<em>mediante la realizzazione, con carattere di stagionalit\u00e0, di spazi espositivi e ricettivi a servizio di un parco fluviale con la creazione di piccole aree attrezzate, anche per persone a mobilit\u00e0 ridotta, con particolare attenzione per l\u2019ambiente che caratterizza il fiume, connesso attraverso una maglia di percorsi esistenti e da potenziare con aree d\u2019oltre confine<\/em>\u201d.<\/p>\n<p> \t\u201cL\u2019idea \u2013 ha sottolineato Ziberna \u2013 \u00e8 quella di realizzare una serie di servizi che consenta alle persone di utilizzare questa sponda anche come una spiaggia attrezzata, pur senza la balneazione, nell\u2019ambito di un programma di valorizzazione di questo splendido angolo sulle rive di un fiume dalla bellezza straordinaria come l\u2019Isonzo. Peraltro, siamo in contatto con un\u2019associazione per verificare la possibilit\u00e0 di realizzare una struttura, nel pieno rispetto ambientale, per l\u2019attivazione di un\u2019attivit\u00e0 legata alla canoa. Un programma che, per la verit\u00e0, punta a valorizzare tutta l\u2019area che va dal monte Calvario e arriva fino all\u2019Isonzo, considerando anche la presenza del Giardino Viatori. Sono convinto che quest\u2019area abbia una straordinaria potenzialit\u00e0 turistica che intendiamo far emergere nella sua totalit\u00e0\u201d.<\/p>\n<p> \tPer quanto riguarda l\u2019Auditorium della cultura friulana di via Roma, si tratta di un ritorno. Il Comune lo \u201crestitu\u00ec\u201d alla Regione nel 2014 che effettu\u00f2 tutti i lavori di adeguamento sismico e tecnologico per consentire il suo riutilizzo. Da oggi sar\u00e0 nuovamente gestito dal Comune per un periodo di 5 anni.<\/p>\n<p> \t\u201cSi tratta di una struttura molto importante, soprattutto per le associazioni che svolgono attivit\u00e0 teatrali e musicali \u2013 ha spiegato ancora Ziberna \u2013, in quanto lo spazio e il numero di posti a sedere sono l\u2019ideale per determinati eventi in alternativa al teatro Verdi. L\u2019idea sarebbe quella di affidare la stessa gestione a qualche associazione ma intanto sar\u00e0 gestito direttamente dal Comune. Dopo gli interventi di adeguamento abbiamo voluto restituire pienamente alla citt\u00e0 questa struttura che ridiventer\u00e0 un punto di ritrovo culturale come lo \u00e8 stato in passato\u201d.<\/p>\n","protected":false},"excerpt":{"rendered":"<p>Accordo con la Regione<\/p>\n","protected":false},"author":28,"featured_media":42900,"comment_status":"closed","ping_status":"closed","sticky":false,"template":"","format":"standard","meta":{"dwc-title":[],"dwc-content":[],"footnotes":""},"categories":[5],"tags":[],"class_list":["post-42899","post","type-post","status-publish","format-standard","has-post-thumbnail","hentry","category-attualita"],"rttpg_featured_image_url":{"full":["https:\/\/imagazine.it\/wp-content\/uploads\/2024\/01\/46031-1.webp",1600,1200,false],"landscape":["https:\/\/imagazine.it\/wp-content\/uploads\/2024\/01\/46031-1.webp",1600,1200,false],"portraits":["https:\/\/imagazine.it\/wp-content\/uploads\/2024\/01\/46031-1.webp",1600,1200,false],"thumbnail":["https:\/\/imagazine.it\/wp-content\/uploads\/2024\/01\/46031-1-150x150.webp",150,150,true],"medium":["https:\/\/imagazine.it\/wp-content\/uploads\/2024\/01\/46031-1-300x225.webp",300,225,true],"large":["https:\/\/imagazine.it\/wp-content\/uploads\/2024\/01\/46031-1-1024x768.webp",640,480,true],"thumblist":["https:\/\/imagazine.it\/wp-content\/uploads\/2024\/01\/46031-1.webp",300,225,false],"thumbrelated":["https:\/\/imagazine.it\/wp-content\/uploads\/2024\/01\/46031-1.webp",500,375,false],"meccarouselthumb":["https:\/\/imagazine.it\/wp-content\/uploads\/2024\/01\/46031-1.webp",432,324,false],"gridsquare":["https:\/\/imagazine.it\/wp-content\/uploads\/2024\/01\/46031-1.webp",347,260,false],"tileview":["https:\/\/imagazine.it\/wp-content\/uploads\/2024\/01\/46031-1.webp",300,225,false],"1536x1536":["https:\/\/imagazine.it\/wp-content\/uploads\/2024\/01\/46031-1-1536x1152.webp",1536,1152,true],"2048x2048":["https:\/\/imagazine.it\/wp-content\/uploads\/2024\/01\/46031-1.webp",1600,1200,false],"newsup-slider-full":["https:\/\/imagazine.it\/wp-content\/uploads\/2024\/01\/46031-1-1280x720.webp",1280,720,true],"newsup-featured":["https:\/\/imagazine.it\/wp-content\/uploads\/2024\/01\/46031-1-1024x768.webp",1024,768,true],"newsup-medium":["https:\/\/imagazine.it\/wp-content\/uploads\/2024\/01\/46031-1-720x380.webp",720,380,true],"tptn_thumbnail":["https:\/\/imagazine.it\/wp-content\/uploads\/2024\/01\/46031-1.webp",250,188,false],"sow-carousel-default":["https:\/\/imagazine.it\/wp-content\/uploads\/2024\/01\/46031-1-272x182.webp",272,182,true]},"rttpg_author":{"display_name":"redazione","author_link":"https:\/\/imagazine.it\/home_desk\/author\/redazione\/"},"rttpg_comment":0,"rttpg_category":"<a href=\"https:\/\/imagazine.it\/home_desk\/category\/attualita\/\" rel=\"category tag\">ATTUALIT\u00c0<\/a>","rttpg_excerpt":"Accordo con la Regione","_links":{"self":[{"href":"https:\/\/imagazine.it\/home_desk\/wp-json\/wp\/v2\/posts\/42899","targetHints":{"allow":["GET"]}}],"collection":[{"href":"https:\/\/imagazine.it\/home_desk\/wp-json\/wp\/v2\/posts"}],"about":[{"href":"https:\/\/imagazine.it\/home_desk\/wp-json\/wp\/v2\/types\/post"}],"author":[{"embeddable":true,"href":"https:\/\/imagazine.it\/home_desk\/wp-json\/wp\/v2\/users\/28"}],"replies":[{"embeddable":true,"href":"https:\/\/imagazine.it\/home_desk\/wp-json\/wp\/v2\/comments?post=42899"}],"version-history":[{"count":0,"href":"https:\/\/imagazine.it\/home_desk\/wp-json\/wp\/v2\/posts\/42899\/revisions"}],"wp:featuredmedia":[{"embeddable":true,"href":"https:\/\/imagazine.it\/home_desk\/wp-json\/wp\/v2\/media\/42900"}],"wp:attachment":[{"href":"https:\/\/imagazine.it\/home_desk\/wp-json\/wp\/v2\/media?parent=42899"}],"wp:term":[{"taxonomy":"category","embeddable":true,"href":"https:\/\/imagazine.it\/home_desk\/wp-json\/wp\/v2\/categories?post=42899"},{"taxonomy":"post_tag","embeddable":true,"href":"https:\/\/imagazine.it\/home_desk\/wp-json\/wp\/v2\/tags?post=42899"}],"curies":[{"name":"wp","href":"https:\/\/api.w.org\/{rel}","templated":true}]}}