{"id":42895,"date":"2022-02-11T00:00:00","date_gmt":"2022-02-10T23:00:00","guid":{"rendered":"https:\/\/imagazine.it\/?p=42895"},"modified":"2022-02-11T00:00:00","modified_gmt":"2022-02-10T23:00:00","slug":"palmanova-annunciati-5-mercati-straordinari-domenicali","status":"publish","type":"post","link":"https:\/\/imagazine.it\/home_desk\/palmanova-annunciati-5-mercati-straordinari-domenicali\/","title":{"rendered":"Palmanova, annunciati 5 mercati straordinari domenicali"},"content":{"rendered":"<p> \tPer ora saranno <strong>cinque i mercati straordinari<\/strong> che il Comune di Palmanova e i commercianti ambulanti hanno deciso di organizzare nel 2022.<\/p>\n<p> \tOltre al tradizionale e storico appuntamento del luned\u00ec mattina, si aggiungono almeno altri cinque appuntamenti straordinari. Il primo gi\u00e0 <strong>questa domenica, 13 febbraio, in occasione di San Valentino<\/strong>: dalle 8 alle 17, in Piazza Grande saranno presenti le bancarelle del mercato. Sempre confermato anche l\u2019appuntamento di luned\u00ec 14 febbraio.<\/p>\n<p> \tOltre a San Valentino, verranno organizzati anche mercati nelle giornate di<strong> Pasquetta (luned\u00ec 18 aprile), domenica 8 maggio per la Festa della Mamma, domenica 9 ottobre per il patrono della citt\u00e0 Santa Giustina e l\u201911 dicembre in occasione degli eventi natalizi<\/strong>. Rimangono confermati i tradizionali luned\u00ec mattina. Alle date straordinarie se ne potranno aggiungere altre nel corso dell\u2019anno.<\/p>\n<p> \tAll\u2019incontro di oggi hanno partecipato, oltre al vicesindaco con delega alle attivit\u00e0 economiche <strong>Francesco Martines<\/strong> e al comandante della Polizia Locale del Comune <strong>Roberto Fazio<\/strong>, anche i rappresentanti del commercio ambulante, <strong>Cristiano Zabeo<\/strong> per la FIVA (Federazione Italiana Venditori Ambulanti di Confcommercio Udine) e <strong>Attilio Ciprian<\/strong> dell\u2019Associazione Goia, che hanno dichiarato: \u201cPalmanova \u00e8 l\u2019unico Comune che ha sempre permesso il mercato, anche in pandemia. Siamo qui per pianificare gli eventi e farli <strong>crescere, promuovendoli e sostenendo il mercato<\/strong> con attivit\u00e0 che portino a Palmanova persone, sia a visitare la citt\u00e0 che a fare acquisti. Solo se si lavora assieme e si creano momenti d\u2019interesse, <strong>tutti ne gioviamo, la citt\u00e0 cos\u00ec come noi commercianti<\/strong>\u201d.<\/p>\n<p> \t\u201cQuesti incontri \u2013 ha aggiunto il vicesindaco Martines \u2013 servono per pianificare e promuovere assieme citt\u00e0 e commercio. Il Comune si impegner\u00e0 per <strong>creare attivit\u00e0 e promuovere questi appuntamenti<\/strong>, in modo da sostenere tutto il commercio in citt\u00e0. Avere degli interlocutori rappresentativi \u00e8 fondamentale sia per il commercio ambulante che quello stabile. Gi\u00e0 da questa domenica, <strong>chiederemo ai negozi di rimanere aperti<\/strong>, per dare ai visitatori un\u2019offerta commerciale completa e ampia\u201d.<\/p>\n","protected":false},"excerpt":{"rendered":"<p>Accordo tra Comune e commercianti ambulanti<\/p>\n","protected":false},"author":28,"featured_media":42896,"comment_status":"closed","ping_status":"closed","sticky":false,"template":"","format":"standard","meta":{"dwc-title":[],"dwc-content":[],"footnotes":""},"categories":[5],"tags":[],"class_list":["post-42895","post","type-post","status-publish","format-standard","has-post-thumbnail","hentry","category-attualita"],"rttpg_featured_image_url":{"full":["https:\/\/imagazine.it\/wp-content\/uploads\/2024\/01\/46027-1.webp",1000,661,false],"landscape":["https:\/\/imagazine.it\/wp-content\/uploads\/2024\/01\/46027-1.webp",1000,661,false],"portraits":["https:\/\/imagazine.it\/wp-content\/uploads\/2024\/01\/46027-1.webp",1000,661,false],"thumbnail":["https:\/\/imagazine.it\/wp-content\/uploads\/2024\/01\/46027-1-150x150.webp",150,150,true],"medium":["https:\/\/imagazine.it\/wp-content\/uploads\/2024\/01\/46027-1-300x198.webp",300,198,true],"large":["https:\/\/imagazine.it\/wp-content\/uploads\/2024\/01\/46027-1.webp",640,423,false],"thumblist":["https:\/\/imagazine.it\/wp-content\/uploads\/2024\/01\/46027-1.webp",300,198,false],"thumbrelated":["https:\/\/imagazine.it\/wp-content\/uploads\/2024\/01\/46027-1.webp",500,331,false],"meccarouselthumb":["https:\/\/imagazine.it\/wp-content\/uploads\/2024\/01\/46027-1.webp",474,313,false],"gridsquare":["https:\/\/imagazine.it\/wp-content\/uploads\/2024\/01\/46027-1.webp",391,258,false],"tileview":["https:\/\/imagazine.it\/wp-content\/uploads\/2024\/01\/46027-1.webp",300,198,false],"1536x1536":["https:\/\/imagazine.it\/wp-content\/uploads\/2024\/01\/46027-1.webp",1000,661,false],"2048x2048":["https:\/\/imagazine.it\/wp-content\/uploads\/2024\/01\/46027-1.webp",1000,661,false],"newsup-slider-full":["https:\/\/imagazine.it\/wp-content\/uploads\/2024\/01\/46027-1.webp",1000,661,false],"newsup-featured":["https:\/\/imagazine.it\/wp-content\/uploads\/2024\/01\/46027-1.webp",1000,661,false],"newsup-medium":["https:\/\/imagazine.it\/wp-content\/uploads\/2024\/01\/46027-1-720x380.webp",720,380,true],"tptn_thumbnail":["https:\/\/imagazine.it\/wp-content\/uploads\/2024\/01\/46027-1.webp",250,165,false],"sow-carousel-default":["https:\/\/imagazine.it\/wp-content\/uploads\/2024\/01\/46027-1-272x182.webp",272,182,true]},"rttpg_author":{"display_name":"redazione","author_link":"https:\/\/imagazine.it\/home_desk\/author\/redazione\/"},"rttpg_comment":0,"rttpg_category":"<a href=\"https:\/\/imagazine.it\/home_desk\/category\/attualita\/\" rel=\"category tag\">ATTUALIT\u00c0<\/a>","rttpg_excerpt":"Accordo tra Comune e commercianti ambulanti","_links":{"self":[{"href":"https:\/\/imagazine.it\/home_desk\/wp-json\/wp\/v2\/posts\/42895","targetHints":{"allow":["GET"]}}],"collection":[{"href":"https:\/\/imagazine.it\/home_desk\/wp-json\/wp\/v2\/posts"}],"about":[{"href":"https:\/\/imagazine.it\/home_desk\/wp-json\/wp\/v2\/types\/post"}],"author":[{"embeddable":true,"href":"https:\/\/imagazine.it\/home_desk\/wp-json\/wp\/v2\/users\/28"}],"replies":[{"embeddable":true,"href":"https:\/\/imagazine.it\/home_desk\/wp-json\/wp\/v2\/comments?post=42895"}],"version-history":[{"count":0,"href":"https:\/\/imagazine.it\/home_desk\/wp-json\/wp\/v2\/posts\/42895\/revisions"}],"wp:featuredmedia":[{"embeddable":true,"href":"https:\/\/imagazine.it\/home_desk\/wp-json\/wp\/v2\/media\/42896"}],"wp:attachment":[{"href":"https:\/\/imagazine.it\/home_desk\/wp-json\/wp\/v2\/media?parent=42895"}],"wp:term":[{"taxonomy":"category","embeddable":true,"href":"https:\/\/imagazine.it\/home_desk\/wp-json\/wp\/v2\/categories?post=42895"},{"taxonomy":"post_tag","embeddable":true,"href":"https:\/\/imagazine.it\/home_desk\/wp-json\/wp\/v2\/tags?post=42895"}],"curies":[{"name":"wp","href":"https:\/\/api.w.org\/{rel}","templated":true}]}}