{"id":42859,"date":"2022-02-08T00:00:00","date_gmt":"2022-02-07T23:00:00","guid":{"rendered":"https:\/\/imagazine.it\/?p=42859"},"modified":"2022-02-08T00:00:00","modified_gmt":"2022-02-07T23:00:00","slug":"pizze-surgelate-roncadin-aumenta-fatturato-e-dipendenti","status":"publish","type":"post","link":"https:\/\/imagazine.it\/home_desk\/pizze-surgelate-roncadin-aumenta-fatturato-e-dipendenti\/","title":{"rendered":"Pizze surgelate, Roncadin aumenta fatturato e dipendenti"},"content":{"rendered":"<p> \t<strong>Roncadin<\/strong>, l\u2019azienda di <strong>Meduno<\/strong> specializzata nella produzione di pizze surgelate di alta qualit\u00e0 per la GDO italiana e internazionale, ha chiuso il bilancio 2021 con <strong>148,5 milioni di euro di fatturato<\/strong>.<\/p>\n<p> \tCon una crescita del <strong>6% rispetto all\u2019anno precedente<\/strong>, l\u2019azienda friulana \u00e8 riuscita a consolidare e superare l\u2019exploit del 2020, dovuto al forte rialzo nei consumi alimentari domestici, specialmente nel comparto surgelati, dovuto al cambiamento delle abitudini portato dalla pandemia.<\/p>\n<p> \t\u00abCon 100 milioni di pezzi prodotti in un anno siamo al massimo della capacit\u00e0 produttiva ma <strong>l\u2019obiettivo \u00e8 crescere ancora<\/strong>, investendo sulle persone, sullo sviluppo dello stabilimento e sul rafforzamento del nostro marchio nei mercati italiani e stranieri \u2013 conferma l\u2019amministratore delegato<strong> Dario Roncadin<\/strong> \u2013. Al momento per\u00f2 dobbiamo fare i conti con una situazione congiunturale difficile, data dai rincari dell\u2019energia e delle materie prime, che hanno fatto crescere i costi di produzione del 15%\u00bb.<\/p>\n<p> \tOltre ai dati economici, anche quelli occupazionali portano un segno positivo: con <strong>44 stabilizzazioni e 88 nuovi ingressi<\/strong>, il personale impiegato da Roncadin ha raggiunto a fine 2021 le <strong>779 unit\u00e0<\/strong> (nel 2018 erano 465), di cui 684 sono dipendenti assunti direttamente all\u2019azienda.<\/p>\n<p> \t\u00abIl lavoro in Roncadin si svolge prevalentemente su turni e la maggior parte dei lavoratori, 560, hanno contratti part-time \u2013 prosegue Dario Roncadin \u2013. <strong>Le donne rappresentano l\u201980% della forza lavoro, l\u2019et\u00e0 media \u00e8 di 43 anni e il 15% dei lavoratori \u00e8 sotto i 30 anni<\/strong>. Dobbiamo dunque offrire un ambiente attento al <em>work-life balance<\/em>, dinamico, orientato alla flessibilit\u00e0 e ricco di opportunit\u00e0 per tutti. Le scelte fatte negli ultimi anni vanno proprio in questa direzione e hanno un impatto positivo non solo su Roncadin, ma sull\u2019intero territorio di Meduno e della sua valle, che da area interessata sempre pi\u00f9 allo spopolamento, si sta trasformando in un polo attrattivo per profili con elevate competenze\u00bb.<\/p>\n<p> \tDa poco Roncadin si \u00e8 inoltre ufficialmente trasformata in una Societ\u00e0 Benefit. In ambito HR sono stati adottati un nuovo sistema di <strong><em>job posting<\/em><\/strong> interno, nuovi <strong>canali di comunicazione<\/strong> con l\u2019uso di app innovative, un forte impegno del <strong>CRAL<\/strong> aziendale per le attivit\u00e0 ricreative (pranzi, gite, sport), progetti di <strong>conciliazione famiglia-lavoro<\/strong> (come i laboratori di panificazione e i centri estivi per i figli dei dipendenti, aperti anche alla comunit\u00e0) e numerose iniziative di <strong>formazione<\/strong>. In quest\u2019ultimo ambito, la novit\u00e0 lanciata nel 2021 \u00e8 stata il <strong>Piano Talent<\/strong>, percorsi dedicati all\u2019accrescimento delle competenze trasversali che coinvolger\u00e0 sempre pi\u00f9 dipendenti perch\u00e9, osserva Dario Roncadin, \u00abalimentare la crescita delle competenze del proprio organico \u00e8 fondamentale\u00bb.<\/p>\n<p> \tIl tutto sempre partendo dalle esigenze delle persone e raccogliendo i loro feedback: proprio per questo ha avuto grande successo l\u2019iniziativa <strong>\u201cUn caff\u00e8 con Dario\u201d, incontri di 15 minuti che ciascun lavoratore pu\u00f2 fissare per parlare direttamente con l\u2019amministratore delegato.<\/strong> \u00abHo gi\u00e0 incontrato i primi 25 dipendenti e si sono confermati momenti preziosissimi \u2013 sottolinea l\u2019AD \u2013 perch\u00e9 il filo diretto con le persone \u00e8 la base su cui impostare qualsiasi progetto di sviluppo\u00bb.<\/p>\n","protected":false},"excerpt":{"rendered":"<p>Bilancio 2021 chiuso a quota 148,5 milioni di euro<\/p>\n","protected":false},"author":28,"featured_media":42860,"comment_status":"closed","ping_status":"closed","sticky":false,"template":"","format":"standard","meta":{"dwc-title":[],"dwc-content":[],"footnotes":""},"categories":[6],"tags":[],"class_list":["post-42859","post","type-post","status-publish","format-standard","has-post-thumbnail","hentry","category-societa"],"rttpg_featured_image_url":{"full":["https:\/\/imagazine.it\/wp-content\/uploads\/2024\/01\/45978-1.webp",1000,669,false],"landscape":["https:\/\/imagazine.it\/wp-content\/uploads\/2024\/01\/45978-1.webp",1000,669,false],"portraits":["https:\/\/imagazine.it\/wp-content\/uploads\/2024\/01\/45978-1.webp",1000,669,false],"thumbnail":["https:\/\/imagazine.it\/wp-content\/uploads\/2024\/01\/45978-1-150x150.webp",150,150,true],"medium":["https:\/\/imagazine.it\/wp-content\/uploads\/2024\/01\/45978-1-300x201.webp",300,201,true],"large":["https:\/\/imagazine.it\/wp-content\/uploads\/2024\/01\/45978-1.webp",640,428,false],"thumblist":["https:\/\/imagazine.it\/wp-content\/uploads\/2024\/01\/45978-1.webp",300,201,false],"thumbrelated":["https:\/\/imagazine.it\/wp-content\/uploads\/2024\/01\/45978-1.webp",500,335,false],"meccarouselthumb":["https:\/\/imagazine.it\/wp-content\/uploads\/2024\/01\/45978-1.webp",474,317,false],"gridsquare":["https:\/\/imagazine.it\/wp-content\/uploads\/2024\/01\/45978-1.webp",389,260,false],"tileview":["https:\/\/imagazine.it\/wp-content\/uploads\/2024\/01\/45978-1.webp",300,201,false],"1536x1536":["https:\/\/imagazine.it\/wp-content\/uploads\/2024\/01\/45978-1.webp",1000,669,false],"2048x2048":["https:\/\/imagazine.it\/wp-content\/uploads\/2024\/01\/45978-1.webp",1000,669,false],"newsup-slider-full":["https:\/\/imagazine.it\/wp-content\/uploads\/2024\/01\/45978-1.webp",1000,669,false],"newsup-featured":["https:\/\/imagazine.it\/wp-content\/uploads\/2024\/01\/45978-1.webp",1000,669,false],"newsup-medium":["https:\/\/imagazine.it\/wp-content\/uploads\/2024\/01\/45978-1-720x380.webp",720,380,true],"tptn_thumbnail":["https:\/\/imagazine.it\/wp-content\/uploads\/2024\/01\/45978-1.webp",250,167,false],"sow-carousel-default":["https:\/\/imagazine.it\/wp-content\/uploads\/2024\/01\/45978-1-272x182.webp",272,182,true]},"rttpg_author":{"display_name":"redazione","author_link":"https:\/\/imagazine.it\/home_desk\/author\/redazione\/"},"rttpg_comment":0,"rttpg_category":"<a href=\"https:\/\/imagazine.it\/home_desk\/category\/societa\/\" rel=\"category tag\">SOCIET\u00c0<\/a>","rttpg_excerpt":"Bilancio 2021 chiuso a quota 148,5 milioni di euro","_links":{"self":[{"href":"https:\/\/imagazine.it\/home_desk\/wp-json\/wp\/v2\/posts\/42859","targetHints":{"allow":["GET"]}}],"collection":[{"href":"https:\/\/imagazine.it\/home_desk\/wp-json\/wp\/v2\/posts"}],"about":[{"href":"https:\/\/imagazine.it\/home_desk\/wp-json\/wp\/v2\/types\/post"}],"author":[{"embeddable":true,"href":"https:\/\/imagazine.it\/home_desk\/wp-json\/wp\/v2\/users\/28"}],"replies":[{"embeddable":true,"href":"https:\/\/imagazine.it\/home_desk\/wp-json\/wp\/v2\/comments?post=42859"}],"version-history":[{"count":0,"href":"https:\/\/imagazine.it\/home_desk\/wp-json\/wp\/v2\/posts\/42859\/revisions"}],"wp:featuredmedia":[{"embeddable":true,"href":"https:\/\/imagazine.it\/home_desk\/wp-json\/wp\/v2\/media\/42860"}],"wp:attachment":[{"href":"https:\/\/imagazine.it\/home_desk\/wp-json\/wp\/v2\/media?parent=42859"}],"wp:term":[{"taxonomy":"category","embeddable":true,"href":"https:\/\/imagazine.it\/home_desk\/wp-json\/wp\/v2\/categories?post=42859"},{"taxonomy":"post_tag","embeddable":true,"href":"https:\/\/imagazine.it\/home_desk\/wp-json\/wp\/v2\/tags?post=42859"}],"curies":[{"name":"wp","href":"https:\/\/api.w.org\/{rel}","templated":true}]}}