{"id":42845,"date":"2022-02-04T00:00:00","date_gmt":"2022-02-03T23:00:00","guid":{"rendered":"https:\/\/imagazine.it\/?p=42845"},"modified":"2022-02-04T00:00:00","modified_gmt":"2022-02-03T23:00:00","slug":"gorizia-in-arrivo-434-mila-euro-per-ridurre-gli-affitti","status":"publish","type":"post","link":"https:\/\/imagazine.it\/home_desk\/gorizia-in-arrivo-434-mila-euro-per-ridurre-gli-affitti\/","title":{"rendered":"Gorizia, in arrivo 434 mila euro per ridurre gli affitti"},"content":{"rendered":"<p> \tAnche quest\u2019anno il <strong>Comune di Gorizia<\/strong> conferma il bonus affitti, che \u00e8 in corso di liquidazione a oltre 300 beneficiari, su un totale di <strong>358 domande ricevute<\/strong>, per un importo complessivo di <strong>434.064 euro<\/strong>.<\/p>\n<p> \tImporto che sarebbe stato pi\u00f9 alto, di poco superiore a 450 mila euro, se non vi fossero state una decina di domande accolte in un primo momento ma successivamente respinte per i controlli incrociati, in quanto i richiedenti risultavano gi\u00e0 beneficiari del Reddito di cittadinanza, con cui il bonus affitti non \u00e8 cumulabile.<br \/> \tQuesti fondi vanno dunque in soccorso delle famiglie in difficolt\u00e0 e le aiuteranno a pagare l\u2019affitto della propria abitazione.<\/p>\n<p> \tIl numero totale delle domande presentate \u00e8 in leggero aumento, 7 in pi\u00f9 rispetto al 2020, e le domande inizialmente accolte sono state 33 in pi\u00f9. A salire \u00e8 stata anche la quota messa a disposizione dal Comune di Gorizia, quest\u2019anno arrivata a <strong>94.101 euro<\/strong>. L\u2019anno scorso furono 11 mila euro in meno. Questo anche per compensare il totale del fondo erogato da Stato e Regione che \u00e8 sceso dai 422 mila euro dell\u2019anno scorso ai 356.251 euro di quest\u2019anno.<\/p>\n<p> \t\u201cIl Comune di Gorizia ha sempre cercato di essere al fianco dei cittadini e delle famiglie in difficolt\u00e0 \u2013 hanno commentato il sindaco, <strong>Rodolfo Ziberna<\/strong>, e l\u2019assessore al welfare, <strong>Silvana Romano<\/strong> \u2013 e questo sforzo si \u00e8 fatto ancora pi\u00f9 urgente da quando la situazione economica di tante famiglie \u00e8 stata complicata dalla crisi pandemica. Questo contributo \u00e8 una boccata d\u2019ossigeno che le famiglie attendono, e da parte dell\u2019amministrazione comunale \u00e8 doveroso dare una risposta a quante pi\u00f9 richieste possibili. Per questo motivo abbiamo deciso di incrementare ulteriormente il nostro fondo\u201d.<\/p>\n<p> \tIl bonus affitti \u00e8 inserito in un sistema di interventi ad ampio raggio introdotti dal Comune di Gorizia, che spazia dai servizi sociali a quelli educativi. \u201cNegli ultimi anni \u2013 conclude Romano \u2013 anche a causa del Covid-19 le richieste di aiuto di ogni tipo che i cittadini rivolgono al Comune sono aumentate. Questo \u00e8 un segnale che le amministrazioni pubbliche hanno la responsabilit\u00e0 di cogliere e a cui vanno date delle risposte. I cittadini non vanno lasciati soli e il Comune di Gorizia vuole essere presente e a disposizione di chiunque abbia bisogno\u201d.<\/p>\n","protected":false},"excerpt":{"rendered":"<p>Oltre 300 beneficiari<\/p>\n","protected":false},"author":28,"featured_media":42846,"comment_status":"closed","ping_status":"closed","sticky":false,"template":"","format":"standard","meta":{"dwc-title":[],"dwc-content":[],"footnotes":""},"categories":[5],"tags":[],"class_list":["post-42845","post","type-post","status-publish","format-standard","has-post-thumbnail","hentry","category-attualita"],"rttpg_featured_image_url":{"full":["https:\/\/imagazine.it\/wp-content\/uploads\/2024\/01\/45951-1.webp",1280,853,false],"landscape":["https:\/\/imagazine.it\/wp-content\/uploads\/2024\/01\/45951-1.webp",1280,853,false],"portraits":["https:\/\/imagazine.it\/wp-content\/uploads\/2024\/01\/45951-1.webp",1280,853,false],"thumbnail":["https:\/\/imagazine.it\/wp-content\/uploads\/2024\/01\/45951-1-150x150.webp",150,150,true],"medium":["https:\/\/imagazine.it\/wp-content\/uploads\/2024\/01\/45951-1-300x200.webp",300,200,true],"large":["https:\/\/imagazine.it\/wp-content\/uploads\/2024\/01\/45951-1-1024x682.webp",640,426,true],"thumblist":["https:\/\/imagazine.it\/wp-content\/uploads\/2024\/01\/45951-1.webp",300,200,false],"thumbrelated":["https:\/\/imagazine.it\/wp-content\/uploads\/2024\/01\/45951-1.webp",500,333,false],"meccarouselthumb":["https:\/\/imagazine.it\/wp-content\/uploads\/2024\/01\/45951-1.webp",474,316,false],"gridsquare":["https:\/\/imagazine.it\/wp-content\/uploads\/2024\/01\/45951-1.webp",391,260,false],"tileview":["https:\/\/imagazine.it\/wp-content\/uploads\/2024\/01\/45951-1.webp",300,200,false],"1536x1536":["https:\/\/imagazine.it\/wp-content\/uploads\/2024\/01\/45951-1.webp",1280,853,false],"2048x2048":["https:\/\/imagazine.it\/wp-content\/uploads\/2024\/01\/45951-1.webp",1280,853,false],"newsup-slider-full":["https:\/\/imagazine.it\/wp-content\/uploads\/2024\/01\/45951-1-1280x720.webp",1280,720,true],"newsup-featured":["https:\/\/imagazine.it\/wp-content\/uploads\/2024\/01\/45951-1-1024x682.webp",1024,682,true],"newsup-medium":["https:\/\/imagazine.it\/wp-content\/uploads\/2024\/01\/45951-1-720x380.webp",720,380,true],"tptn_thumbnail":["https:\/\/imagazine.it\/wp-content\/uploads\/2024\/01\/45951-1.webp",250,167,false],"sow-carousel-default":["https:\/\/imagazine.it\/wp-content\/uploads\/2024\/01\/45951-1-272x182.webp",272,182,true]},"rttpg_author":{"display_name":"redazione","author_link":"https:\/\/imagazine.it\/home_desk\/author\/redazione\/"},"rttpg_comment":0,"rttpg_category":"<a href=\"https:\/\/imagazine.it\/home_desk\/category\/attualita\/\" rel=\"category tag\">ATTUALIT\u00c0<\/a>","rttpg_excerpt":"Oltre 300 beneficiari","_links":{"self":[{"href":"https:\/\/imagazine.it\/home_desk\/wp-json\/wp\/v2\/posts\/42845","targetHints":{"allow":["GET"]}}],"collection":[{"href":"https:\/\/imagazine.it\/home_desk\/wp-json\/wp\/v2\/posts"}],"about":[{"href":"https:\/\/imagazine.it\/home_desk\/wp-json\/wp\/v2\/types\/post"}],"author":[{"embeddable":true,"href":"https:\/\/imagazine.it\/home_desk\/wp-json\/wp\/v2\/users\/28"}],"replies":[{"embeddable":true,"href":"https:\/\/imagazine.it\/home_desk\/wp-json\/wp\/v2\/comments?post=42845"}],"version-history":[{"count":0,"href":"https:\/\/imagazine.it\/home_desk\/wp-json\/wp\/v2\/posts\/42845\/revisions"}],"wp:featuredmedia":[{"embeddable":true,"href":"https:\/\/imagazine.it\/home_desk\/wp-json\/wp\/v2\/media\/42846"}],"wp:attachment":[{"href":"https:\/\/imagazine.it\/home_desk\/wp-json\/wp\/v2\/media?parent=42845"}],"wp:term":[{"taxonomy":"category","embeddable":true,"href":"https:\/\/imagazine.it\/home_desk\/wp-json\/wp\/v2\/categories?post=42845"},{"taxonomy":"post_tag","embeddable":true,"href":"https:\/\/imagazine.it\/home_desk\/wp-json\/wp\/v2\/tags?post=42845"}],"curies":[{"name":"wp","href":"https:\/\/api.w.org\/{rel}","templated":true}]}}