{"id":42837,"date":"2022-02-04T00:00:00","date_gmt":"2022-02-03T23:00:00","guid":{"rendered":"https:\/\/imagazine.it\/?p=42837"},"modified":"2022-02-04T00:00:00","modified_gmt":"2022-02-03T23:00:00","slug":"trieste-alan-jones-nuovo-direttore-del-festival-della-fantascienza","status":"publish","type":"post","link":"https:\/\/imagazine.it\/home_desk\/trieste-alan-jones-nuovo-direttore-del-festival-della-fantascienza\/","title":{"rendered":"Trieste, Alan Jones nuovo direttore del Festival della Fantascienza"},"content":{"rendered":"<p> \t<strong>Alan Jones <\/strong>\u00e8 il nuovo direttore del <strong>Trieste Science+Fiction Festival, <\/strong>la pi\u00f9 importante manifestazione italiana dedicata alla fantascienza.<\/p>\n<p> \tIl critico cinematografico britannico assume la direzione artistica della <strong>22\u00b0 edizione del festival triestino, <\/strong>che si svolger\u00e0 <strong>dal 1 al 6 novembre 2022<\/strong> nel capoluogo giuliano.\u00a0<\/p>\n<p> \tPioniere della critica cinematografica di genere da oltre quarant&#39;anni e patrocinatore del festival <em>Cinema: Made in Italy<\/em> a Londra, Alan Jones \u00e8 il fondatore e il direttore del <strong><em>London FrightFest<\/em><\/strong>, il pi\u00f9 grande festival di cinema di genere del Regno Unito. Alan Jones \u00e8 anche giornalista radiotelevisivo e autore di best seller. Tra le sue pubblicazioni<em> &#8220;The Rough Guide to Horror Movies&#8221;,<\/em> <em>&#8220;The FrightFest Guide to Grindhouse Movies&#8221;, &#8220;The Act of Seeing&#8221;<\/em> assieme al regista <strong>Nicolas Winding Refn<\/strong> e <em>&#8220;Dario Argento: The Man, The Myths &#038; The Magic&#8221;<\/em> giunto alla sesta ristampa. Insieme a <strong>Dario Argento<\/strong> ha tradotto, curato e illustrato l&#39;autobiografia del maestro <em>\u201cFear\u201d <\/em>per il mercato anglosassone.\u00a0<\/p>\n<p> \t<em>\u201cSono entusiasta e onorato di assumere la direzione del Trieste Science+Fiction Festival <\/em>&#8211; ha dichiarato <strong>Alan Jones <\/strong>-. <em>Ho partecipato per la prima volta come ospite nel 2003, innamorandomi fin da subito della manifestazione e della citt\u00e0. Da allora il festival \u00e8 diventato un appuntamento fisso e Trieste la mia seconda casa. Non potrei quindi essere pi\u00f9 elettrizzato per questa fantastica opportunit\u00e0 di poter trasformare questo autentico gioiello dei festival di genere in un&#39;istituzione dal respiro ancora pi\u00f9 internazionale, rendendolo la destinazione ideale in cui registi di fama mondiale e creativi del settore possano incontrare e interagire con il loro pubblico. Nel complesso panorama attuale i festival sono pi\u00f9 importanti che mai per poter mostrare, dare una voce diversa e possibilit\u00e0 concrete ai molti film indipendenti che potrebbero e dovrebbero avere una maggiore risonanza e diffusione con la giusta spinta e posizionamento. Sono convinto che, in tal senso, il Trieste Science+Fiction Festival continuer\u00e0 a essere uno sbocco cruciale e ad attrarre una base sempre pi\u00f9 numerosa di fan per un genere sempre vivace di cui questa meravigliosa citt\u00e0 \u00e8 sinonimo da ormai quasi sessant&#39;anni\u201d.<\/em><\/p>\n","protected":false},"excerpt":{"rendered":"<p>A novembre la 22^ edizione<\/p>\n","protected":false},"author":28,"featured_media":42838,"comment_status":"closed","ping_status":"closed","sticky":false,"template":"","format":"standard","meta":{"dwc-title":[],"dwc-content":[],"footnotes":""},"categories":[37],"tags":[],"class_list":["post-42837","post","type-post","status-publish","format-standard","has-post-thumbnail","hentry","category-cultura-e-spettacolo"],"rttpg_featured_image_url":{"full":["https:\/\/imagazine.it\/wp-content\/uploads\/2024\/01\/45945-1.webp",1000,631,false],"landscape":["https:\/\/imagazine.it\/wp-content\/uploads\/2024\/01\/45945-1.webp",1000,631,false],"portraits":["https:\/\/imagazine.it\/wp-content\/uploads\/2024\/01\/45945-1.webp",1000,631,false],"thumbnail":["https:\/\/imagazine.it\/wp-content\/uploads\/2024\/01\/45945-1-150x150.webp",150,150,true],"medium":["https:\/\/imagazine.it\/wp-content\/uploads\/2024\/01\/45945-1-300x189.webp",300,189,true],"large":["https:\/\/imagazine.it\/wp-content\/uploads\/2024\/01\/45945-1.webp",640,404,false],"thumblist":["https:\/\/imagazine.it\/wp-content\/uploads\/2024\/01\/45945-1.webp",300,189,false],"thumbrelated":["https:\/\/imagazine.it\/wp-content\/uploads\/2024\/01\/45945-1.webp",500,316,false],"meccarouselthumb":["https:\/\/imagazine.it\/wp-content\/uploads\/2024\/01\/45945-1.webp",474,299,false],"gridsquare":["https:\/\/imagazine.it\/wp-content\/uploads\/2024\/01\/45945-1.webp",391,247,false],"tileview":["https:\/\/imagazine.it\/wp-content\/uploads\/2024\/01\/45945-1.webp",300,189,false],"1536x1536":["https:\/\/imagazine.it\/wp-content\/uploads\/2024\/01\/45945-1.webp",1000,631,false],"2048x2048":["https:\/\/imagazine.it\/wp-content\/uploads\/2024\/01\/45945-1.webp",1000,631,false],"newsup-slider-full":["https:\/\/imagazine.it\/wp-content\/uploads\/2024\/01\/45945-1.webp",1000,631,false],"newsup-featured":["https:\/\/imagazine.it\/wp-content\/uploads\/2024\/01\/45945-1.webp",1000,631,false],"newsup-medium":["https:\/\/imagazine.it\/wp-content\/uploads\/2024\/01\/45945-1-720x380.webp",720,380,true],"tptn_thumbnail":["https:\/\/imagazine.it\/wp-content\/uploads\/2024\/01\/45945-1.webp",250,158,false],"sow-carousel-default":["https:\/\/imagazine.it\/wp-content\/uploads\/2024\/01\/45945-1-272x182.webp",272,182,true]},"rttpg_author":{"display_name":"redazione","author_link":"https:\/\/imagazine.it\/home_desk\/author\/redazione\/"},"rttpg_comment":0,"rttpg_category":"<a href=\"https:\/\/imagazine.it\/home_desk\/category\/cultura-e-spettacolo\/\" rel=\"category tag\">CULTURA&amp;SPETTACOLO<\/a>","rttpg_excerpt":"A novembre la 22^ edizione","_links":{"self":[{"href":"https:\/\/imagazine.it\/home_desk\/wp-json\/wp\/v2\/posts\/42837","targetHints":{"allow":["GET"]}}],"collection":[{"href":"https:\/\/imagazine.it\/home_desk\/wp-json\/wp\/v2\/posts"}],"about":[{"href":"https:\/\/imagazine.it\/home_desk\/wp-json\/wp\/v2\/types\/post"}],"author":[{"embeddable":true,"href":"https:\/\/imagazine.it\/home_desk\/wp-json\/wp\/v2\/users\/28"}],"replies":[{"embeddable":true,"href":"https:\/\/imagazine.it\/home_desk\/wp-json\/wp\/v2\/comments?post=42837"}],"version-history":[{"count":0,"href":"https:\/\/imagazine.it\/home_desk\/wp-json\/wp\/v2\/posts\/42837\/revisions"}],"wp:featuredmedia":[{"embeddable":true,"href":"https:\/\/imagazine.it\/home_desk\/wp-json\/wp\/v2\/media\/42838"}],"wp:attachment":[{"href":"https:\/\/imagazine.it\/home_desk\/wp-json\/wp\/v2\/media?parent=42837"}],"wp:term":[{"taxonomy":"category","embeddable":true,"href":"https:\/\/imagazine.it\/home_desk\/wp-json\/wp\/v2\/categories?post=42837"},{"taxonomy":"post_tag","embeddable":true,"href":"https:\/\/imagazine.it\/home_desk\/wp-json\/wp\/v2\/tags?post=42837"}],"curies":[{"name":"wp","href":"https:\/\/api.w.org\/{rel}","templated":true}]}}