{"id":42831,"date":"2022-02-03T00:00:00","date_gmt":"2022-02-02T23:00:00","guid":{"rendered":"https:\/\/imagazine.it\/?p=42831"},"modified":"2022-02-03T00:00:00","modified_gmt":"2022-02-02T23:00:00","slug":"i-presepisti-di-cervignano-premiati-a-udine","status":"publish","type":"post","link":"https:\/\/imagazine.it\/home_desk\/i-presepisti-di-cervignano-premiati-a-udine\/","title":{"rendered":"I presepisti di Cervignano premiati a Udine"},"content":{"rendered":"<p> \tSuccesso per la prima partecipazione del <u><a href=\"http:\/\/www.imagazine.it\/notizie-trieste-gorizia-udine-friuli\/11279\" target=\"_blank\" rel=\"noopener\"><span style=\"color:#0000cd;\"><strong>Gruppo Presepisti del Duomo<\/strong> di <strong>Cervignano<\/strong><\/span><\/a><\/u> alla rassegna dei \u201c<em>100 Presepi al Citt\u00e0 Fiera di Udine<\/em>\u201d.<\/p>\n<p> \tDopo oltre un mese di esposizione hanno ricevuto dalla giuria, composta dai visitatori della rassegna, dalla votazione on-line e da una giuria tecnica, una menzione speciale per la categoria \u201cTradizionale\u201d, per la simbologia usata e il realismo dell\u2019opera, oltre a essersi aggiudicati una <em>gift card<\/em> del valore di 50 euro.<\/p>\n<p> \tUn successo per il grande lavoro che ha comportato la realizzazione del presepe partenopeo \u201cverticale\u201d.<\/p>\n<p> \tIl presepe partenopeo nasce dall&#39;usanza di ricreare presepi nelle case e nelle chiese, con caratteristiche e materiali vari a seconda delle diverse tradizioni, mantenendo per\u00f2 dei simboli comuni che vengono sempre perpetuati: il tempio, le montagne, la grotta, la Sacra Famiglia, il fuoco, il fiume, la fontana, il pozzo, gli angeli, il cielo stellato, la cometa, i pastori, le pecore, un tempio pagano, con una struttura rocciosa, elementi tipici del presepe di tradizione napoletana del &#39;700.<\/p>\n<p> \tLa struttura esposta era suddivisa in due parti: una parte comprendente il tempio pagano diroccato e la Nativit\u00e0, e l&#39;altra con scene di vita quotidiana.<\/p>\n<p> \tIl gruppo che lo scorso anno ha \u201cfatto faville\u201d, con passaggi anche in TV nazionale e durante i TG regionali, sta gi\u00e0 pensando al futuro: a breve ritorner\u00e0 con il \u201cPresepe Pasquale\u201d, mentre per i presepi natalizi (ne espongono tre) quello palestinese e quello partenopeo avranno leggere modifiche. Per quello popolare, infine, cambier\u00e0 la scenografia e qualche automatismo, una cosa comunque \u00e8 certa: rimarr\u00e0 la statuina del parroco don Sunuhe Marotta, che nella sua prima uscita ha avuto un grande successo.\u00a0\u00a0\u00a0\u00a0<\/p>\n","protected":false},"excerpt":{"rendered":"<p>Nella rassegna natalizia<\/p>\n","protected":false},"author":22,"featured_media":42832,"comment_status":"closed","ping_status":"closed","sticky":false,"template":"","format":"standard","meta":{"dwc-title":[],"dwc-content":[],"footnotes":""},"categories":[5],"tags":[],"class_list":["post-42831","post","type-post","status-publish","format-standard","has-post-thumbnail","hentry","category-attualita"],"rttpg_featured_image_url":{"full":["https:\/\/imagazine.it\/wp-content\/uploads\/2024\/01\/45935-1.webp",711,508,false],"landscape":["https:\/\/imagazine.it\/wp-content\/uploads\/2024\/01\/45935-1.webp",711,508,false],"portraits":["https:\/\/imagazine.it\/wp-content\/uploads\/2024\/01\/45935-1.webp",711,508,false],"thumbnail":["https:\/\/imagazine.it\/wp-content\/uploads\/2024\/01\/45935-1-150x150.webp",150,150,true],"medium":["https:\/\/imagazine.it\/wp-content\/uploads\/2024\/01\/45935-1-300x214.webp",300,214,true],"large":["https:\/\/imagazine.it\/wp-content\/uploads\/2024\/01\/45935-1.webp",640,457,false],"thumblist":["https:\/\/imagazine.it\/wp-content\/uploads\/2024\/01\/45935-1.webp",300,214,false],"thumbrelated":["https:\/\/imagazine.it\/wp-content\/uploads\/2024\/01\/45935-1.webp",500,357,false],"meccarouselthumb":["https:\/\/imagazine.it\/wp-content\/uploads\/2024\/01\/45935-1.webp",453,324,false],"gridsquare":["https:\/\/imagazine.it\/wp-content\/uploads\/2024\/01\/45935-1.webp",364,260,false],"tileview":["https:\/\/imagazine.it\/wp-content\/uploads\/2024\/01\/45935-1.webp",300,214,false],"1536x1536":["https:\/\/imagazine.it\/wp-content\/uploads\/2024\/01\/45935-1.webp",711,508,false],"2048x2048":["https:\/\/imagazine.it\/wp-content\/uploads\/2024\/01\/45935-1.webp",711,508,false],"newsup-slider-full":["https:\/\/imagazine.it\/wp-content\/uploads\/2024\/01\/45935-1.webp",711,508,false],"newsup-featured":["https:\/\/imagazine.it\/wp-content\/uploads\/2024\/01\/45935-1.webp",711,508,false],"newsup-medium":["https:\/\/imagazine.it\/wp-content\/uploads\/2024\/01\/45935-1-711x380.webp",711,380,true],"tptn_thumbnail":["https:\/\/imagazine.it\/wp-content\/uploads\/2024\/01\/45935-1.webp",250,179,false],"sow-carousel-default":["https:\/\/imagazine.it\/wp-content\/uploads\/2024\/01\/45935-1-272x182.webp",272,182,true]},"rttpg_author":{"display_name":"Livio Nonis","author_link":"https:\/\/imagazine.it\/home_desk\/author\/nonis\/"},"rttpg_comment":0,"rttpg_category":"<a href=\"https:\/\/imagazine.it\/home_desk\/category\/attualita\/\" rel=\"category tag\">ATTUALIT\u00c0<\/a>","rttpg_excerpt":"Nella rassegna natalizia","_links":{"self":[{"href":"https:\/\/imagazine.it\/home_desk\/wp-json\/wp\/v2\/posts\/42831","targetHints":{"allow":["GET"]}}],"collection":[{"href":"https:\/\/imagazine.it\/home_desk\/wp-json\/wp\/v2\/posts"}],"about":[{"href":"https:\/\/imagazine.it\/home_desk\/wp-json\/wp\/v2\/types\/post"}],"author":[{"embeddable":true,"href":"https:\/\/imagazine.it\/home_desk\/wp-json\/wp\/v2\/users\/22"}],"replies":[{"embeddable":true,"href":"https:\/\/imagazine.it\/home_desk\/wp-json\/wp\/v2\/comments?post=42831"}],"version-history":[{"count":0,"href":"https:\/\/imagazine.it\/home_desk\/wp-json\/wp\/v2\/posts\/42831\/revisions"}],"wp:featuredmedia":[{"embeddable":true,"href":"https:\/\/imagazine.it\/home_desk\/wp-json\/wp\/v2\/media\/42832"}],"wp:attachment":[{"href":"https:\/\/imagazine.it\/home_desk\/wp-json\/wp\/v2\/media?parent=42831"}],"wp:term":[{"taxonomy":"category","embeddable":true,"href":"https:\/\/imagazine.it\/home_desk\/wp-json\/wp\/v2\/categories?post=42831"},{"taxonomy":"post_tag","embeddable":true,"href":"https:\/\/imagazine.it\/home_desk\/wp-json\/wp\/v2\/tags?post=42831"}],"curies":[{"name":"wp","href":"https:\/\/api.w.org\/{rel}","templated":true}]}}