{"id":42803,"date":"2022-01-31T00:00:00","date_gmt":"2022-01-30T23:00:00","guid":{"rendered":"https:\/\/imagazine.it\/?p=42803"},"modified":"2022-01-31T00:00:00","modified_gmt":"2022-01-30T23:00:00","slug":"ritmica-tara-dragas-protagonista-allo-swirl-and-twirl","status":"publish","type":"post","link":"https:\/\/imagazine.it\/home_desk\/ritmica-tara-dragas-protagonista-allo-swirl-and-twirl\/","title":{"rendered":"Ritmica, Tara Draga\u0161 protagonista allo &#8220;Swirl and Twirl\u201d"},"content":{"rendered":"<p> \t<strong>Tara Draga\u0161<\/strong> ha sbaragliato la concorrenza della categoria junior A, conquistando il podio con un 1\u00b0 posto al cerchio, alla palla e al nastro, 2^ nelle clavette. 2^ posizione invece per <strong>Elena Perissinotto<\/strong> nella categoria senior A, raggiunta con un 2\u00b0 posto al cerchio, 1\u00b0 alle clavette, 5\u00b0 alla palla, 3\u00b0 al nastro. Le senior B <strong>Giulia Cancian<\/strong> e <strong>Arianna Cos<\/strong> sono arrivate rispettivamente 2^ e 4^; mentre le senior C <strong>Elena Pilosio<\/strong> 2^ e <strong>Margherita Muni<\/strong> 3^. Buone anche le prove delle allieve con <strong>Adele Asquini<\/strong> 2^ al nastro e 4^ in classica generale; <strong>Chiara Bernardis<\/strong> 1^ nel corpo libero; <strong>Cristina Fabro<\/strong> e <strong>Stella Iacumin<\/strong> 5^ e 6^, entrambe 1^ in coppia al cerchio e rispettivamente 1^ e 2^ alle clavette.<\/p>\n<p> \tSi \u00e8 concluso con questi risultati, per le farfalle bianconere, l\u2019<strong>International GR Tournament &#8220;Swirl and Twirl\u201d <\/strong>organizzato dall\u2019Associazione Sportiva Udinese grazie al sostegno dell\u2019omonimo sponsor.<\/p>\n<p> \tSabato 29 e domenica 30 gennaio a <strong>Udine<\/strong> le protagoniste sono state ginnaste, dagli 8 ai 23 anni, provenienti da <strong>Cile, Slovenia, Svizzera, Croazia, oltre che da 10 club italiani<\/strong>.<\/p>\n<p> \t\u00ab<em>\u00c8 stata un\u2019emozione riproporre il nostro Torneo di ginnastica ritmica dopo un anno di pausa <\/em>\u2013 ha spiegato il direttore generale dell\u2019Asu, <strong>Nicola Di Benedetto<\/strong> \u2013 <em>non era scontato riuscirci, visto il momento. Invece \u00e8 andato tutto molto bene. Non solo per i risultati delle nostre ragazze, con cui mi congratulo, ma anche per l\u2019organizzazione. Ci tengo a ringraziare tutto lo staff che si \u00e8 speso per questo importante appuntamento e voglio fare un plauso anche alle tecniche e alle atlete per aver rispettato con scrupolo tutte le regole, che sappiamo bene essere tante e rendere tutto molto pi\u00f9 macchinoso. Ora l\u2019auspicio \u00e8 che la prossima edizione possa tornare ai numeri del passato <\/em>\u2013 ha concluso &#8211;<em>, perch\u00e9 ci\u00f2 starebbe a significare che la pandemia oramai \u00e8 alle spalle<\/em>\u00bb.<\/p>\n<p> \tIn quest\u2019edizione, infatti, visto la delicatezza del momento, l\u2019Asu ha deciso di cambiare la formula originale del Torneo mettendo in pausa i workshop, tanto apprezzati e attesi dalle ginnaste, lasciando spazio solo alle gare.<\/p>\n","protected":false},"excerpt":{"rendered":"<p>Torneo internazionale a Udine<\/p>\n","protected":false},"author":28,"featured_media":42804,"comment_status":"closed","ping_status":"closed","sticky":false,"template":"","format":"standard","meta":{"dwc-title":[],"dwc-content":[],"footnotes":""},"categories":[38],"tags":[],"class_list":["post-42803","post","type-post","status-publish","format-standard","has-post-thumbnail","hentry","category-sport"],"rttpg_featured_image_url":{"full":["https:\/\/imagazine.it\/wp-content\/uploads\/2024\/01\/45859-1.webp",1000,799,false],"landscape":["https:\/\/imagazine.it\/wp-content\/uploads\/2024\/01\/45859-1.webp",1000,799,false],"portraits":["https:\/\/imagazine.it\/wp-content\/uploads\/2024\/01\/45859-1.webp",1000,799,false],"thumbnail":["https:\/\/imagazine.it\/wp-content\/uploads\/2024\/01\/45859-1-150x150.webp",150,150,true],"medium":["https:\/\/imagazine.it\/wp-content\/uploads\/2024\/01\/45859-1-300x240.webp",300,240,true],"large":["https:\/\/imagazine.it\/wp-content\/uploads\/2024\/01\/45859-1.webp",640,511,false],"thumblist":["https:\/\/imagazine.it\/wp-content\/uploads\/2024\/01\/45859-1.webp",300,240,false],"thumbrelated":["https:\/\/imagazine.it\/wp-content\/uploads\/2024\/01\/45859-1.webp",500,400,false],"meccarouselthumb":["https:\/\/imagazine.it\/wp-content\/uploads\/2024\/01\/45859-1.webp",406,324,false],"gridsquare":["https:\/\/imagazine.it\/wp-content\/uploads\/2024\/01\/45859-1.webp",325,260,false],"tileview":["https:\/\/imagazine.it\/wp-content\/uploads\/2024\/01\/45859-1.webp",300,240,false],"1536x1536":["https:\/\/imagazine.it\/wp-content\/uploads\/2024\/01\/45859-1.webp",1000,799,false],"2048x2048":["https:\/\/imagazine.it\/wp-content\/uploads\/2024\/01\/45859-1.webp",1000,799,false],"newsup-slider-full":["https:\/\/imagazine.it\/wp-content\/uploads\/2024\/01\/45859-1-1000x720.webp",1000,720,true],"newsup-featured":["https:\/\/imagazine.it\/wp-content\/uploads\/2024\/01\/45859-1.webp",1000,799,false],"newsup-medium":["https:\/\/imagazine.it\/wp-content\/uploads\/2024\/01\/45859-1-720x380.webp",720,380,true],"tptn_thumbnail":["https:\/\/imagazine.it\/wp-content\/uploads\/2024\/01\/45859-1.webp",250,200,false],"sow-carousel-default":["https:\/\/imagazine.it\/wp-content\/uploads\/2024\/01\/45859-1-272x182.webp",272,182,true]},"rttpg_author":{"display_name":"redazione","author_link":"https:\/\/imagazine.it\/home_desk\/author\/redazione\/"},"rttpg_comment":0,"rttpg_category":"<a href=\"https:\/\/imagazine.it\/home_desk\/category\/sport\/\" rel=\"category tag\">SPORT<\/a>","rttpg_excerpt":"Torneo internazionale a Udine","_links":{"self":[{"href":"https:\/\/imagazine.it\/home_desk\/wp-json\/wp\/v2\/posts\/42803","targetHints":{"allow":["GET"]}}],"collection":[{"href":"https:\/\/imagazine.it\/home_desk\/wp-json\/wp\/v2\/posts"}],"about":[{"href":"https:\/\/imagazine.it\/home_desk\/wp-json\/wp\/v2\/types\/post"}],"author":[{"embeddable":true,"href":"https:\/\/imagazine.it\/home_desk\/wp-json\/wp\/v2\/users\/28"}],"replies":[{"embeddable":true,"href":"https:\/\/imagazine.it\/home_desk\/wp-json\/wp\/v2\/comments?post=42803"}],"version-history":[{"count":0,"href":"https:\/\/imagazine.it\/home_desk\/wp-json\/wp\/v2\/posts\/42803\/revisions"}],"wp:featuredmedia":[{"embeddable":true,"href":"https:\/\/imagazine.it\/home_desk\/wp-json\/wp\/v2\/media\/42804"}],"wp:attachment":[{"href":"https:\/\/imagazine.it\/home_desk\/wp-json\/wp\/v2\/media?parent=42803"}],"wp:term":[{"taxonomy":"category","embeddable":true,"href":"https:\/\/imagazine.it\/home_desk\/wp-json\/wp\/v2\/categories?post=42803"},{"taxonomy":"post_tag","embeddable":true,"href":"https:\/\/imagazine.it\/home_desk\/wp-json\/wp\/v2\/tags?post=42803"}],"curies":[{"name":"wp","href":"https:\/\/api.w.org\/{rel}","templated":true}]}}