{"id":42799,"date":"2022-01-28T00:00:00","date_gmt":"2022-01-27T23:00:00","guid":{"rendered":"https:\/\/imagazine.it\/?p=42799"},"modified":"2022-01-28T00:00:00","modified_gmt":"2022-01-27T23:00:00","slug":"gli-albergatori-di-udine-fanno-squadra-per-accrescere-il-valore-del-territorio","status":"publish","type":"post","link":"https:\/\/imagazine.it\/home_desk\/gli-albergatori-di-udine-fanno-squadra-per-accrescere-il-valore-del-territorio\/","title":{"rendered":"Gli albergatori di Udine fanno squadra per accrescere il valore del territorio"},"content":{"rendered":"<p> \t\u201c<strong>Udine chiavi in mano<\/strong>\u201d \u00e8 il nome di un <strong>gruppo di lavoro<\/strong> formato da <strong>albergatori udinesi e da loro collaboratori<\/strong> che hanno deciso di <strong>collaborare e creare una rete<\/strong>.<\/p>\n<p> \tMa \u00e8 anche un <strong>impegno<\/strong> e una <strong>promessa<\/strong>, risultato di un <strong>corso di aggiornamento e formazione<\/strong> realizzato dalla <strong>Camera di Commercio Pordenone-Udine<\/strong> su proposta e in collaborazione con <strong>Confcommercio Udine<\/strong> e con l\u2019accompagnamento di <strong>PromoTurismo Fvg<\/strong>, nell\u2019ambito della progettualit\u00e0 legata a <strong>Mirabilia<\/strong> e ai siti Unesco per il settore del turismo.<\/p>\n<p> \tLa formazione, concretizzatasi tra novembre e dicembre 2021 e avviata con una fase di confronto e analisi di dati ed esperienze, ha visto dunque formarsi una <strong>squadra di una quindicina di persone<\/strong>, titolari e personale <strong>delle strutture ricettive udinesi <\/strong>Hotel Suite Inn, Hotel Continental, Hotel L\u00e0 di Moret, Hotel Clocchiatti Next, Hotel Allegria,\u00a0Hotel Friuli, Hotel Cristallo, Hotel Astoria Italia, Hotel al Vecchio Tram, Hotel Ambassador. Il metodo \u201cdall\u2019aula alla pratica\u201d \u00e8 stato possibile grazie alla conduzione del corso da parte di esperti docenti della societ\u00e0 di consulenza strategica Ebi Consulting di Legnano (Milano), di cui Elena Broggini \u00e8 coordinatrice.<\/p>\n<p> \tIl risultato dell\u2019impegno si \u00e8 tradotto in una prima serie di <strong>progetti per valorizzare la centralit\u00e0 e l\u2019unicit\u00e0 del territorio come leva per arricchire l\u2019offerta turistica e attrarre un 30% in pi\u00f9 di turisti italiani<\/strong>, avendo <strong>Udine come fulcro <\/strong>per <strong>spingere l\u2019intera regione<\/strong>.<\/p>\n<p> \tL\u2019ispirazione dei progetti studiati e presentati dal gruppo si \u00e8 riassunta in un <strong>concetto che \u00e8 diventato un hashtag<\/strong> perfettamente rappresentativo, hanno spiegato gli albergatori, dell\u2019\u00ab<strong>empatia friulana<\/strong>\u00bb, cio\u00e8 di quella capacit\u00e0 dei friulani, oltre la proverbiale \u201cscorza\u201d di riservatezza, di mettersi all\u2019ascolto, di aprire il cuore e \u201caccompagnare\u201d gli altri nel viaggio dell\u2019esperienza: \u201cCumbinin\u201d, scritto <strong>#cumbin\u00ecn<\/strong>, \u00abdiventa la chiave da consegnare agli ospiti degli alberghi per aprire la porta della citt\u00e0, dove saranno condotti per mano in un viaggio unico, fatto di luoghi e di persone speciali\u00bb, hanno spiegato gli albergatori\u00a0all\u2019incontro finale del corso, che si \u00e8 tenuto in <strong>Sala Valduga<\/strong> alla presenza anche del presidente camerale <strong>Giovanni Da Pozzo<\/strong>, dell\u2019assessore regionale al turismo e attivit\u00e0 produttive <strong>Sergio Bini<\/strong> (in videocollegamento), dalla presidente di Federalberghi <strong>Paola Schneider<\/strong> e dai rappresentanti di PromoTurismo Fvg.<\/p>\n<p> \t\u00abAbbiamo capito l\u2019importanza di <strong>creare una rete di imprese<\/strong> che lavorano per un unico obiettivo \u2013 hanno spiegato gli operatori \u2013, ma sar\u00e0 necessario anche ideare eventi e attivit\u00e0 che si colleghino al territorio e alle iniziative gi\u00e0 in atto, eventi di richiamo turistico, in ambito artistico, sportivo e culturale. Ed eventi ripetibili nel tempo\u00bb. \u00c8 infatti questa solo una prima fase di un percorso formativo e ideativo che vuole essere permanente e continuare a svilupparsi. E proprio la <strong>formazione<\/strong> \u00e8 stata al centro dell\u2019intervento del presidente <strong>Da Pozzo<\/strong>. \u00abUna formazione continua per i nostri operatori \u00e8 fondamentale per crescere, come dimostrato dai risultati di questa bella iniziativa \u2013 ha detto \u2013. La <strong>formazione specializzata e di qualit\u00e0<\/strong>, anche per il personale delle imprese, \u00e8 la chiave per <strong>garantire un\u2019offerta di servizi sempre pi\u00f9 efficienti<\/strong> e <strong>apprezzati<\/strong>. Su questo, come Cciaa, in collaborazione con la Regione, stiamo mettendo volont\u00e0 e impegno progettuale\u00bb.<\/p>\n<p> \tParole confermate dall\u2019assessore Bini, che ha insistito sulla capacit\u00e0 attrattiva di un\u2019offerta professionale, competente, di valore per s\u00e9 ma in grado di creare valore aggiuntivo per il territorio. Sia Bini sia Da Pozzo hanno evidenziato l\u2019importanza che dal corso sia emersa una rete tra imprese, il superamento del \u201cfasin di bessoi\u201d, per andare verso una collaborazione concreta, in grado di creare sviluppo.<\/p>\n<p> \t<strong>Gli operatori hanno anche studiato e presentato una prima tranche di idee progettuali per valorizzare la regione e accrescere l\u2019attrattivit\u00e0 turistica, facendo uscire lo spirito del Friuli attraverso luoghi, sapori, persone speciali e rappresentative. <\/strong><\/p>\n<p> \tIl percorso proseguir\u00e0 nei prossimi mesi.<\/p>\n","protected":false},"excerpt":{"rendered":"<p>#cumbin\u00ecn<\/p>\n","protected":false},"author":28,"featured_media":42800,"comment_status":"closed","ping_status":"closed","sticky":false,"template":"","format":"standard","meta":{"dwc-title":[],"dwc-content":[],"footnotes":""},"categories":[6],"tags":[],"class_list":["post-42799","post","type-post","status-publish","format-standard","has-post-thumbnail","hentry","category-societa"],"rttpg_featured_image_url":{"full":["https:\/\/imagazine.it\/wp-content\/uploads\/2024\/01\/45851-1.webp",1000,750,false],"landscape":["https:\/\/imagazine.it\/wp-content\/uploads\/2024\/01\/45851-1.webp",1000,750,false],"portraits":["https:\/\/imagazine.it\/wp-content\/uploads\/2024\/01\/45851-1.webp",1000,750,false],"thumbnail":["https:\/\/imagazine.it\/wp-content\/uploads\/2024\/01\/45851-1-150x150.webp",150,150,true],"medium":["https:\/\/imagazine.it\/wp-content\/uploads\/2024\/01\/45851-1-300x225.webp",300,225,true],"large":["https:\/\/imagazine.it\/wp-content\/uploads\/2024\/01\/45851-1.webp",640,480,false],"thumblist":["https:\/\/imagazine.it\/wp-content\/uploads\/2024\/01\/45851-1.webp",300,225,false],"thumbrelated":["https:\/\/imagazine.it\/wp-content\/uploads\/2024\/01\/45851-1.webp",500,375,false],"meccarouselthumb":["https:\/\/imagazine.it\/wp-content\/uploads\/2024\/01\/45851-1.webp",432,324,false],"gridsquare":["https:\/\/imagazine.it\/wp-content\/uploads\/2024\/01\/45851-1.webp",347,260,false],"tileview":["https:\/\/imagazine.it\/wp-content\/uploads\/2024\/01\/45851-1.webp",300,225,false],"1536x1536":["https:\/\/imagazine.it\/wp-content\/uploads\/2024\/01\/45851-1.webp",1000,750,false],"2048x2048":["https:\/\/imagazine.it\/wp-content\/uploads\/2024\/01\/45851-1.webp",1000,750,false],"newsup-slider-full":["https:\/\/imagazine.it\/wp-content\/uploads\/2024\/01\/45851-1-1000x720.webp",1000,720,true],"newsup-featured":["https:\/\/imagazine.it\/wp-content\/uploads\/2024\/01\/45851-1.webp",1000,750,false],"newsup-medium":["https:\/\/imagazine.it\/wp-content\/uploads\/2024\/01\/45851-1-720x380.webp",720,380,true],"tptn_thumbnail":["https:\/\/imagazine.it\/wp-content\/uploads\/2024\/01\/45851-1.webp",250,188,false],"sow-carousel-default":["https:\/\/imagazine.it\/wp-content\/uploads\/2024\/01\/45851-1-272x182.webp",272,182,true]},"rttpg_author":{"display_name":"redazione","author_link":"https:\/\/imagazine.it\/home_desk\/author\/redazione\/"},"rttpg_comment":0,"rttpg_category":"<a href=\"https:\/\/imagazine.it\/home_desk\/category\/societa\/\" rel=\"category tag\">SOCIET\u00c0<\/a>","rttpg_excerpt":"#cumbin\u00ecn","_links":{"self":[{"href":"https:\/\/imagazine.it\/home_desk\/wp-json\/wp\/v2\/posts\/42799","targetHints":{"allow":["GET"]}}],"collection":[{"href":"https:\/\/imagazine.it\/home_desk\/wp-json\/wp\/v2\/posts"}],"about":[{"href":"https:\/\/imagazine.it\/home_desk\/wp-json\/wp\/v2\/types\/post"}],"author":[{"embeddable":true,"href":"https:\/\/imagazine.it\/home_desk\/wp-json\/wp\/v2\/users\/28"}],"replies":[{"embeddable":true,"href":"https:\/\/imagazine.it\/home_desk\/wp-json\/wp\/v2\/comments?post=42799"}],"version-history":[{"count":0,"href":"https:\/\/imagazine.it\/home_desk\/wp-json\/wp\/v2\/posts\/42799\/revisions"}],"wp:featuredmedia":[{"embeddable":true,"href":"https:\/\/imagazine.it\/home_desk\/wp-json\/wp\/v2\/media\/42800"}],"wp:attachment":[{"href":"https:\/\/imagazine.it\/home_desk\/wp-json\/wp\/v2\/media?parent=42799"}],"wp:term":[{"taxonomy":"category","embeddable":true,"href":"https:\/\/imagazine.it\/home_desk\/wp-json\/wp\/v2\/categories?post=42799"},{"taxonomy":"post_tag","embeddable":true,"href":"https:\/\/imagazine.it\/home_desk\/wp-json\/wp\/v2\/tags?post=42799"}],"curies":[{"name":"wp","href":"https:\/\/api.w.org\/{rel}","templated":true}]}}