{"id":42781,"date":"2022-01-27T00:00:00","date_gmt":"2022-01-26T23:00:00","guid":{"rendered":"https:\/\/imagazine.it\/?p=42781"},"modified":"2022-01-27T00:00:00","modified_gmt":"2022-01-26T23:00:00","slug":"trieste-celebra-joyce-a-100-anni-dallulisse","status":"publish","type":"post","link":"https:\/\/imagazine.it\/home_desk\/trieste-celebra-joyce-a-100-anni-dallulisse\/","title":{"rendered":"Trieste celebra Joyce a 100 anni dall&#8217;Ulisse"},"content":{"rendered":"<p> \tQuest\u2019anno James Joyce compirebbe 140 anni e, lo stesso giorno, il suo <strong>Ulisse ne compie 100 di anni<\/strong>.<\/p>\n<p> \tEra il 2 febbraio 1882 quando lo scrittore nacque a Dublino, e sempre il 2 febbraio ma del 1922 quando, quello che sarebbe diventato il suo romanzo pi\u00f9 celebre, fu pubblicato. Un\u2019opera intensa che Joyce concep\u00ec e <strong>inizi\u00f2 a scrivere proprio a Trieste<\/strong>, sua citt\u00e0 d\u2019adozione dove visse per oltre un decennio, e che in occasione di questo centenario ha in serbo numerose iniziative per rendere omaggio al profondo legame tra la citt\u00e0 e l\u2019autore.<\/p>\n<p> \t\u00a0<strong>Trieste la citt\u00e0 di Joyce<\/strong><\/p>\n<p> \t<strong>\u201cLa mia anima \u00e8 a Trieste\u201d scrive Joyce<\/strong>, lo scrittore che unisce l\u2019alto e il basso di Trieste, frequentando in egual modo la borghesia, che abitava nei palazzi neoclassici del Borgo Teresiano, e il quartiere Cavana, sede della \u201cnight life\u201d triestina. L\u2019autore arriv\u00f2 a Trieste nel 1904 e da subito fu inebriato e affascinato dalla citt\u00e0 e dai suoi contrasti. Una citt\u00e0 dal cuore marinaro, con un porto dinamico, completamente affacciata sul mare, incrocio di culture ed estremamente elegante. Da un lato l\u2019austera facciata asburgica con gli edifici signorili, dall\u2019altro lo stile di vita mitteleuropeo dei triestini, i caff\u00e8 letterari che all\u2019epoca erano luoghi di ritrovo per letterati e artisti, la multiculturalit\u00e0 della citt\u00e0, tutti elementi fonte di grande ispirazione per l\u2019autore. A Trieste Joyce termin\u00f2 Gente di Dublino, scrisse Ritratto dell&#39;artista da giovane, ide\u00f2 e stese i primi tre capitoli dell\u2019Ulisse.<\/p>\n<p> \t<strong>Trieste la citt\u00e0 per Joyce<\/strong><\/p>\n<p> \tIl profondo legame tra Trieste e Joyce sar\u00e0 omaggiato durante tutto l\u2019anno attraverso varie iniziative promosse dal <strong>Trieste Convention and Visitors Bureau <\/strong>con l\u2019obiettivo di attrarre sempre pi\u00f9 visitatori in citt\u00e0 e accompagnarli alla scoperta della Trieste dell\u2019Ulisse. Tra le varie proposte, si terranno <strong>speciali itinerari<\/strong> a piedi sulle tracce dello scrittore tra i luoghi del suo vissuto, come il Borgo Teresiano dove sul Ponterosso \u00e8 collocata la sua statua, Piazza Barbacan, la Chiesa greco-ortodossa di S. Nicol\u00f2, le vie dove si trovano le numerose case in cui visse o il quartiere Cavana, che Joyce amava frequentare e in cui si trova il percorso con scritte d\u2019artista di <strong>Neon Art<\/strong> a lui dedicate che fanno parte di <em>Doublin<\/em>, progetto ideato e inaugurato nel 2019 dall\u2019Associazione culturale Cizerouno e DMAV Social Art Ensamble e che \u201craddoppiano\u201d (<em>doubling<\/em> in inglese) il \u201cred district\u201d dublinese sovrapponendolo alla Night Town triestina. <em>Ulysses, Doublin <\/em>sono alcune delle scritte visibili. Di recente \u00e8 stata aggiunta <em>Montgomery Street<\/em> la \u201cMonto\u201d descritta nell\u2019episodio <em>Circe<\/em>.<\/p>\n<p> \t<strong>Le visite alla scoperta di Joyce inizieranno sabato 29 gennaio<\/strong> per avere cadenza fissa il sabato alle ore 10.30 e alle 16 con partenza dall\u2019infopoint di PromoTurismoFVG di Piazza Unit\u00e0 d\u2019Italia 4\/b al costo di 10,00 euro e gratuit\u00e0 con FVGcard, la discovery card del Friuli Venezia Giulia (per maggiori informazioni scrivere a <a href=\"mailto:info.trieste@promoturismo.fvg.it\" target=\"_blank\" rel=\"noopener\">info.trieste@promoturismo.fvg.<wbr \/>it<\/a> o chiamare allo 040 3478312).<\/p>\n<p> \tMentre a giugno, in occasione del <strong>Bloomsday<\/strong>, che viene festeggiato in tutto il mondo il 16 giugno per celebrare l\u2019Ulisse, sar\u00e0 possibile vivere in prima persona il romanzo attraverso iniziative e attivit\u00e0 organizzate a Trieste per una quattro giorni. Dalla colazione preferita da Leopold Bloom, protagonista del romanzo, a concerti a Ponterosso, con anche la possibilit\u00e0 di indossare gli abiti dell\u2019epoca.<\/p>\n","protected":false},"excerpt":{"rendered":"<p>In programma eventi e iniziative<\/p>\n","protected":false},"author":28,"featured_media":42782,"comment_status":"closed","ping_status":"closed","sticky":false,"template":"","format":"standard","meta":{"dwc-title":[],"dwc-content":[],"footnotes":""},"categories":[8],"tags":[],"class_list":["post-42781","post","type-post","status-publish","format-standard","has-post-thumbnail","hentry","category-turismo"],"rttpg_featured_image_url":{"full":["https:\/\/imagazine.it\/wp-content\/uploads\/2024\/01\/45814-1.webp",1000,667,false],"landscape":["https:\/\/imagazine.it\/wp-content\/uploads\/2024\/01\/45814-1.webp",1000,667,false],"portraits":["https:\/\/imagazine.it\/wp-content\/uploads\/2024\/01\/45814-1.webp",1000,667,false],"thumbnail":["https:\/\/imagazine.it\/wp-content\/uploads\/2024\/01\/45814-1-150x150.webp",150,150,true],"medium":["https:\/\/imagazine.it\/wp-content\/uploads\/2024\/01\/45814-1-300x200.webp",300,200,true],"large":["https:\/\/imagazine.it\/wp-content\/uploads\/2024\/01\/45814-1.webp",640,427,false],"thumblist":["https:\/\/imagazine.it\/wp-content\/uploads\/2024\/01\/45814-1.webp",300,200,false],"thumbrelated":["https:\/\/imagazine.it\/wp-content\/uploads\/2024\/01\/45814-1.webp",500,334,false],"meccarouselthumb":["https:\/\/imagazine.it\/wp-content\/uploads\/2024\/01\/45814-1.webp",474,316,false],"gridsquare":["https:\/\/imagazine.it\/wp-content\/uploads\/2024\/01\/45814-1.webp",391,260,false],"tileview":["https:\/\/imagazine.it\/wp-content\/uploads\/2024\/01\/45814-1.webp",300,200,false],"1536x1536":["https:\/\/imagazine.it\/wp-content\/uploads\/2024\/01\/45814-1.webp",1000,667,false],"2048x2048":["https:\/\/imagazine.it\/wp-content\/uploads\/2024\/01\/45814-1.webp",1000,667,false],"newsup-slider-full":["https:\/\/imagazine.it\/wp-content\/uploads\/2024\/01\/45814-1.webp",1000,667,false],"newsup-featured":["https:\/\/imagazine.it\/wp-content\/uploads\/2024\/01\/45814-1.webp",1000,667,false],"newsup-medium":["https:\/\/imagazine.it\/wp-content\/uploads\/2024\/01\/45814-1-720x380.webp",720,380,true],"tptn_thumbnail":["https:\/\/imagazine.it\/wp-content\/uploads\/2024\/01\/45814-1.webp",250,167,false],"sow-carousel-default":["https:\/\/imagazine.it\/wp-content\/uploads\/2024\/01\/45814-1-272x182.webp",272,182,true]},"rttpg_author":{"display_name":"redazione","author_link":"https:\/\/imagazine.it\/home_desk\/author\/redazione\/"},"rttpg_comment":0,"rttpg_category":"<a href=\"https:\/\/imagazine.it\/home_desk\/category\/turismo\/\" rel=\"category tag\">TURISMO<\/a>","rttpg_excerpt":"In programma eventi e iniziative","_links":{"self":[{"href":"https:\/\/imagazine.it\/home_desk\/wp-json\/wp\/v2\/posts\/42781","targetHints":{"allow":["GET"]}}],"collection":[{"href":"https:\/\/imagazine.it\/home_desk\/wp-json\/wp\/v2\/posts"}],"about":[{"href":"https:\/\/imagazine.it\/home_desk\/wp-json\/wp\/v2\/types\/post"}],"author":[{"embeddable":true,"href":"https:\/\/imagazine.it\/home_desk\/wp-json\/wp\/v2\/users\/28"}],"replies":[{"embeddable":true,"href":"https:\/\/imagazine.it\/home_desk\/wp-json\/wp\/v2\/comments?post=42781"}],"version-history":[{"count":0,"href":"https:\/\/imagazine.it\/home_desk\/wp-json\/wp\/v2\/posts\/42781\/revisions"}],"wp:featuredmedia":[{"embeddable":true,"href":"https:\/\/imagazine.it\/home_desk\/wp-json\/wp\/v2\/media\/42782"}],"wp:attachment":[{"href":"https:\/\/imagazine.it\/home_desk\/wp-json\/wp\/v2\/media?parent=42781"}],"wp:term":[{"taxonomy":"category","embeddable":true,"href":"https:\/\/imagazine.it\/home_desk\/wp-json\/wp\/v2\/categories?post=42781"},{"taxonomy":"post_tag","embeddable":true,"href":"https:\/\/imagazine.it\/home_desk\/wp-json\/wp\/v2\/tags?post=42781"}],"curies":[{"name":"wp","href":"https:\/\/api.w.org\/{rel}","templated":true}]}}