{"id":42774,"date":"2022-01-25T00:00:00","date_gmt":"2022-01-24T23:00:00","guid":{"rendered":"https:\/\/imagazine.it\/?p=42774"},"modified":"2022-01-25T00:00:00","modified_gmt":"2022-01-24T23:00:00","slug":"un-canale-youtube-in-friulano-fatto-dai-ragazzi","status":"publish","type":"post","link":"https:\/\/imagazine.it\/home_desk\/un-canale-youtube-in-friulano-fatto-dai-ragazzi\/","title":{"rendered":"Un canale YouTube in friulano fatto dai ragazzi"},"content":{"rendered":"<p> \tSi chiama <u><strong><a href=\"https:\/\/www.youtube.com\/c\/YouPalTubo\" target=\"_blank\" rel=\"noopener\"><span style=\"color:#0000cd;\">YOUpalTUBO<\/span><\/a><\/strong><\/u> l\u2019iniziativa fatta dai giovani, per i giovani: otto ragazzi fra i 20 e i 28 anni che raccontano su YouTube le loro passioni, le pi\u00f9 disparate, rivolgendosi ai loro coetanei, coinvolgendoli attraverso dei video in cui l\u2019ironia \u00e8 l\u2019ingrediente principale.<\/p>\n<p> \tNei mesi scorsi l\u2019<strong>ARLeF<\/strong> &#8211; Agjenzie Regjon\u00e2l pe Lenghe Furlane ha lanciato in rete una \u201ccall\u201d con l\u2019obiettivo di trovare ragazzi che avessero voglia di raccontarsi e condividere i propri interessi, in friulano, ma non solo. Ne \u00e8 nata una piccola \u201csquadra\u201d di <em>youtubers<\/em>. Un gruppo eterogeneo per capacit\u00e0 linguistica (non tutti, volutamente, sanno il friulano alla perfezione), et\u00e0, passioni, impiego e luogo di provenienza (Fanna, Tolmezzo, Ragogna, Basiliano, Udine, Rizzolo, San Daniele del Friuli), ma che presto si \u00e8 ben amalgamato ed \u00e8 stato capace di creare format divertenti per affrontare i temi pi\u00f9 diversi.<\/p>\n<p> \tAttraverso questo<strong> nuovo canale<\/strong> <strong>YouTube<\/strong> i ragazzi potranno informarsi e informare, imparare e insegnare, prendere o dare ispirazione, ciascuno con il proprio e personale stile. Sono infatti proprio loro che hanno scelto i temi da trattare, le modalit\u00e0 in cui farlo, per dare forma e struttura a un \u201cluogo\u201d nuovo che al momento conta una manciata di video, ma che andr\u00e0 a crescere settimana dopo settimana.<\/p>\n<p> \t\u00ab<em>YOUpalTUBO<\/em> \u00e8 un\u2019iniziativa molto utile per diffondere la lingua friulana nelle giovani generazioni e mi complimento con ARLeF per come \u00e8 stata strutturata e soprattutto per il target a cui si rivolge: per salvaguardare la lingua friulana occorre diversificare i mezzi ed \u00e8 bene trovare canali che non hanno confini territoriali\u00bb, ha sottolineato l\u2019assessore regionale alle Lingue minoritarie e corregionali all\u2019estero <strong>Pierpaolo Roberti<\/strong>, in occasione della conferenza stampa di presentazione del progetto, che si \u00e8 svolta nella sede di Udine della Regione Fvg.\u00a0\u00abPenso ai ragazzi che sono all\u2019estero \u2013 ha aggiunto \u2013. Trovo molto appropriata la scelta di rendere protagonisti anche chi non padroneggia perfettamente il friulano, perch\u00e9 questo potr\u00e0 facilitare in molti l\u2019immedesimazione e quindi la voglia di iniziare a parlarlo senza problemi\u00bb.<\/p>\n<p> \tRoberti ha indicato la collaborazione con l\u2019Ente Friuli nel mondo \u2013 presente alla conferenza stampa il presidente <strong>Loris Basso<\/strong> \u2013 molto importante \u00abaffinch\u00e9 il canale venga diffuso tra le giovani generazioni di friulani all\u2019estero\u00bb.<\/p>\n<p> \t\u00ab<em>Come previsto dal \u201cPiano generale di politica linguistica per la lingua friulana 2021-25\u201d rendiamo ancor pi\u00f9 articolato il percorso di coinvolgimento dei nativi digitali. Un interlocutore a cui guardiamo con particolare attenzione e interesse, del quale abbiamo analizzato le attitudini e le passioni<\/em>\u00bb, ha ricordato il presidente dell\u2019ARLeF, <strong>Eros Cisilino<\/strong>. \u00ab<em>YouTube \u00e8 senz\u2019altro uno strumento che utilizzano con una certa assiduit\u00e0. Per questo abbiamo deciso di affiancare a quello istituzionale un altro canale fatto direttamente dai ragazzi, capaci di dialogare con i loro coevi usando il giusto tono e la necessaria leggerezza nel trattare tematiche di comune interesse. Abbiamo anche voluto che la squadra di youtubers fosse eterogenea, anche in termini di capacit\u00e0 linguistiche. YOUpalTUBO, infatti, vuole essere uno spazio aperto a tutti. Per chi il friulano lo sa bene e per chi lo \u201cmastica\u201d appena. Un luogo virtuale dove poter imparare e divertirsi, scoprire nuove cose sul Friuli, i friulani e il friulano, ma nel quale \u00e8 possibile anche giocare. \u00c8 quindi uno spazio alla portata di chiunque<\/em>\u00bb.<\/p>\n<p> \tAnche gli youtubers si sono detti entusiasti dell\u2019esperienza che stanno vivendo. <strong>Fabio Valvason<\/strong> lo ritiene \u00ab<em>un nuovo inizio per tenerci stretta la nostra cultura e soprattutto mostrare anche agli altri quanto \u00e8 importante<\/em>\u00bb. Dello stesso avviso anche <strong>Mattia Cantarutti <\/strong>e <strong>Federico Iob<\/strong>, nonostante non siano \u00ab<em>i migliori a parlare friulano, l&#39;abbiamo sempre ritenuta una lingua &#8220;di casa&#8221; ed \u00e8 quindi molto importante riuscire a darle il giusto valore<\/em>\u00bb.<\/p>\n<p> \tAnche secondo <strong>Diego Scarsini<\/strong> \u00ab<em>il friulano \u00e8 un patrimonio, capirlo un onore e saperlo parlare una fortuna, che bisogna condividere<\/em>\u00bb<em>. <\/em>Per <strong>Davide Buccheri<\/strong> si tratta di \u00ab<em>un&#39;esperienza stimolante, dinamica e capace di unire tradizione e innovazione<\/em>\u00bb, ma anche \u00ab<em>una bella opportunit\u00e0 per mostrare le bellezze e le diversit\u00e0 del Friuli e della nostra lingua<\/em>\u00bb, come ha ricordato <strong>Lucia Bello<\/strong>. Un\u2019iniziativa supportata anche dall&#39;aiuto di professionisti che \u00ab<em>permette di avere un prodotto qualitativamente elevato<\/em>\u00bb, ha precisato <strong>Federico Benedet, <\/strong>non nuovo a questo tipo di attivit\u00e0. In chiusura <strong>Francesco Colombino<\/strong> ha detto di sapere \u00ab<em>fin da subito che sarebbe stato un progetto importante e divertente, soprattutto per i compagni che ho trovato. Ad ogni modo, \u00e8 sempre bello raccontare il proprio territorio, qualunque sia l&#39;argomento, ma \u00e8 ancor pi\u00f9 interessante farlo in lingua friulana<\/em>\u00bb.<\/p>\n<p> \t\u00a0<\/p>\n<p> \t<strong>I ragazzi di <u><a href=\"https:\/\/www.youtube.com\/c\/YouPalTubo\" target=\"_blank\" rel=\"noopener\"><span style=\"color:#0000cd;\">YouPalTubo<\/span><\/a><\/u><\/strong><\/p>\n<p> \tLucia Bello<\/p>\n<p> \tFederico Benedet<\/p>\n<p> \tDavide Buccheri<\/p>\n<p> \tMattia Cantarutti<\/p>\n<p> \tFrancesco Colombino<\/p>\n<p> \tFederico Iob<\/p>\n<p> \tDiego Scarsini<\/p>\n<p> \tFabio Valvason<\/p>\n","protected":false},"excerpt":{"rendered":"<p>YOUpalTUBO<\/p>\n","protected":false},"author":28,"featured_media":42775,"comment_status":"closed","ping_status":"closed","sticky":false,"template":"","format":"standard","meta":{"dwc-title":[],"dwc-content":[],"footnotes":""},"categories":[6],"tags":[],"class_list":["post-42774","post","type-post","status-publish","format-standard","has-post-thumbnail","hentry","category-societa"],"rttpg_featured_image_url":{"full":["https:\/\/imagazine.it\/wp-content\/uploads\/2024\/01\/45799-1.webp",1000,667,false],"landscape":["https:\/\/imagazine.it\/wp-content\/uploads\/2024\/01\/45799-1.webp",1000,667,false],"portraits":["https:\/\/imagazine.it\/wp-content\/uploads\/2024\/01\/45799-1.webp",1000,667,false],"thumbnail":["https:\/\/imagazine.it\/wp-content\/uploads\/2024\/01\/45799-1-150x150.webp",150,150,true],"medium":["https:\/\/imagazine.it\/wp-content\/uploads\/2024\/01\/45799-1-300x200.webp",300,200,true],"large":["https:\/\/imagazine.it\/wp-content\/uploads\/2024\/01\/45799-1.webp",640,427,false],"thumblist":["https:\/\/imagazine.it\/wp-content\/uploads\/2024\/01\/45799-1.webp",300,200,false],"thumbrelated":["https:\/\/imagazine.it\/wp-content\/uploads\/2024\/01\/45799-1.webp",500,334,false],"meccarouselthumb":["https:\/\/imagazine.it\/wp-content\/uploads\/2024\/01\/45799-1.webp",474,316,false],"gridsquare":["https:\/\/imagazine.it\/wp-content\/uploads\/2024\/01\/45799-1.webp",391,260,false],"tileview":["https:\/\/imagazine.it\/wp-content\/uploads\/2024\/01\/45799-1.webp",300,200,false],"1536x1536":["https:\/\/imagazine.it\/wp-content\/uploads\/2024\/01\/45799-1.webp",1000,667,false],"2048x2048":["https:\/\/imagazine.it\/wp-content\/uploads\/2024\/01\/45799-1.webp",1000,667,false],"newsup-slider-full":["https:\/\/imagazine.it\/wp-content\/uploads\/2024\/01\/45799-1.webp",1000,667,false],"newsup-featured":["https:\/\/imagazine.it\/wp-content\/uploads\/2024\/01\/45799-1.webp",1000,667,false],"newsup-medium":["https:\/\/imagazine.it\/wp-content\/uploads\/2024\/01\/45799-1-720x380.webp",720,380,true],"tptn_thumbnail":["https:\/\/imagazine.it\/wp-content\/uploads\/2024\/01\/45799-1.webp",250,167,false],"sow-carousel-default":["https:\/\/imagazine.it\/wp-content\/uploads\/2024\/01\/45799-1-272x182.webp",272,182,true]},"rttpg_author":{"display_name":"redazione","author_link":"https:\/\/imagazine.it\/home_desk\/author\/redazione\/"},"rttpg_comment":0,"rttpg_category":"<a href=\"https:\/\/imagazine.it\/home_desk\/category\/societa\/\" rel=\"category tag\">SOCIET\u00c0<\/a>","rttpg_excerpt":"YOUpalTUBO","_links":{"self":[{"href":"https:\/\/imagazine.it\/home_desk\/wp-json\/wp\/v2\/posts\/42774","targetHints":{"allow":["GET"]}}],"collection":[{"href":"https:\/\/imagazine.it\/home_desk\/wp-json\/wp\/v2\/posts"}],"about":[{"href":"https:\/\/imagazine.it\/home_desk\/wp-json\/wp\/v2\/types\/post"}],"author":[{"embeddable":true,"href":"https:\/\/imagazine.it\/home_desk\/wp-json\/wp\/v2\/users\/28"}],"replies":[{"embeddable":true,"href":"https:\/\/imagazine.it\/home_desk\/wp-json\/wp\/v2\/comments?post=42774"}],"version-history":[{"count":0,"href":"https:\/\/imagazine.it\/home_desk\/wp-json\/wp\/v2\/posts\/42774\/revisions"}],"wp:featuredmedia":[{"embeddable":true,"href":"https:\/\/imagazine.it\/home_desk\/wp-json\/wp\/v2\/media\/42775"}],"wp:attachment":[{"href":"https:\/\/imagazine.it\/home_desk\/wp-json\/wp\/v2\/media?parent=42774"}],"wp:term":[{"taxonomy":"category","embeddable":true,"href":"https:\/\/imagazine.it\/home_desk\/wp-json\/wp\/v2\/categories?post=42774"},{"taxonomy":"post_tag","embeddable":true,"href":"https:\/\/imagazine.it\/home_desk\/wp-json\/wp\/v2\/tags?post=42774"}],"curies":[{"name":"wp","href":"https:\/\/api.w.org\/{rel}","templated":true}]}}