{"id":42760,"date":"2022-01-23T00:00:00","date_gmt":"2022-01-22T23:00:00","guid":{"rendered":"https:\/\/imagazine.it\/?p=42760"},"modified":"2022-01-23T00:00:00","modified_gmt":"2022-01-22T23:00:00","slug":"cattolici-e-ortodossi-pregano-insieme-a-cervignano","status":"publish","type":"post","link":"https:\/\/imagazine.it\/home_desk\/cattolici-e-ortodossi-pregano-insieme-a-cervignano\/","title":{"rendered":"Cattolici e ortodossi pregano insieme a Cervignano"},"content":{"rendered":"<p> \tDal 18 al 25 gennaio si svolge la Settimana di preghiera per l&#39;unit\u00e0 dei cristiani, iniziativa promossa dal Pontificio Consiglio per la Promozione dell&#39;Unit\u00e0 dei Cristiani.<\/p>\n<p> \tL&#39;evento annuale si propone di far incontrare nella preghiera le diverse confessioni cristiane con l&#39;obiettivo di creare legami concreti di conoscenza reciproca.<\/p>\n<p> \tDurante questa Settimana di preghiera, i cristiani di tutto il mondo, appartenenti a diverse tradizioni e confessioni, si riuniscono spiritualmente per pregare per l\u2019unit\u00e0 della Chiesa. Il sussidio di preghiera e la celebrazione ecumenica di quest\u2019anno sono stati preparati dal Consiglio delle chiese del Medio Oriente.<\/p>\n<p> \tNella diocesi di Gorizia oltre alla Chiesa Cattolica \u00e8 presente la Chiesa Metodista a <strong>Gorizia<\/strong> e la Chiesa Ortodossa Romena a <strong>Cervignano<\/strong> e <strong>Monfalcone<\/strong>.<\/p>\n<p> \tL&#39;arcivescovo di Gorizia, Carlo Roberto Maria Redaelli, sostiene l&#39;ecumenismo considerandolo una ricchezza e una priorit\u00e0 pastorale: ha spinto quindi alla realizzazione di momenti di preghiera nei diversi territori della diocesi.<\/p>\n<p> \tA Cervignano la Celebrazione Ecumenica si \u00e8 tenuta in Duomo sabato 22 gennaio, presieduta dal parroco <strong>don Sinuhe Marotta<\/strong> e da <strong>padre Gabriel Munteanu<\/strong>. Nella sua semplicit\u00e0 la celebrazione ha saputo valorizzare le due comunit\u00e0 &#8211; cattolica e ortodossa &#8211; che da anni ormai si conoscono e si stimano, ma anche le diverse modalit\u00e0 di preghiera.<\/p>\n<p> \tA padre Gabriel lo spazio dell&#39;omelia: \u201cDi fronte alla presenza incessante di morte del nostro tempo, come cristiani siamo chiamati a sentirci fratelli e sorelle coraggiosi, per unirci alla preghiera di fronte a colui che ci illumina la strada. Per costruire un futuro di pace\u201d.<\/p>\n<p> \tLa nutrita presenza di fedeli di entrambe le confessioni dimostra il desiderio di unit\u00e0 di una comunit\u00e0, quella di Cervignano, da sempre dedita all&#39;accoglienza e alla condivisione.<\/p>\n<p> \tAl termine della celebrazione, nel commiato, si \u00e8 condiviso un desiderio comune: che questi appuntamenti, in futuro, possano ripetersi in diversi momenti dell&#39;anno.<\/p>\n","protected":false},"excerpt":{"rendered":"<p>Nella Settimana per l&#8217;unit\u00e0 dei cristiani<\/p>\n","protected":false},"author":22,"featured_media":42761,"comment_status":"closed","ping_status":"closed","sticky":false,"template":"","format":"standard","meta":{"dwc-title":[],"dwc-content":[],"footnotes":""},"categories":[5],"tags":[],"class_list":["post-42760","post","type-post","status-publish","format-standard","has-post-thumbnail","hentry","category-attualita"],"rttpg_featured_image_url":{"full":["https:\/\/imagazine.it\/wp-content\/uploads\/2024\/01\/45778-1.webp",1000,748,false],"landscape":["https:\/\/imagazine.it\/wp-content\/uploads\/2024\/01\/45778-1.webp",1000,748,false],"portraits":["https:\/\/imagazine.it\/wp-content\/uploads\/2024\/01\/45778-1.webp",1000,748,false],"thumbnail":["https:\/\/imagazine.it\/wp-content\/uploads\/2024\/01\/45778-1-150x150.webp",150,150,true],"medium":["https:\/\/imagazine.it\/wp-content\/uploads\/2024\/01\/45778-1-300x224.webp",300,224,true],"large":["https:\/\/imagazine.it\/wp-content\/uploads\/2024\/01\/45778-1.webp",640,479,false],"thumblist":["https:\/\/imagazine.it\/wp-content\/uploads\/2024\/01\/45778-1.webp",300,224,false],"thumbrelated":["https:\/\/imagazine.it\/wp-content\/uploads\/2024\/01\/45778-1.webp",500,374,false],"meccarouselthumb":["https:\/\/imagazine.it\/wp-content\/uploads\/2024\/01\/45778-1.webp",433,324,false],"gridsquare":["https:\/\/imagazine.it\/wp-content\/uploads\/2024\/01\/45778-1.webp",348,260,false],"tileview":["https:\/\/imagazine.it\/wp-content\/uploads\/2024\/01\/45778-1.webp",300,224,false],"1536x1536":["https:\/\/imagazine.it\/wp-content\/uploads\/2024\/01\/45778-1.webp",1000,748,false],"2048x2048":["https:\/\/imagazine.it\/wp-content\/uploads\/2024\/01\/45778-1.webp",1000,748,false],"newsup-slider-full":["https:\/\/imagazine.it\/wp-content\/uploads\/2024\/01\/45778-1-1000x720.webp",1000,720,true],"newsup-featured":["https:\/\/imagazine.it\/wp-content\/uploads\/2024\/01\/45778-1.webp",1000,748,false],"newsup-medium":["https:\/\/imagazine.it\/wp-content\/uploads\/2024\/01\/45778-1-720x380.webp",720,380,true],"tptn_thumbnail":["https:\/\/imagazine.it\/wp-content\/uploads\/2024\/01\/45778-1.webp",250,187,false],"sow-carousel-default":["https:\/\/imagazine.it\/wp-content\/uploads\/2024\/01\/45778-1-272x182.webp",272,182,true]},"rttpg_author":{"display_name":"Livio Nonis","author_link":"https:\/\/imagazine.it\/home_desk\/author\/nonis\/"},"rttpg_comment":0,"rttpg_category":"<a href=\"https:\/\/imagazine.it\/home_desk\/category\/attualita\/\" rel=\"category tag\">ATTUALIT\u00c0<\/a>","rttpg_excerpt":"Nella Settimana per l'unit\u00e0 dei cristiani","_links":{"self":[{"href":"https:\/\/imagazine.it\/home_desk\/wp-json\/wp\/v2\/posts\/42760","targetHints":{"allow":["GET"]}}],"collection":[{"href":"https:\/\/imagazine.it\/home_desk\/wp-json\/wp\/v2\/posts"}],"about":[{"href":"https:\/\/imagazine.it\/home_desk\/wp-json\/wp\/v2\/types\/post"}],"author":[{"embeddable":true,"href":"https:\/\/imagazine.it\/home_desk\/wp-json\/wp\/v2\/users\/22"}],"replies":[{"embeddable":true,"href":"https:\/\/imagazine.it\/home_desk\/wp-json\/wp\/v2\/comments?post=42760"}],"version-history":[{"count":0,"href":"https:\/\/imagazine.it\/home_desk\/wp-json\/wp\/v2\/posts\/42760\/revisions"}],"wp:featuredmedia":[{"embeddable":true,"href":"https:\/\/imagazine.it\/home_desk\/wp-json\/wp\/v2\/media\/42761"}],"wp:attachment":[{"href":"https:\/\/imagazine.it\/home_desk\/wp-json\/wp\/v2\/media?parent=42760"}],"wp:term":[{"taxonomy":"category","embeddable":true,"href":"https:\/\/imagazine.it\/home_desk\/wp-json\/wp\/v2\/categories?post=42760"},{"taxonomy":"post_tag","embeddable":true,"href":"https:\/\/imagazine.it\/home_desk\/wp-json\/wp\/v2\/tags?post=42760"}],"curies":[{"name":"wp","href":"https:\/\/api.w.org\/{rel}","templated":true}]}}