{"id":42752,"date":"2022-01-21T00:00:00","date_gmt":"2022-01-20T23:00:00","guid":{"rendered":"https:\/\/imagazine.it\/?p=42752"},"modified":"2022-01-21T00:00:00","modified_gmt":"2022-01-20T23:00:00","slug":"cervignano-riparte-il-doposcuola-del-ricreatorio","status":"publish","type":"post","link":"https:\/\/imagazine.it\/home_desk\/cervignano-riparte-il-doposcuola-del-ricreatorio\/","title":{"rendered":"Cervignano, riparte il doposcuola del Ricreatorio"},"content":{"rendered":"<p> \tPartir\u00e0 il 25 gennaio presso il Ricreatorio San Michele, in via Mercato 1 a <strong>Cervignano del Friuli<\/strong>, il \u201cDoposcuola in Ricre \u2013 Facciamo i compiti assieme!\u201d, rivolto agli studenti delle scuole primarie e secondarie di primo grado, per aiutarli nello svolgimento dei compiti scolastici assieme a educatori preparati e competenti.<\/p>\n<p> \tGli scorsi anni avevano aderito a questo progetto una ventina di persone: si studier\u00e0 in aule sanificate, perci\u00f2 protette dalle insidie del covid-19.<\/p>\n<p> \tLe giornate indicate per il servizio sono <strong>marted\u00ec e gioved\u00ec dalle 15 alle 17<\/strong> (per entrambe le scuole). Per informazioni e iscrizioni ci si deve rivolgere alla segreteria in Ricreatorio il marted\u00ec e gioved\u00ec dalle 17 alle 18, oppure telefonare al 3403166940, o scrivere a <a href=\"mailto:rsmcervignano@gmail.com\">rsmcervignano@gmail.com<\/a>.<\/p>\n<p> \t<strong>Luned\u00ec 31 gennaio<\/strong> si ricorder\u00e0 invece San Giovanni Bosco, patrono degli oratori: una giornata importante per questo luogo d\u2019incontro dei giovani.<\/p>\n<p> \tPapa Francesco ha definito San Giovanni Bosco \u201cun prete che non se ne and\u00f2 a cercare i giovani in qualche posto lontano o speciale, ma impar\u00f2 a vedere tutto quello che accadeva nella citt\u00e0 con gli occhi di Dio\u201d.<\/p>\n<p> \tProprio in Ricreatorio il parroco <strong>don Sinuhe Marotta<\/strong> celebrer\u00e0 una messa, alle ore 18, con la presenza di tutte le associazioni che ruotano attorno alla struttura, per dare la giusta misura all\u2019impegno di tutti verso i giovani.<\/p>\n","protected":false},"excerpt":{"rendered":"<p>Dal 25 gennaio<\/p>\n","protected":false},"author":22,"featured_media":42753,"comment_status":"closed","ping_status":"closed","sticky":false,"template":"","format":"standard","meta":{"dwc-title":[],"dwc-content":[],"footnotes":""},"categories":[5],"tags":[],"class_list":["post-42752","post","type-post","status-publish","format-standard","has-post-thumbnail","hentry","category-attualita"],"rttpg_featured_image_url":{"full":["https:\/\/imagazine.it\/wp-content\/uploads\/2024\/01\/45763-1.webp",1280,853,false],"landscape":["https:\/\/imagazine.it\/wp-content\/uploads\/2024\/01\/45763-1.webp",1280,853,false],"portraits":["https:\/\/imagazine.it\/wp-content\/uploads\/2024\/01\/45763-1.webp",1280,853,false],"thumbnail":["https:\/\/imagazine.it\/wp-content\/uploads\/2024\/01\/45763-1-150x150.webp",150,150,true],"medium":["https:\/\/imagazine.it\/wp-content\/uploads\/2024\/01\/45763-1-300x200.webp",300,200,true],"large":["https:\/\/imagazine.it\/wp-content\/uploads\/2024\/01\/45763-1-1024x682.webp",640,426,true],"thumblist":["https:\/\/imagazine.it\/wp-content\/uploads\/2024\/01\/45763-1.webp",300,200,false],"thumbrelated":["https:\/\/imagazine.it\/wp-content\/uploads\/2024\/01\/45763-1.webp",500,333,false],"meccarouselthumb":["https:\/\/imagazine.it\/wp-content\/uploads\/2024\/01\/45763-1.webp",474,316,false],"gridsquare":["https:\/\/imagazine.it\/wp-content\/uploads\/2024\/01\/45763-1.webp",391,260,false],"tileview":["https:\/\/imagazine.it\/wp-content\/uploads\/2024\/01\/45763-1.webp",300,200,false],"1536x1536":["https:\/\/imagazine.it\/wp-content\/uploads\/2024\/01\/45763-1.webp",1280,853,false],"2048x2048":["https:\/\/imagazine.it\/wp-content\/uploads\/2024\/01\/45763-1.webp",1280,853,false],"newsup-slider-full":["https:\/\/imagazine.it\/wp-content\/uploads\/2024\/01\/45763-1-1280x720.webp",1280,720,true],"newsup-featured":["https:\/\/imagazine.it\/wp-content\/uploads\/2024\/01\/45763-1-1024x682.webp",1024,682,true],"newsup-medium":["https:\/\/imagazine.it\/wp-content\/uploads\/2024\/01\/45763-1-720x380.webp",720,380,true],"tptn_thumbnail":["https:\/\/imagazine.it\/wp-content\/uploads\/2024\/01\/45763-1.webp",250,167,false],"sow-carousel-default":["https:\/\/imagazine.it\/wp-content\/uploads\/2024\/01\/45763-1-272x182.webp",272,182,true]},"rttpg_author":{"display_name":"Livio Nonis","author_link":"https:\/\/imagazine.it\/home_desk\/author\/nonis\/"},"rttpg_comment":0,"rttpg_category":"<a href=\"https:\/\/imagazine.it\/home_desk\/category\/attualita\/\" rel=\"category tag\">ATTUALIT\u00c0<\/a>","rttpg_excerpt":"Dal 25 gennaio","_links":{"self":[{"href":"https:\/\/imagazine.it\/home_desk\/wp-json\/wp\/v2\/posts\/42752","targetHints":{"allow":["GET"]}}],"collection":[{"href":"https:\/\/imagazine.it\/home_desk\/wp-json\/wp\/v2\/posts"}],"about":[{"href":"https:\/\/imagazine.it\/home_desk\/wp-json\/wp\/v2\/types\/post"}],"author":[{"embeddable":true,"href":"https:\/\/imagazine.it\/home_desk\/wp-json\/wp\/v2\/users\/22"}],"replies":[{"embeddable":true,"href":"https:\/\/imagazine.it\/home_desk\/wp-json\/wp\/v2\/comments?post=42752"}],"version-history":[{"count":0,"href":"https:\/\/imagazine.it\/home_desk\/wp-json\/wp\/v2\/posts\/42752\/revisions"}],"wp:featuredmedia":[{"embeddable":true,"href":"https:\/\/imagazine.it\/home_desk\/wp-json\/wp\/v2\/media\/42753"}],"wp:attachment":[{"href":"https:\/\/imagazine.it\/home_desk\/wp-json\/wp\/v2\/media?parent=42752"}],"wp:term":[{"taxonomy":"category","embeddable":true,"href":"https:\/\/imagazine.it\/home_desk\/wp-json\/wp\/v2\/categories?post=42752"},{"taxonomy":"post_tag","embeddable":true,"href":"https:\/\/imagazine.it\/home_desk\/wp-json\/wp\/v2\/tags?post=42752"}],"curies":[{"name":"wp","href":"https:\/\/api.w.org\/{rel}","templated":true}]}}